{"id":89300,"date":"2025-07-28T19:09:48","date_gmt":"2025-07-28T22:09:48","guid":{"rendered":"https:\/\/abifer.org.br\/?p=89300"},"modified":"2025-07-28T19:09:48","modified_gmt":"2025-07-28T22:09:48","slug":"solucao-da-mobilidade-no-grande-recife-esta-nos-trilhos-e-custa-cerca-de-r-12-bilhoes-aponta-bndes","status":"publish","type":"post","link":"http:\/\/abifer.org.br\/en\/solucao-da-mobilidade-no-grande-recife-esta-nos-trilhos-e-custa-cerca-de-r-12-bilhoes-aponta-bndes\/","title":{"rendered":"Solu\u00e7\u00e3o da mobilidade no Grande Recife est\u00e1 nos trilhos e custa cerca de R$ 12 bilh\u00f5es, aponta BNDES"},"content":{"rendered":"<pre style=\"text-align: right;\"><a href=\"https:\/\/www.diariodepernambuco.com.br\/vida-urbana\/2025\/07\/7795281-solucao-da-mobilidade-no-grande-recife-esta-nos-trilhos-e-custa-cerca-de-rs-12-bilhoes-aponta-bndes.html\" target=\"_blank\" rel=\"noopener\"><strong><em>Fonte: Di\u00e1rio de Pernambuco\r\nData: 26\/07\/2025<\/em><\/strong><\/a><\/pre>\n<p>Estudo Nacional de Mobilidade Urbana, realizado pelo BNDES e Minist\u00e9rio das Cidades, indica o transporte sobre trilhos como sa\u00edda para o transporte p\u00fablico na Regi\u00e3o Metropolitana do Recife. Pelo alto custo, metr\u00f4 foi colocado em segundo plano, e avalia\u00e7\u00e3o de projetos ficou concentrado em VLTs, BRTs e monotrilhos.<\/p>\n<p>O futuro do sistema p\u00fablico de passageiros da Regi\u00e3o Metropolitana do Recife (RMR) est\u00e1 nos trilhos &#8211; metr\u00f4, VLT (Ve\u00edculo Leve sobre Trilhos) e monotrilhos &#8211; a um custo de cerca de R$ 12 bilh\u00f5es, dos quais R$ 10 bilh\u00f5es seriam destinados apenas \u00e0 expans\u00e3o da atual malha metrovi\u00e1ria com a cria\u00e7\u00e3o de cinco novas linhas. Isso, sem contar os cerca de R$ 1 bilh\u00e3o necess\u00e1rios para recuperar a atual malha.<\/p>\n<p class=\"texto\">Os dados fazem parte das etapas iniciais do Estudo Nacional de Mobilidade Urbana (<a href=\"https:\/\/www.bndes.gov.br\/wps\/portal\/site\/home\/conhecimento\/pesquisaedados\/estudos\/bndes-fep\/!ut\/p\/z1\/fY6xjoMwDIZ3noKFMXJaobt2RB2uqo6BDbJUBtziKyRAktM9_gGl7dbFv2X93yeDCsIwCCCfYlrW8UhQGn_5io6NxhZyKNTH-TP7OhyTePMt03QnMxlnaRLvZXzYwmkBX_xseE_kK7HWnwEF_wyDSkBVRjv6c5CXuiZ7Zm0dO18tH0WyMR1Fcuo0VHFH2plI9mQHzxZDCmusjY0kWeeXZXGIC_WPm9B4V4maRGdKbnliSPixRI1iJOtbN0tEj2PFyBb6myr-AUlFXcU!\/\">ENMU<\/a>), realizado pelo Banco Nacional de Desenvolvimento Econ\u00f4mico e Social (BNDES), em parceria com o Minist\u00e9rio das Cidades.<\/p>\n<p class=\"texto\">O alto custo do projeto, no entanto, termina colocando o Metr\u00f4 em segundo plano, concentrando os estudos mais avan\u00e7ados em solu\u00e7\u00f5es mais fact\u00edveis, como o VLT, os monotrilhos e o\u00a0<a href=\"https:\/\/www.google.com\/url?client=internal-element-cse&amp;cx=partner-pub-9820262637650134:u1e4hvd640i&amp;q=https:\/\/impresso.diariodepernambuco.com.br\/noticia\/cadernos\/vidaurbana\/2025\/01\/caxanga-mais-larga-e-novas-estacoes-de-brt.html&amp;sa=U&amp;ved=2ahUKEwiXspD9x9mOAxVRIrkGHShWN-wQFnoECAcQAg&amp;usg=AOvVaw1KcE-9MmR_clEJ_LoRl-Sn&amp;fexp=72986053,72986052\">BRT<\/a>. Ainda assim, os modais sobre trilhos s\u00e3o predominantes entre as solu\u00e7\u00f5es propostas pelo BNDES para a capital pernambucana e cidades vizinhas.<\/p>\n<p class=\"texto\">De acordo com a vers\u00e3o mais recente do estudo, o Boletim Informativo n\u00ba 4, o Recife tem potencial para mais do que dobrar sua rede de transporte p\u00fablico coletivo de m\u00e9dia capacidade (TPC-MAC) nas pr\u00f3ximas tr\u00eas d\u00e9cadas, acrescentando 81 quil\u00f4metros (km) \u00e0 sua rede atual, que conta com 68 km.<\/p>\n<p class=\"texto\">Ao todo, o levantamento se concentra em seis projetos de sistemas de BRT, VLT ou monotrilho que poderiam ser implementados nas pr\u00f3ximas d\u00e9cadas. As propostas foram selecionadas entre 15 solu\u00e7\u00f5es avaliadas na primeira etapa do estudo, tendo como base obras j\u00e1 cogitadas, em algum momento, para a RMR.<\/p>\n<p class=\"texto\">As interven\u00e7\u00f5es estudadas incluem as linhas Igarassu-Joana Bezerra e Oeste Derby-S\u00e3o Louren\u00e7o, de uma eventual expans\u00e3o do metr\u00f4, al\u00e9m do Corredor Norte-Sul (VLT), do Corredor BR-101 (VLT, BRT ou Metr\u00f4), do Corredor da Avenida Norte (VLT, BRT ou Metr\u00f4) e do Corredor da Avenida Agamenon Magalh\u00e3es (VLT, BRT ou Metr\u00f4). Os tr\u00eas \u00faltimos projetos teriam modais sobrepostos.<\/p>\n<p class=\"texto\">J\u00e1 a expans\u00e3o da rede de trens urbanos operados a diesel pela CBTU, a exemplo da linha Cabo &#8211; Suape (Trem); a extens\u00e3o da linha Sul de Cajueiro Seco a Suape (Metr\u00f4) e v\u00e1rias linhas de VLT (como Largo da Paz, Tancredo-Werneck, entre outras) foram descartadas por apresentarem demanda muito baixa.<\/p>\n<p class=\"texto\"><strong>Projetos<\/strong><\/p>\n<p class=\"texto\">O detalhamento de cada uma das seis interven\u00e7\u00f5es selecionadas ainda ser\u00e1 divulgado na pr\u00f3xima etapa do estudo, atualmente em elabora\u00e7\u00e3o, pelo Banco de Projetos. Nessa fase, prevista para durar at\u00e9 o fim do pr\u00f3ximo m\u00eas, cada proposta contar\u00e1 com informa\u00e7\u00f5es detalhadas sobre tra\u00e7ado, tecnologia, estimativas de investimentos, custos operacionais e benef\u00edcios esperados.<\/p>\n<div class=\"corpoNot w-full py-5 text-[14px] font-normal leading-normal tracking-normal text-black\">\n<p class=\"texto\">Dos 15 projetos iniciais avaliados, quatro s\u00e3o oriundos da Prefeitura do Recife (um VLT e tr\u00eas corredores exclusivos de \u00f4nibus), quatro do Governo de Pernambuco (dois BRTs, um VLT e um monotrilho) e sete (j\u00e1 excluindo o trem a diesel) do governo federal (expans\u00e3o do metr\u00f4).<\/p>\n<p class=\"texto\">As cinco novas linhas propostas para o Metr\u00f4 Recife teriam um custo aproximado de R$ 10 bilh\u00f5es, uma m\u00e9dia de R$ 2 bilh\u00f5es por projeto, enquanto, comparativamente, o VLT do Corredor Norte-Sul custaria R$ 698 milh\u00f5es. De todos projetos, apenas esse \u00faltimo tem estudo pr\u00e9vio de demanda realizado.<\/p>\n<p class=\"texto\"><strong>Resultados Esperados<\/strong><\/p>\n<div id=\"denakop-intext-3\" data-google-query-id=\"COnEruvH4I4DFShLuAQdpeQioQ\">\n<div id=\"google_ads_iframe_\/21715141650,1085900\/diariodepernambuco.com.br\/post_intext_3_0__container__\">Com a expans\u00e3o projetada, a malha de transporte coletivo do Grande Recife saltaria para 150 km at\u00e9 2054, representando um acr\u00e9scimo de 119% na infraestrutura existente, caso os investimentos necess\u00e1rios sejam viabilizados. Na pr\u00e1tica, isso significaria que o n\u00famero de pessoas atendidas diariamente por corredores de transporte mais eficientes poderia quase dobrar, passando de 462,3 mil para 838,8 mil usu\u00e1rios.<\/div>\n<\/div>\n<p class=\"texto\">O impacto dessa poss\u00edvel expans\u00e3o iria al\u00e9m dos n\u00fameros absolutos. O \u00edndice PNT (People Near Transit), que mensura o percentual da popula\u00e7\u00e3o que reside no raio de at\u00e9 1 km de esta\u00e7\u00f5es de sistemas de transporte p\u00fablico, a propor\u00e7\u00e3o de pessoas transportadas poderia passar dos atuais 21,8% da popula\u00e7\u00e3o para 45,9%, mais do que dobrando.<\/p>\n<p class=\"texto\">Em outras palavras, quase metade dos moradores da Regi\u00e3o Metropolitana do Recife teria acesso facilitado a um sistema de transporte coletivo eficiente, contra o pouco mais de um quinto, atualmente.<\/p>\n<div id=\"denakop-intext-4\" data-google-query-id=\"CMW38-zH4I4DFU5YuAQd7IgY_g\">\n<div id=\"google_ads_iframe_\/21715141650,1085900\/diariodepernambuco.com.br\/post_intext_4_0__container__\">&#8220;O investimento em corredores de transporte mais eficientes \u00e9 uma pol\u00edtica p\u00fablica necess\u00e1ria para ampliar o acesso a oportunidades e melhorar a qualidade de vida das pessoas, especialmente das popula\u00e7\u00f5es mais carentes&#8221;, afirmou o presidente do BNDES, Aloizio Mercadante, em nota enviada ao <strong>Diario<\/strong>.<\/div>\n<\/div>\n<p class=\"texto\">Segundo ele, al\u00e9m dos benef\u00edcios diretos para a mobilidade, a expans\u00e3o projetada para Recife poderia ter &#8220;efeitos tamb\u00e9m para redu\u00e7\u00e3o do n\u00famero de acidentes e das emiss\u00f5es de poluentes e gases do efeito estufa, al\u00e9m do melhor uso do espa\u00e7o p\u00fablico&#8221;.<\/p>\n<p class=\"texto\"><strong>Cen\u00e1rio Nacional<\/strong><\/p>\n<div id=\"denakop-intext-5\" data-google-query-id=\"CIGun-3H4I4DFQ5K3QIdlUkpPg\">\n<div id=\"google_ads_iframe_\/21715141650,1085900\/diariodepernambuco.com.br\/post_intext_5_0__container__\">A proje\u00e7\u00e3o para Recife faz parte de um estudo mais amplo que analisou as 21 maiores regi\u00f5es metropolitanas do pa\u00eds. No cen\u00e1rio nacional, o ENMU prev\u00ea uma poss\u00edvel expans\u00e3o de aproximadamente 2,5 mil quil\u00f4metros nas redes de transporte p\u00fablico coletivo de m\u00e9dia e alta capacidade at\u00e9 2054, incluindo novos trechos de metr\u00f4s, trens, VLTs, BRT e corredores exclusivos de \u00f4nibus, caso os projetos sejam implementados.<\/div>\n<\/div>\n<p class=\"texto\">Detalhando essa potencial expans\u00e3o, o estudo projeta mais 323 km de linhas de metr\u00f4, 96 km de trens urbanos, 1.930 km de sistemas de BRT, VLT ou monotrilho, al\u00e9m de 157 km de corredores de \u00f4nibus. Atualmente, as 21 regi\u00f5es metropolitanas pesquisadas, distribu\u00eddas nas cinco regi\u00f5es do pa\u00eds, somam 2.007 km de rede de transporte p\u00fablico.<\/p>\n<p class=\"texto\">\u201cEstamos fortalecendo o planejamento urbano com base em dados concretos, que nos permitem identificar prioridades e orientar a\u00e7\u00f5es de m\u00e9dio e longo prazo. Nosso foco, com a mobilidade urbana, \u00e9 tornar o transporte coletivo mais eficiente, din\u00e2mico e sustent\u00e1vel, assegurando qualidade de vida \u00e0 popula\u00e7\u00e3o. Reduzir o tempo de deslocamento, com conforto e seguran\u00e7a, transforma a forma como as pessoas vivem, acessam oportunidades e se relacionam com as cidades\u201d, destacou o ministro das Cidades, Jader Filho, tamb\u00e9m por meio de nota.<\/p>\n<div id=\"denakop-intext-6\" data-google-query-id=\"CM39k-7H4I4DFSKDYQYdnIQtAg\">\n<div id=\"google_ads_iframe_\/21715141650,1085900\/diariodepernambuco.com.br\/post_intext_6_0__container__\"><\/div>\n<\/div>\n<p class=\"texto\"><strong>Confira 15 projetos estudados\u00a0pelo BNDES:<\/strong><\/p>\n<p class=\"texto\"><strong>Prefeitura do Recife<\/strong><\/p>\n<p class=\"texto\">1. Corredor Norte-Sul<br \/>\nModal: VLT (Ve\u00edculo Leve sobre Trilhos)<br \/>\nExtens\u00e3o: 22,2 km<br \/>\nDemanda estimada: 176.000 passageiros\/dia<br \/>\nRespons\u00e1vel: Prefeitura do Recife<br \/>\nStatus: Estudo elaborado em 2022, com previs\u00e3o de implanta\u00e7\u00e3o para 2030<br \/>\nAbrang\u00eancia: Munic\u00edpio do Recife<\/p>\n<div id=\"denakop-intext-7\" data-google-query-id=\"CP38re7H4I4DFfpbuAQdYGsVOQ\">\n<div id=\"google_ads_iframe_\/21715141650,1085900\/diariodepernambuco.com.br\/post_intext_7_0__container__\"><\/div>\n<\/div>\n<p class=\"texto\">2. Arquiteto Luis Nunes<br \/>\nModal: Corredor Exclusivo de \u00d4nibus<br \/>\nExtens\u00e3o: 3,3 km<br \/>\nDemanda estimada: N\u00e3o dispon\u00edvel<br \/>\nRespons\u00e1vel: Prefeitura do Recife<br \/>\nStatus: Sem previs\u00e3o de implanta\u00e7\u00e3o definida<br \/>\nAbrang\u00eancia: Munic\u00edpio do Recife<\/p>\n<p class=\"texto\">3. Bin\u00e1rio Ant\u00f4nio Falc\u00e3o \/ F\u00e9lix de Brito<br \/>\nModal: Corredor Exclusivo de \u00d4nibus<br \/>\nExtens\u00e3o: 4,0 km<br \/>\nDemanda estimada: N\u00e3o dispon\u00edvel<br \/>\nRespons\u00e1vel: Prefeitura do Recife<br \/>\nStatus: Sem previs\u00e3o de implanta\u00e7\u00e3o definida<br \/>\nAbrang\u00eancia: Munic\u00edpio do Recife<\/p>\n<p class=\"texto\">4. Bin\u00e1rio Jean Emile Favre \/ Raimundo Diniz<br \/>\nModal: Corredor Exclusivo de \u00d4nibus<br \/>\nExtens\u00e3o: 3,6 km<br \/>\nDemanda estimada: N\u00e3o dispon\u00edvel<br \/>\nRespons\u00e1vel: Prefeitura do Recife<br \/>\nStatus: Sem previs\u00e3o de implanta\u00e7\u00e3o definida<br \/>\nAbrang\u00eancia: Munic\u00edpio do Recife<\/p>\n<div id=\"denakop-intext-8\" data-google-query-id=\"CNLgx-_H4I4DFWhc3QIdSRMyhw\">\n<div id=\"google_ads_iframe_\/21715141650,1085900\/diariodepernambuco.com.br\/post_intext_8_0__container__\"><\/div>\n<\/div>\n<p class=\"texto\"><strong>Governo de Pernambuco<\/strong><\/p>\n<p class=\"texto\">5. Corredor BR-101<br \/>\nModal: Inicialmente proposto como BRT (Bus Rapid Transit), mas a tecnologia pode ser reavaliada<br \/>\nExtens\u00e3o: 30,6 km<br \/>\nDemanda estimada: N\u00e3o dispon\u00edvel<br \/>\nRespons\u00e1vel: Estado de Pernambuco<br \/>\nStatus: Sem previs\u00e3o de implanta\u00e7\u00e3o definida<br \/>\nAbrang\u00eancia: Munic\u00edpios de Jaboat\u00e3o dos Guararapes, Recife e Paulista<\/p>\n<p class=\"texto\">6. Monotrilho Macaxeira-Pina<br \/>\nModal: Monotrilho<br \/>\nExtens\u00e3o: 17,5 km<br \/>\nDemanda estimada: N\u00e3o dispon\u00edvel<br \/>\nRespons\u00e1vel: Estado de Pernambuco<br \/>\nStatus: Estudo elaborado em 2015, sem previs\u00e3o de implanta\u00e7\u00e3o definida<br \/>\nAbrang\u00eancia: Munic\u00edpio do Recife<\/p>\n<div id=\"denakop-intext-9\" data-google-query-id=\"CJWi5e_H4I4DFatY3QId7wAkLQ\">\n<div id=\"google_ads_iframe_\/21715141650,1085900\/diariodepernambuco.com.br\/post_intext_9_0__container__\"><\/div>\n<\/div>\n<p class=\"texto\">7. Corredor Avenida Norte<br \/>\nModal: Inicialmente proposto como BRT (Bus Rapid Transit), mas a tecnologia pode ser reavaliada<br \/>\nExtens\u00e3o: 10,0 km<br \/>\nDemanda estimada: N\u00e3o dispon\u00edvel<br \/>\nRespons\u00e1vel: Estado de Pernambuco<br \/>\nStatus: Sem previs\u00e3o de implanta\u00e7\u00e3o definida<br \/>\nAbrang\u00eancia: Munic\u00edpio do Recife<\/p>\n<p class=\"texto\">8. Eixo Boa Viagem &#8211; Sul<br \/>\nModal: Inicialmente proposto como VLT (Ve\u00edculo Leve sobre Trilhos), mas a tecnologia pode ser reavaliada<br \/>\nExtens\u00e3o: 15,0 km<br \/>\nDemanda estimada: N\u00e3o dispon\u00edvel<br \/>\nRespons\u00e1vel: Estado de Pernambuco<br \/>\nStatus: Sem previs\u00e3o de implanta\u00e7\u00e3o definida<br \/>\nAbrang\u00eancia: Munic\u00edpio do Recife<\/p>\n<p class=\"texto\"><strong>Governo Federal (CBTU)<\/strong><\/p>\n<div id=\"denakop-intext-10\" data-google-query-id=\"CJuI1PDH4I4DFYBRuAQdsOsu-w\">\n<div id=\"google_ads_iframe_\/21715141650,1085900\/diariodepernambuco.com.br\/post_intext_10_0__container__\"><\/div>\n<\/div>\n<p class=\"texto\">9.\u00a0Linha Cabo &#8211; Suape<br \/>\nModal: Trem Urbano<br \/>\nExtens\u00e3o: 12,0 km<br \/>\nN\u00famero de esta\u00e7\u00f5es: 5<br \/>\nCusto estimado: R$ 533 milh\u00f5es<br \/>\nRespons\u00e1vel: CBTU (Companhia Brasileira de Trens Urbanos)<br \/>\nStatus: Estudo elaborado em 2017, sem previs\u00e3o de implanta\u00e7\u00e3o definida<br \/>\nAbrang\u00eancia: Munic\u00edpios de Cabo de Santo Agostinho e Ipojuca<\/p>\n<p class=\"texto\">10. Linha Cajueiro &#8211; Macaxeira<br \/>\nModal: Metr\u00f4<br \/>\nExtens\u00e3o: 19,8 km<br \/>\nN\u00famero de esta\u00e7\u00f5es: 13<br \/>\nCusto estimado: R$ 3,5 Bilh\u00f5es<br \/>\nRespons\u00e1vel: CBTU<br \/>\nStatus: Estudo elaborado em 2017, sem previs\u00e3o de implanta\u00e7\u00e3o definida<br \/>\nAbrang\u00eancia: Munic\u00edpios de Jaboat\u00e3o dos Guararapes, Olinda e Recife<\/p>\n<p class=\"texto\">11. Linha Igarassu &#8211; Joana Bezerra<br \/>\nModal: Metr\u00f4<br \/>\nExtens\u00e3o: N\u00e3o especificada no documento extra\u00eddo<br \/>\nRespons\u00e1vel: CBTU<br \/>\nStatus: Sem previs\u00e3o de implanta\u00e7\u00e3o definida<br \/>\nAbrang\u00eancia: Regi\u00e3o Metropolitana do Recife<\/p>\n<div id=\"denakop-intext-11\" data-google-query-id=\"CPbPqfHH4I4DFWYmuQYdFR0asA\">\n<div id=\"google_ads_iframe_\/21715141650,1085900\/diariodepernambuco.com.br\/post_intext_11_0__container__\"><\/div>\n<\/div>\n<p class=\"texto\">12. Linha Largo da Paz &#8211; Forte do Brum<br \/>\nModal: VLT (Ve\u00edculo Leve sobre Trilhos)<br \/>\nExtens\u00e3o: 5,0 km<br \/>\nN\u00famero de esta\u00e7\u00f5es: 8<br \/>\nCusto estimado: R$ 330 milh\u00f5es<br \/>\nRespons\u00e1vel: CBTU<br \/>\nStatus: Estudo elaborado em 2017, sem previs\u00e3o de implanta\u00e7\u00e3o definida<br \/>\nAbrang\u00eancia: Munic\u00edpio do Recife<\/p>\n<p class=\"texto\">13. Linha Cajueiro &#8211; Suape<br \/>\nModal: Metr\u00f4<br \/>\nExtens\u00e3o: 16,0 km<br \/>\nN\u00famero de esta\u00e7\u00f5es: 11<br \/>\nRespons\u00e1vel: CBTU<br \/>\nStatus: Sem previs\u00e3o de implanta\u00e7\u00e3o definida<br \/>\nAbrang\u00eancia: Munic\u00edpios de Cabo de Santo Agostinho e Ipojuca<\/p>\n<p class=\"texto\">14. Linha Oeste Derby &#8211; S\u00e3o Louren\u00e7o<br \/>\nModal: Metr\u00f4<br \/>\nExtens\u00e3o: 18,0 km<br \/>\nN\u00famero de esta\u00e7\u00f5es: 15<br \/>\nCusto estimado: R$ 2,2 bilh\u00f5es<br \/>\nRespons\u00e1vel: CBTU<br \/>\nStatus: Estudo elaborado em 2017, sem previs\u00e3o de implanta\u00e7\u00e3o definida<br \/>\nAbrang\u00eancia: Munic\u00edpios de S\u00e3o Louren\u00e7o da Mata, Camaragibe e Recife<\/p>\n<div id=\"denakop-intext-12\" data-google-query-id=\"CIT78PHH4I4DFaFU3QIdyFgnPw\">\n<div id=\"google_ads_iframe_\/21715141650,1085900\/diariodepernambuco.com.br\/post_intext_12_0__container__\">15. Linha Noroeste Macaxeira &#8211; Cruz Cabug\u00e1<\/div>\n<\/div>\n<p class=\"texto\">Modal: Metr\u00f4<br \/>\nExtens\u00e3o: 8,0 km<br \/>\nN\u00famero de esta\u00e7\u00f5es: 10<br \/>\nRespons\u00e1vel: CBTU<br \/>\nStatus: Sem previs\u00e3o de implanta\u00e7\u00e3o definida<br \/>\nAbrang\u00eancia: Munic\u00edpio do Recife<\/p>\n<\/div>\n<div id=\"denakop-intext-1\" data-google-query-id=\"CMjw7Z3H4I4DFXA9uQYdwI0krQ\">\n<div id=\"google_ads_iframe_\/21715141650,1085900\/diariodepernambuco.com.br\/post_intext_1_0__container__\"><\/div>\n<\/div>\n","protected":false},"excerpt":{"rendered":"<p>Fonte: Di\u00e1rio de Pernambuco Data: 26\/07\/2025 Estudo Nacional de Mobilidade Urbana, realizado pelo BNDES e Minist\u00e9rio das Cidades, indica o transporte sobre trilhos como sa\u00edda para o transporte p\u00fablico na Regi\u00e3o Metropolitana do Recife. Pelo alto custo, metr\u00f4 foi colocado em segundo plano, e avalia\u00e7\u00e3o de projetos ficou concentrado em VLTs, BRTs e monotrilhos. O [&hellip;]<\/p>\n","protected":false},"author":55,"featured_media":86618,"comment_status":"closed","ping_status":"closed","sticky":false,"template":"","format":"standard","meta":{"footnotes":""},"categories":[875],"tags":[],"class_list":["post-89300","post","type-post","status-publish","format-standard","has-post-thumbnail","hentry","category-noticias-do-mercado"],"acf":[],"yoast_head":"<!-- This site is optimized with the Yoast SEO plugin v18.2 - https:\/\/yoast.com\/wordpress\/plugins\/seo\/ -->\n<title>Solu\u00e7\u00e3o da mobilidade no Grande Recife est\u00e1 nos trilhos e custa cerca de R$ 12 bilh\u00f5es, aponta BNDES<\/title>\n<meta name=\"robots\" content=\"index, follow, max-snippet:-1, max-image-preview:large, max-video-preview:-1\" \/>\n<link rel=\"canonical\" href=\"http:\/\/abifer.org.br\/solucao-da-mobilidade-no-grande-recife-esta-nos-trilhos-e-custa-cerca-de-r-12-bilhoes-aponta-bndes\/\" \/>\n<meta property=\"og:locale\" content=\"pt_BR\" \/>\n<meta property=\"og:type\" content=\"article\" \/>\n<meta property=\"og:title\" content=\"Solu\u00e7\u00e3o da mobilidade no Grande Recife est\u00e1 nos trilhos e custa cerca de R$ 12 bilh\u00f5es, aponta BNDES\" \/>\n<meta property=\"og:description\" content=\"Fonte: Di\u00e1rio de Pernambuco Data: 26\/07\/2025 Estudo Nacional de Mobilidade Urbana, realizado pelo BNDES e Minist\u00e9rio das Cidades, indica o transporte sobre trilhos como sa\u00edda para o transporte p\u00fablico na Regi\u00e3o Metropolitana do Recife. Pelo alto custo, metr\u00f4 foi colocado em segundo plano, e avalia\u00e7\u00e3o de projetos ficou concentrado em VLTs, BRTs e monotrilhos. O [&hellip;]\" \/>\n<meta property=\"og:url\" content=\"http:\/\/abifer.org.br\/en\/solucao-da-mobilidade-no-grande-recife-esta-nos-trilhos-e-custa-cerca-de-r-12-bilhoes-aponta-bndes\/\" \/>\n<meta property=\"og:site_name\" content=\"ABIFER\" \/>\n<meta property=\"article:publisher\" content=\"https:\/\/www.facebook.com\/abiferoficial\/\" \/>\n<meta property=\"article:published_time\" content=\"2025-07-28T22:09:48+00:00\" \/>\n<meta property=\"og:image\" content=\"http:\/\/abifer.org.br\/wp-content\/uploads\/2025\/02\/mais-trilhos-brasil-logo-1.jpeg\" \/>\n\t<meta property=\"og:image:width\" content=\"1024\" \/>\n\t<meta property=\"og:image:height\" content=\"1024\" \/>\n\t<meta property=\"og:image:type\" content=\"image\/jpeg\" \/>\n<meta name=\"twitter:card\" content=\"summary_large_image\" \/>\n<meta name=\"twitter:creator\" content=\"@abiferoficial\" \/>\n<meta name=\"twitter:site\" content=\"@abiferoficial\" \/>\n<meta name=\"twitter:label1\" content=\"Escrito por\" \/>\n\t<meta name=\"twitter:data1\" content=\"ABIFER\" \/>\n\t<meta name=\"twitter:label2\" content=\"Est. tempo de leitura\" \/>\n\t<meta name=\"twitter:data2\" content=\"9 minutos\" \/>\n<script type=\"application\/ld+json\" class=\"yoast-schema-graph\">{\"@context\":\"https:\/\/schema.org\",\"@graph\":[{\"@type\":\"Organization\",\"@id\":\"http:\/\/abifer.org.br\/#organization\",\"name\":\"ABIFER\",\"url\":\"http:\/\/abifer.org.br\/\",\"sameAs\":[\"https:\/\/www.facebook.com\/abiferoficial\/\",\"https:\/\/www.linkedin.com\/company\/abiferoficial\/\",\"https:\/\/twitter.com\/abiferoficial\"],\"logo\":{\"@type\":\"ImageObject\",\"@id\":\"http:\/\/abifer.org.br\/#logo\",\"inLanguage\":\"pt-BR\",\"url\":\"https:\/\/abifer.org.br\/wp-content\/uploads\/2018\/05\/ABF_001_LogoSlogan.jpg\",\"contentUrl\":\"https:\/\/abifer.org.br\/wp-content\/uploads\/2018\/05\/ABF_001_LogoSlogan.jpg\",\"width\":1182,\"height\":486,\"caption\":\"ABIFER\"},\"image\":{\"@id\":\"http:\/\/abifer.org.br\/#logo\"}},{\"@type\":\"WebSite\",\"@id\":\"http:\/\/abifer.org.br\/#website\",\"url\":\"http:\/\/abifer.org.br\/\",\"name\":\"ABIFER\",\"description\":\"Associa\u00e7\u00e3o Brasileira da Ind\u00fastria Ferrovi\u00e1ria\",\"publisher\":{\"@id\":\"http:\/\/abifer.org.br\/#organization\"},\"potentialAction\":[{\"@type\":\"SearchAction\",\"target\":{\"@type\":\"EntryPoint\",\"urlTemplate\":\"http:\/\/abifer.org.br\/?s={search_term_string}\"},\"query-input\":\"required name=search_term_string\"}],\"inLanguage\":\"pt-BR\"},{\"@type\":\"ImageObject\",\"@id\":\"http:\/\/abifer.org.br\/en\/solucao-da-mobilidade-no-grande-recife-esta-nos-trilhos-e-custa-cerca-de-r-12-bilhoes-aponta-bndes\/#primaryimage\",\"inLanguage\":\"pt-BR\",\"url\":\"http:\/\/abifer.org.br\/wp-content\/uploads\/2025\/02\/mais-trilhos-brasil-logo-1.jpeg\",\"contentUrl\":\"http:\/\/abifer.org.br\/wp-content\/uploads\/2025\/02\/mais-trilhos-brasil-logo-1.jpeg\",\"width\":1024,\"height\":1024},{\"@type\":\"WebPage\",\"@id\":\"http:\/\/abifer.org.br\/en\/solucao-da-mobilidade-no-grande-recife-esta-nos-trilhos-e-custa-cerca-de-r-12-bilhoes-aponta-bndes\/#webpage\",\"url\":\"http:\/\/abifer.org.br\/en\/solucao-da-mobilidade-no-grande-recife-esta-nos-trilhos-e-custa-cerca-de-r-12-bilhoes-aponta-bndes\/\",\"name\":\"Solu\u00e7\u00e3o da mobilidade no Grande Recife est\u00e1 nos trilhos e custa cerca de R$ 12 bilh\u00f5es, aponta BNDES\",\"isPartOf\":{\"@id\":\"http:\/\/abifer.org.br\/#website\"},\"primaryImageOfPage\":{\"@id\":\"http:\/\/abifer.org.br\/en\/solucao-da-mobilidade-no-grande-recife-esta-nos-trilhos-e-custa-cerca-de-r-12-bilhoes-aponta-bndes\/#primaryimage\"},\"datePublished\":\"2025-07-28T22:09:48+00:00\",\"dateModified\":\"2025-07-28T22:09:48+00:00\",\"breadcrumb\":{\"@id\":\"http:\/\/abifer.org.br\/en\/solucao-da-mobilidade-no-grande-recife-esta-nos-trilhos-e-custa-cerca-de-r-12-bilhoes-aponta-bndes\/#breadcrumb\"},\"inLanguage\":\"pt-BR\",\"potentialAction\":[{\"@type\":\"ReadAction\",\"target\":[\"http:\/\/abifer.org.br\/en\/solucao-da-mobilidade-no-grande-recife-esta-nos-trilhos-e-custa-cerca-de-r-12-bilhoes-aponta-bndes\/\"]}]},{\"@type\":\"BreadcrumbList\",\"@id\":\"http:\/\/abifer.org.br\/en\/solucao-da-mobilidade-no-grande-recife-esta-nos-trilhos-e-custa-cerca-de-r-12-bilhoes-aponta-bndes\/#breadcrumb\",\"itemListElement\":[{\"@type\":\"ListItem\",\"position\":1,\"name\":\"In\u00edcio\",\"item\":\"http:\/\/abifer.org.br\/\"},{\"@type\":\"ListItem\",\"position\":2,\"name\":\"Solu\u00e7\u00e3o da mobilidade no Grande Recife est\u00e1 nos trilhos e custa cerca de R$ 12 bilh\u00f5es, aponta BNDES\"}]},{\"@type\":\"Article\",\"@id\":\"http:\/\/abifer.org.br\/en\/solucao-da-mobilidade-no-grande-recife-esta-nos-trilhos-e-custa-cerca-de-r-12-bilhoes-aponta-bndes\/#article\",\"isPartOf\":{\"@id\":\"http:\/\/abifer.org.br\/en\/solucao-da-mobilidade-no-grande-recife-esta-nos-trilhos-e-custa-cerca-de-r-12-bilhoes-aponta-bndes\/#webpage\"},\"author\":{\"@id\":\"http:\/\/abifer.org.br\/#\/schema\/person\/90c38c3286f60a11b363834930f79a1f\"},\"headline\":\"Solu\u00e7\u00e3o da mobilidade no Grande Recife est\u00e1 nos trilhos e custa cerca de R$ 12 bilh\u00f5es, aponta BNDES\",\"datePublished\":\"2025-07-28T22:09:48+00:00\",\"dateModified\":\"2025-07-28T22:09:48+00:00\",\"mainEntityOfPage\":{\"@id\":\"http:\/\/abifer.org.br\/en\/solucao-da-mobilidade-no-grande-recife-esta-nos-trilhos-e-custa-cerca-de-r-12-bilhoes-aponta-bndes\/#webpage\"},\"wordCount\":1737,\"publisher\":{\"@id\":\"http:\/\/abifer.org.br\/#organization\"},\"image\":{\"@id\":\"http:\/\/abifer.org.br\/en\/solucao-da-mobilidade-no-grande-recife-esta-nos-trilhos-e-custa-cerca-de-r-12-bilhoes-aponta-bndes\/#primaryimage\"},\"thumbnailUrl\":\"http:\/\/abifer.org.br\/wp-content\/uploads\/2025\/02\/mais-trilhos-brasil-logo-1.jpeg\",\"articleSection\":[\"Not\u00edcias do Mercado\"],\"inLanguage\":\"pt-BR\"},{\"@type\":\"Person\",\"@id\":\"http:\/\/abifer.org.br\/#\/schema\/person\/90c38c3286f60a11b363834930f79a1f\",\"name\":\"ABIFER\",\"url\":\"http:\/\/abifer.org.br\/author\/abifer\/\"}]}<\/script>\n<!-- \/ Yoast SEO plugin. -->","yoast_head_json":{"title":"Solu\u00e7\u00e3o da mobilidade no Grande Recife est\u00e1 nos trilhos e custa cerca de R$ 12 bilh\u00f5es, aponta BNDES","robots":{"index":"index","follow":"follow","max-snippet":"max-snippet:-1","max-image-preview":"max-image-preview:large","max-video-preview":"max-video-preview:-1"},"canonical":"http:\/\/abifer.org.br\/solucao-da-mobilidade-no-grande-recife-esta-nos-trilhos-e-custa-cerca-de-r-12-bilhoes-aponta-bndes\/","og_locale":"pt_BR","og_type":"article","og_title":"Solu\u00e7\u00e3o da mobilidade no Grande Recife est\u00e1 nos trilhos e custa cerca de R$ 12 bilh\u00f5es, aponta BNDES","og_description":"Fonte: Di\u00e1rio de Pernambuco Data: 26\/07\/2025 Estudo Nacional de Mobilidade Urbana, realizado pelo BNDES e Minist\u00e9rio das Cidades, indica o transporte sobre trilhos como sa\u00edda para o transporte p\u00fablico na Regi\u00e3o Metropolitana do Recife. Pelo alto custo, metr\u00f4 foi colocado em segundo plano, e avalia\u00e7\u00e3o de projetos ficou concentrado em VLTs, BRTs e monotrilhos. O [&hellip;]","og_url":"http:\/\/abifer.org.br\/en\/solucao-da-mobilidade-no-grande-recife-esta-nos-trilhos-e-custa-cerca-de-r-12-bilhoes-aponta-bndes\/","og_site_name":"ABIFER","article_publisher":"https:\/\/www.facebook.com\/abiferoficial\/","article_published_time":"2025-07-28T22:09:48+00:00","og_image":[{"width":1024,"height":1024,"url":"http:\/\/abifer.org.br\/wp-content\/uploads\/2025\/02\/mais-trilhos-brasil-logo-1.jpeg","type":"image\/jpeg"}],"twitter_card":"summary_large_image","twitter_creator":"@abiferoficial","twitter_site":"@abiferoficial","twitter_misc":{"Escrito por":"ABIFER","Est. tempo de leitura":"9 minutos"},"schema":{"@context":"https:\/\/schema.org","@graph":[{"@type":"Organization","@id":"http:\/\/abifer.org.br\/#organization","name":"ABIFER","url":"http:\/\/abifer.org.br\/","sameAs":["https:\/\/www.facebook.com\/abiferoficial\/","https:\/\/www.linkedin.com\/company\/abiferoficial\/","https:\/\/twitter.com\/abiferoficial"],"logo":{"@type":"ImageObject","@id":"http:\/\/abifer.org.br\/#logo","inLanguage":"pt-BR","url":"https:\/\/abifer.org.br\/wp-content\/uploads\/2018\/05\/ABF_001_LogoSlogan.jpg","contentUrl":"https:\/\/abifer.org.br\/wp-content\/uploads\/2018\/05\/ABF_001_LogoSlogan.jpg","width":1182,"height":486,"caption":"ABIFER"},"image":{"@id":"http:\/\/abifer.org.br\/#logo"}},{"@type":"WebSite","@id":"http:\/\/abifer.org.br\/#website","url":"http:\/\/abifer.org.br\/","name":"ABIFER","description":"Associa\u00e7\u00e3o Brasileira da Ind\u00fastria Ferrovi\u00e1ria","publisher":{"@id":"http:\/\/abifer.org.br\/#organization"},"potentialAction":[{"@type":"SearchAction","target":{"@type":"EntryPoint","urlTemplate":"http:\/\/abifer.org.br\/?s={search_term_string}"},"query-input":"required name=search_term_string"}],"inLanguage":"pt-BR"},{"@type":"ImageObject","@id":"http:\/\/abifer.org.br\/en\/solucao-da-mobilidade-no-grande-recife-esta-nos-trilhos-e-custa-cerca-de-r-12-bilhoes-aponta-bndes\/#primaryimage","inLanguage":"pt-BR","url":"http:\/\/abifer.org.br\/wp-content\/uploads\/2025\/02\/mais-trilhos-brasil-logo-1.jpeg","contentUrl":"http:\/\/abifer.org.br\/wp-content\/uploads\/2025\/02\/mais-trilhos-brasil-logo-1.jpeg","width":1024,"height":1024},{"@type":"WebPage","@id":"http:\/\/abifer.org.br\/en\/solucao-da-mobilidade-no-grande-recife-esta-nos-trilhos-e-custa-cerca-de-r-12-bilhoes-aponta-bndes\/#webpage","url":"http:\/\/abifer.org.br\/en\/solucao-da-mobilidade-no-grande-recife-esta-nos-trilhos-e-custa-cerca-de-r-12-bilhoes-aponta-bndes\/","name":"Solu\u00e7\u00e3o da mobilidade no Grande Recife est\u00e1 nos trilhos e custa cerca de R$ 12 bilh\u00f5es, aponta BNDES","isPartOf":{"@id":"http:\/\/abifer.org.br\/#website"},"primaryImageOfPage":{"@id":"http:\/\/abifer.org.br\/en\/solucao-da-mobilidade-no-grande-recife-esta-nos-trilhos-e-custa-cerca-de-r-12-bilhoes-aponta-bndes\/#primaryimage"},"datePublished":"2025-07-28T22:09:48+00:00","dateModified":"2025-07-28T22:09:48+00:00","breadcrumb":{"@id":"http:\/\/abifer.org.br\/en\/solucao-da-mobilidade-no-grande-recife-esta-nos-trilhos-e-custa-cerca-de-r-12-bilhoes-aponta-bndes\/#breadcrumb"},"inLanguage":"pt-BR","potentialAction":[{"@type":"ReadAction","target":["http:\/\/abifer.org.br\/en\/solucao-da-mobilidade-no-grande-recife-esta-nos-trilhos-e-custa-cerca-de-r-12-bilhoes-aponta-bndes\/"]}]},{"@type":"BreadcrumbList","@id":"http:\/\/abifer.org.br\/en\/solucao-da-mobilidade-no-grande-recife-esta-nos-trilhos-e-custa-cerca-de-r-12-bilhoes-aponta-bndes\/#breadcrumb","itemListElement":[{"@type":"ListItem","position":1,"name":"In\u00edcio","item":"http:\/\/abifer.org.br\/"},{"@type":"ListItem","position":2,"name":"Solu\u00e7\u00e3o da mobilidade no Grande Recife est\u00e1 nos trilhos e custa cerca de R$ 12 bilh\u00f5es, aponta BNDES"}]},{"@type":"Article","@id":"http:\/\/abifer.org.br\/en\/solucao-da-mobilidade-no-grande-recife-esta-nos-trilhos-e-custa-cerca-de-r-12-bilhoes-aponta-bndes\/#article","isPartOf":{"@id":"http:\/\/abifer.org.br\/en\/solucao-da-mobilidade-no-grande-recife-esta-nos-trilhos-e-custa-cerca-de-r-12-bilhoes-aponta-bndes\/#webpage"},"author":{"@id":"http:\/\/abifer.org.br\/#\/schema\/person\/90c38c3286f60a11b363834930f79a1f"},"headline":"Solu\u00e7\u00e3o da mobilidade no Grande Recife est\u00e1 nos trilhos e custa cerca de R$ 12 bilh\u00f5es, aponta BNDES","datePublished":"2025-07-28T22:09:48+00:00","dateModified":"2025-07-28T22:09:48+00:00","mainEntityOfPage":{"@id":"http:\/\/abifer.org.br\/en\/solucao-da-mobilidade-no-grande-recife-esta-nos-trilhos-e-custa-cerca-de-r-12-bilhoes-aponta-bndes\/#webpage"},"wordCount":1737,"publisher":{"@id":"http:\/\/abifer.org.br\/#organization"},"image":{"@id":"http:\/\/abifer.org.br\/en\/solucao-da-mobilidade-no-grande-recife-esta-nos-trilhos-e-custa-cerca-de-r-12-bilhoes-aponta-bndes\/#primaryimage"},"thumbnailUrl":"http:\/\/abifer.org.br\/wp-content\/uploads\/2025\/02\/mais-trilhos-brasil-logo-1.jpeg","articleSection":["Not\u00edcias do Mercado"],"inLanguage":"pt-BR"},{"@type":"Person","@id":"http:\/\/abifer.org.br\/#\/schema\/person\/90c38c3286f60a11b363834930f79a1f","name":"ABIFER","url":"http:\/\/abifer.org.br\/author\/abifer\/"}]}},"_links":{"self":[{"href":"http:\/\/abifer.org.br\/en\/wp-json\/wp\/v2\/posts\/89300\/"}],"collection":[{"href":"http:\/\/abifer.org.br\/en\/wp-json\/wp\/v2\/posts\/"}],"about":[{"href":"http:\/\/abifer.org.br\/en\/wp-json\/wp\/v2\/types\/post\/"}],"author":[{"embeddable":true,"href":"http:\/\/abifer.org.br\/en\/wp-json\/wp\/v2\/users\/55\/"}],"replies":[{"embeddable":true,"href":"http:\/\/abifer.org.br\/en\/wp-json\/wp\/v2\/comments\/?post=89300"}],"version-history":[{"count":1,"href":"http:\/\/abifer.org.br\/en\/wp-json\/wp\/v2\/posts\/89300\/revisions\/"}],"predecessor-version":[{"id":89301,"href":"http:\/\/abifer.org.br\/en\/wp-json\/wp\/v2\/posts\/89300\/revisions\/89301\/"}],"wp:featuredmedia":[{"embeddable":true,"href":"http:\/\/abifer.org.br\/en\/wp-json\/wp\/v2\/media\/86618\/"}],"wp:attachment":[{"href":"http:\/\/abifer.org.br\/en\/wp-json\/wp\/v2\/media\/?parent=89300"}],"wp:term":[{"taxonomy":"category","embeddable":true,"href":"http:\/\/abifer.org.br\/en\/wp-json\/wp\/v2\/categories\/?post=89300"},{"taxonomy":"post_tag","embeddable":true,"href":"http:\/\/abifer.org.br\/en\/wp-json\/wp\/v2\/tags\/?post=89300"}],"curies":[{"name":"wp","href":"https:\/\/api.w.org\/{rel}","templated":true}]}}