{"id":93561,"date":"2026-04-27T09:08:40","date_gmt":"2026-04-27T12:08:40","guid":{"rendered":"https:\/\/abifer.org.br\/?p=93561"},"modified":"2026-04-27T09:08:40","modified_gmt":"2026-04-27T12:08:40","slug":"nova-megaferrovia-de-r-5-bilhoes-tem-73-das-obras-concluidas-e-vai-comecar-a-operar-ainda-em-2026","status":"publish","type":"post","link":"http:\/\/abifer.org.br\/en\/nova-megaferrovia-de-r-5-bilhoes-tem-73-das-obras-concluidas-e-vai-comecar-a-operar-ainda-em-2026\/","title":{"rendered":"Nova megaferrovia de R$ 5 bilh\u00f5es tem 73% das obras conclu\u00eddas e vai come\u00e7ar a operar ainda em 2026"},"content":{"rendered":"<pre style=\"text-align: right;\"><a href=\"https:\/\/correiodoestado.com.br\/mix\/nova-megaferrovia-de-r-5-bilhoes-tem-73-das-obras-concluidas-e-vai-comecar-a-operar-ainda-em-2026\/\" target=\"_blank\" rel=\"noopener\"><strong><em>Fonte: Correio do Estado\r\nData: 25\/04\/2026<\/em><\/strong><\/a><\/pre>\n<p>A constru\u00e7\u00e3o da Ferrovia de Mato Grosso (FMT), considerada a maior obra ferrovi\u00e1ria em andamento no pa\u00eds, alcan\u00e7ou 73% de execu\u00e7\u00e3o f\u00edsica e segue em ritmo acelerado, com avan\u00e7o m\u00e9dio de cerca de 1 km de trilhos por dia. O projeto, conduzido pela empresa Rumo Log\u00edstica, \u00e9 visto como pe\u00e7a-chave para modernizar a log\u00edstica de escoamento da produ\u00e7\u00e3o agr\u00edcola na regi\u00e3o Centro-Oeste do Brasil.<\/p>\n<p>Com 743 km de extens\u00e3o planejados, a ferrovia envolve investimentos na ordem de R$ 5 bilh\u00f5es e deve iniciar a opera\u00e7\u00e3o parcial entre julho e setembro de 2026, com um primeiro trecho de 162 km inaugurado. A obra surge como uma alternativa estrat\u00e9gica para reduzir a forte depend\u00eancia do transporte rodovi\u00e1rio em uma das regi\u00f5es mais produtivas do agroneg\u00f3cio nacional.<\/p>\n<p>O tra\u00e7ado parte do munic\u00edpio de Rondon\u00f3polis e avan\u00e7a em dire\u00e7\u00e3o \u00e0 BR-070, cruzando \u00e1reas de intensa produ\u00e7\u00e3o agr\u00edcola. A proposta \u00e9 conectar diretamente essas regi\u00f5es aos principais corredores de exporta\u00e7\u00e3o, com acesso facilitado a portos como Porto de Santos e Porto de Paranagu\u00e1, al\u00e9m das estruturas do Arco Norte.<\/p>\n<p><strong>Nova ferrovia do Brasil recebe bilh\u00f5es em investimentos<\/strong><\/p>\n<p>A expectativa \u00e9 reduzir custos log\u00edsticos em um cen\u00e1rio onde cerca de 60% do transporte ainda ocorre com o uso de caminh\u00f5es. Em \u00e1reas pr\u00f3ximas a Ga\u00facha do Norte, por exemplo, a produ\u00e7\u00e3o conjunta de munic\u00edpios vizinhos chega a aproximadamente 5 milh\u00f5es de toneladas de gr\u00e3os por ano, atualmente dependentes exclusivamente das rodovias.<\/p>\n<p>Para viabilizar o projeto, o Banco Nacional de Desenvolvimento Econ\u00f4mico e Social (BNDES) aprovou um financiamento de R$ 2 bilh\u00f5es para o primeiro trecho. A Rumo Log\u00edstica projeta novos aportes ao longo de 2026, podendo alcan\u00e7ar at\u00e9 R$ 6,1 bilh\u00f5es em investimentos totais, consolidando a ferrovia como o principal eixo de expans\u00e3o da companhia e um vetor relevante para a competitividade do agroneg\u00f3cio brasileiro.<\/p>\n","protected":false},"excerpt":{"rendered":"<p>Fonte: Correio do Estado Data: 25\/04\/2026 A constru\u00e7\u00e3o da Ferrovia de Mato Grosso (FMT), considerada a maior obra ferrovi\u00e1ria em andamento no pa\u00eds, alcan\u00e7ou 73% de execu\u00e7\u00e3o f\u00edsica e segue em ritmo acelerado, com avan\u00e7o m\u00e9dio de cerca de 1 km de trilhos por dia. O projeto, conduzido pela empresa Rumo Log\u00edstica, \u00e9 visto como [&hellip;]<\/p>\n","protected":false},"author":55,"featured_media":92535,"comment_status":"closed","ping_status":"closed","sticky":false,"template":"","format":"standard","meta":{"footnotes":""},"categories":[875],"tags":[],"class_list":["post-93561","post","type-post","status-publish","format-standard","has-post-thumbnail","hentry","category-noticias-do-mercado"],"acf":[],"yoast_head":"<!-- This site is optimized with the Yoast SEO plugin v18.2 - https:\/\/yoast.com\/wordpress\/plugins\/seo\/ -->\n<title>Nova megaferrovia de R$ 5 bilh\u00f5es tem 73% das obras conclu\u00eddas e vai come\u00e7ar a operar ainda em 2026<\/title>\n<meta name=\"robots\" content=\"index, follow, max-snippet:-1, max-image-preview:large, max-video-preview:-1\" \/>\n<link rel=\"canonical\" href=\"https:\/\/abifer.org.br\/nova-megaferrovia-de-r-5-bilhoes-tem-73-das-obras-concluidas-e-vai-comecar-a-operar-ainda-em-2026\/\" \/>\n<meta property=\"og:locale\" content=\"pt_BR\" \/>\n<meta property=\"og:type\" content=\"article\" \/>\n<meta property=\"og:title\" content=\"Nova megaferrovia de R$ 5 bilh\u00f5es tem 73% das obras conclu\u00eddas e vai come\u00e7ar a operar ainda em 2026\" \/>\n<meta property=\"og:description\" content=\"Fonte: Correio do Estado Data: 25\/04\/2026 A constru\u00e7\u00e3o da Ferrovia de Mato Grosso (FMT), considerada a maior obra ferrovi\u00e1ria em andamento no pa\u00eds, alcan\u00e7ou 73% de execu\u00e7\u00e3o f\u00edsica e segue em ritmo acelerado, com avan\u00e7o m\u00e9dio de cerca de 1 km de trilhos por dia. O projeto, conduzido pela empresa Rumo Log\u00edstica, \u00e9 visto como [&hellip;]\" \/>\n<meta property=\"og:url\" content=\"https:\/\/abifer.org.br\/nova-megaferrovia-de-r-5-bilhoes-tem-73-das-obras-concluidas-e-vai-comecar-a-operar-ainda-em-2026\/\" \/>\n<meta property=\"og:site_name\" content=\"ABIFER\" \/>\n<meta property=\"article:publisher\" content=\"https:\/\/www.facebook.com\/abiferoficial\/\" \/>\n<meta property=\"article:published_time\" content=\"2026-04-27T12:08:40+00:00\" \/>\n<meta property=\"og:image\" content=\"http:\/\/abifer.org.br\/wp-content\/uploads\/2026\/02\/NOTICIAS-DO-MERCADO.jpg\" \/>\n\t<meta property=\"og:image:width\" content=\"1920\" \/>\n\t<meta property=\"og:image:height\" content=\"1080\" \/>\n\t<meta property=\"og:image:type\" content=\"image\/jpeg\" \/>\n<meta name=\"twitter:card\" content=\"summary_large_image\" \/>\n<meta name=\"twitter:creator\" content=\"@abiferoficial\" \/>\n<meta name=\"twitter:site\" content=\"@abiferoficial\" \/>\n<meta name=\"twitter:label1\" content=\"Escrito por\" \/>\n\t<meta name=\"twitter:data1\" content=\"ABIFER\" \/>\n\t<meta name=\"twitter:label2\" content=\"Est. tempo de leitura\" \/>\n\t<meta name=\"twitter:data2\" content=\"2 minutos\" \/>\n<script type=\"application\/ld+json\" class=\"yoast-schema-graph\">{\"@context\":\"https:\/\/schema.org\",\"@graph\":[{\"@type\":\"Organization\",\"@id\":\"http:\/\/abifer.org.br\/#organization\",\"name\":\"ABIFER\",\"url\":\"http:\/\/abifer.org.br\/\",\"sameAs\":[\"https:\/\/www.facebook.com\/abiferoficial\/\",\"https:\/\/www.linkedin.com\/company\/abiferoficial\/\",\"https:\/\/twitter.com\/abiferoficial\"],\"logo\":{\"@type\":\"ImageObject\",\"@id\":\"http:\/\/abifer.org.br\/#logo\",\"inLanguage\":\"pt-BR\",\"url\":\"https:\/\/abifer.org.br\/wp-content\/uploads\/2018\/05\/ABF_001_LogoSlogan.jpg\",\"contentUrl\":\"https:\/\/abifer.org.br\/wp-content\/uploads\/2018\/05\/ABF_001_LogoSlogan.jpg\",\"width\":1182,\"height\":486,\"caption\":\"ABIFER\"},\"image\":{\"@id\":\"http:\/\/abifer.org.br\/#logo\"}},{\"@type\":\"WebSite\",\"@id\":\"http:\/\/abifer.org.br\/#website\",\"url\":\"http:\/\/abifer.org.br\/\",\"name\":\"ABIFER\",\"description\":\"Associa\u00e7\u00e3o Brasileira da Ind\u00fastria Ferrovi\u00e1ria\",\"publisher\":{\"@id\":\"http:\/\/abifer.org.br\/#organization\"},\"potentialAction\":[{\"@type\":\"SearchAction\",\"target\":{\"@type\":\"EntryPoint\",\"urlTemplate\":\"http:\/\/abifer.org.br\/?s={search_term_string}\"},\"query-input\":\"required name=search_term_string\"}],\"inLanguage\":\"pt-BR\"},{\"@type\":\"ImageObject\",\"@id\":\"https:\/\/abifer.org.br\/nova-megaferrovia-de-r-5-bilhoes-tem-73-das-obras-concluidas-e-vai-comecar-a-operar-ainda-em-2026\/#primaryimage\",\"inLanguage\":\"pt-BR\",\"url\":\"http:\/\/abifer.org.br\/wp-content\/uploads\/2026\/02\/NOTICIAS-DO-MERCADO.jpg\",\"contentUrl\":\"http:\/\/abifer.org.br\/wp-content\/uploads\/2026\/02\/NOTICIAS-DO-MERCADO.jpg\",\"width\":1920,\"height\":1080},{\"@type\":\"WebPage\",\"@id\":\"https:\/\/abifer.org.br\/nova-megaferrovia-de-r-5-bilhoes-tem-73-das-obras-concluidas-e-vai-comecar-a-operar-ainda-em-2026\/#webpage\",\"url\":\"https:\/\/abifer.org.br\/nova-megaferrovia-de-r-5-bilhoes-tem-73-das-obras-concluidas-e-vai-comecar-a-operar-ainda-em-2026\/\",\"name\":\"Nova megaferrovia de R$ 5 bilh\u00f5es tem 73% das obras conclu\u00eddas e vai come\u00e7ar a operar ainda em 2026\",\"isPartOf\":{\"@id\":\"http:\/\/abifer.org.br\/#website\"},\"primaryImageOfPage\":{\"@id\":\"https:\/\/abifer.org.br\/nova-megaferrovia-de-r-5-bilhoes-tem-73-das-obras-concluidas-e-vai-comecar-a-operar-ainda-em-2026\/#primaryimage\"},\"datePublished\":\"2026-04-27T12:08:40+00:00\",\"dateModified\":\"2026-04-27T12:08:40+00:00\",\"breadcrumb\":{\"@id\":\"https:\/\/abifer.org.br\/nova-megaferrovia-de-r-5-bilhoes-tem-73-das-obras-concluidas-e-vai-comecar-a-operar-ainda-em-2026\/#breadcrumb\"},\"inLanguage\":\"pt-BR\",\"potentialAction\":[{\"@type\":\"ReadAction\",\"target\":[\"https:\/\/abifer.org.br\/nova-megaferrovia-de-r-5-bilhoes-tem-73-das-obras-concluidas-e-vai-comecar-a-operar-ainda-em-2026\/\"]}]},{\"@type\":\"BreadcrumbList\",\"@id\":\"https:\/\/abifer.org.br\/nova-megaferrovia-de-r-5-bilhoes-tem-73-das-obras-concluidas-e-vai-comecar-a-operar-ainda-em-2026\/#breadcrumb\",\"itemListElement\":[{\"@type\":\"ListItem\",\"position\":1,\"name\":\"In\u00edcio\",\"item\":\"http:\/\/abifer.org.br\/\"},{\"@type\":\"ListItem\",\"position\":2,\"name\":\"Nova megaferrovia de R$ 5 bilh\u00f5es tem 73% das obras conclu\u00eddas e vai come\u00e7ar a operar ainda em 2026\"}]},{\"@type\":\"Article\",\"@id\":\"https:\/\/abifer.org.br\/nova-megaferrovia-de-r-5-bilhoes-tem-73-das-obras-concluidas-e-vai-comecar-a-operar-ainda-em-2026\/#article\",\"isPartOf\":{\"@id\":\"https:\/\/abifer.org.br\/nova-megaferrovia-de-r-5-bilhoes-tem-73-das-obras-concluidas-e-vai-comecar-a-operar-ainda-em-2026\/#webpage\"},\"author\":{\"@id\":\"http:\/\/abifer.org.br\/#\/schema\/person\/90c38c3286f60a11b363834930f79a1f\"},\"headline\":\"Nova megaferrovia de R$ 5 bilh\u00f5es tem 73% das obras conclu\u00eddas e vai come\u00e7ar a operar ainda em 2026\",\"datePublished\":\"2026-04-27T12:08:40+00:00\",\"dateModified\":\"2026-04-27T12:08:40+00:00\",\"mainEntityOfPage\":{\"@id\":\"https:\/\/abifer.org.br\/nova-megaferrovia-de-r-5-bilhoes-tem-73-das-obras-concluidas-e-vai-comecar-a-operar-ainda-em-2026\/#webpage\"},\"wordCount\":352,\"publisher\":{\"@id\":\"http:\/\/abifer.org.br\/#organization\"},\"image\":{\"@id\":\"https:\/\/abifer.org.br\/nova-megaferrovia-de-r-5-bilhoes-tem-73-das-obras-concluidas-e-vai-comecar-a-operar-ainda-em-2026\/#primaryimage\"},\"thumbnailUrl\":\"http:\/\/abifer.org.br\/wp-content\/uploads\/2026\/02\/NOTICIAS-DO-MERCADO.jpg\",\"articleSection\":[\"Not\u00edcias do Mercado\"],\"inLanguage\":\"pt-BR\"},{\"@type\":\"Person\",\"@id\":\"http:\/\/abifer.org.br\/#\/schema\/person\/90c38c3286f60a11b363834930f79a1f\",\"name\":\"ABIFER\",\"url\":\"http:\/\/abifer.org.br\/author\/abifer\/\"}]}<\/script>\n<!-- \/ Yoast SEO plugin. -->","yoast_head_json":{"title":"Nova megaferrovia de R$ 5 bilh\u00f5es tem 73% das obras conclu\u00eddas e vai come\u00e7ar a operar ainda em 2026","robots":{"index":"index","follow":"follow","max-snippet":"max-snippet:-1","max-image-preview":"max-image-preview:large","max-video-preview":"max-video-preview:-1"},"canonical":"https:\/\/abifer.org.br\/nova-megaferrovia-de-r-5-bilhoes-tem-73-das-obras-concluidas-e-vai-comecar-a-operar-ainda-em-2026\/","og_locale":"pt_BR","og_type":"article","og_title":"Nova megaferrovia de R$ 5 bilh\u00f5es tem 73% das obras conclu\u00eddas e vai come\u00e7ar a operar ainda em 2026","og_description":"Fonte: Correio do Estado Data: 25\/04\/2026 A constru\u00e7\u00e3o da Ferrovia de Mato Grosso (FMT), considerada a maior obra ferrovi\u00e1ria em andamento no pa\u00eds, alcan\u00e7ou 73% de execu\u00e7\u00e3o f\u00edsica e segue em ritmo acelerado, com avan\u00e7o m\u00e9dio de cerca de 1 km de trilhos por dia. O projeto, conduzido pela empresa Rumo Log\u00edstica, \u00e9 visto como [&hellip;]","og_url":"https:\/\/abifer.org.br\/nova-megaferrovia-de-r-5-bilhoes-tem-73-das-obras-concluidas-e-vai-comecar-a-operar-ainda-em-2026\/","og_site_name":"ABIFER","article_publisher":"https:\/\/www.facebook.com\/abiferoficial\/","article_published_time":"2026-04-27T12:08:40+00:00","og_image":[{"width":1920,"height":1080,"url":"http:\/\/abifer.org.br\/wp-content\/uploads\/2026\/02\/NOTICIAS-DO-MERCADO.jpg","type":"image\/jpeg"}],"twitter_card":"summary_large_image","twitter_creator":"@abiferoficial","twitter_site":"@abiferoficial","twitter_misc":{"Escrito por":"ABIFER","Est. tempo de leitura":"2 minutos"},"schema":{"@context":"https:\/\/schema.org","@graph":[{"@type":"Organization","@id":"http:\/\/abifer.org.br\/#organization","name":"ABIFER","url":"http:\/\/abifer.org.br\/","sameAs":["https:\/\/www.facebook.com\/abiferoficial\/","https:\/\/www.linkedin.com\/company\/abiferoficial\/","https:\/\/twitter.com\/abiferoficial"],"logo":{"@type":"ImageObject","@id":"http:\/\/abifer.org.br\/#logo","inLanguage":"pt-BR","url":"https:\/\/abifer.org.br\/wp-content\/uploads\/2018\/05\/ABF_001_LogoSlogan.jpg","contentUrl":"https:\/\/abifer.org.br\/wp-content\/uploads\/2018\/05\/ABF_001_LogoSlogan.jpg","width":1182,"height":486,"caption":"ABIFER"},"image":{"@id":"http:\/\/abifer.org.br\/#logo"}},{"@type":"WebSite","@id":"http:\/\/abifer.org.br\/#website","url":"http:\/\/abifer.org.br\/","name":"ABIFER","description":"Associa\u00e7\u00e3o Brasileira da Ind\u00fastria Ferrovi\u00e1ria","publisher":{"@id":"http:\/\/abifer.org.br\/#organization"},"potentialAction":[{"@type":"SearchAction","target":{"@type":"EntryPoint","urlTemplate":"http:\/\/abifer.org.br\/?s={search_term_string}"},"query-input":"required name=search_term_string"}],"inLanguage":"pt-BR"},{"@type":"ImageObject","@id":"https:\/\/abifer.org.br\/nova-megaferrovia-de-r-5-bilhoes-tem-73-das-obras-concluidas-e-vai-comecar-a-operar-ainda-em-2026\/#primaryimage","inLanguage":"pt-BR","url":"http:\/\/abifer.org.br\/wp-content\/uploads\/2026\/02\/NOTICIAS-DO-MERCADO.jpg","contentUrl":"http:\/\/abifer.org.br\/wp-content\/uploads\/2026\/02\/NOTICIAS-DO-MERCADO.jpg","width":1920,"height":1080},{"@type":"WebPage","@id":"https:\/\/abifer.org.br\/nova-megaferrovia-de-r-5-bilhoes-tem-73-das-obras-concluidas-e-vai-comecar-a-operar-ainda-em-2026\/#webpage","url":"https:\/\/abifer.org.br\/nova-megaferrovia-de-r-5-bilhoes-tem-73-das-obras-concluidas-e-vai-comecar-a-operar-ainda-em-2026\/","name":"Nova megaferrovia de R$ 5 bilh\u00f5es tem 73% das obras conclu\u00eddas e vai come\u00e7ar a operar ainda em 2026","isPartOf":{"@id":"http:\/\/abifer.org.br\/#website"},"primaryImageOfPage":{"@id":"https:\/\/abifer.org.br\/nova-megaferrovia-de-r-5-bilhoes-tem-73-das-obras-concluidas-e-vai-comecar-a-operar-ainda-em-2026\/#primaryimage"},"datePublished":"2026-04-27T12:08:40+00:00","dateModified":"2026-04-27T12:08:40+00:00","breadcrumb":{"@id":"https:\/\/abifer.org.br\/nova-megaferrovia-de-r-5-bilhoes-tem-73-das-obras-concluidas-e-vai-comecar-a-operar-ainda-em-2026\/#breadcrumb"},"inLanguage":"pt-BR","potentialAction":[{"@type":"ReadAction","target":["https:\/\/abifer.org.br\/nova-megaferrovia-de-r-5-bilhoes-tem-73-das-obras-concluidas-e-vai-comecar-a-operar-ainda-em-2026\/"]}]},{"@type":"BreadcrumbList","@id":"https:\/\/abifer.org.br\/nova-megaferrovia-de-r-5-bilhoes-tem-73-das-obras-concluidas-e-vai-comecar-a-operar-ainda-em-2026\/#breadcrumb","itemListElement":[{"@type":"ListItem","position":1,"name":"In\u00edcio","item":"http:\/\/abifer.org.br\/"},{"@type":"ListItem","position":2,"name":"Nova megaferrovia de R$ 5 bilh\u00f5es tem 73% das obras conclu\u00eddas e vai come\u00e7ar a operar ainda em 2026"}]},{"@type":"Article","@id":"https:\/\/abifer.org.br\/nova-megaferrovia-de-r-5-bilhoes-tem-73-das-obras-concluidas-e-vai-comecar-a-operar-ainda-em-2026\/#article","isPartOf":{"@id":"https:\/\/abifer.org.br\/nova-megaferrovia-de-r-5-bilhoes-tem-73-das-obras-concluidas-e-vai-comecar-a-operar-ainda-em-2026\/#webpage"},"author":{"@id":"http:\/\/abifer.org.br\/#\/schema\/person\/90c38c3286f60a11b363834930f79a1f"},"headline":"Nova megaferrovia de R$ 5 bilh\u00f5es tem 73% das obras conclu\u00eddas e vai come\u00e7ar a operar ainda em 2026","datePublished":"2026-04-27T12:08:40+00:00","dateModified":"2026-04-27T12:08:40+00:00","mainEntityOfPage":{"@id":"https:\/\/abifer.org.br\/nova-megaferrovia-de-r-5-bilhoes-tem-73-das-obras-concluidas-e-vai-comecar-a-operar-ainda-em-2026\/#webpage"},"wordCount":352,"publisher":{"@id":"http:\/\/abifer.org.br\/#organization"},"image":{"@id":"https:\/\/abifer.org.br\/nova-megaferrovia-de-r-5-bilhoes-tem-73-das-obras-concluidas-e-vai-comecar-a-operar-ainda-em-2026\/#primaryimage"},"thumbnailUrl":"http:\/\/abifer.org.br\/wp-content\/uploads\/2026\/02\/NOTICIAS-DO-MERCADO.jpg","articleSection":["Not\u00edcias do Mercado"],"inLanguage":"pt-BR"},{"@type":"Person","@id":"http:\/\/abifer.org.br\/#\/schema\/person\/90c38c3286f60a11b363834930f79a1f","name":"ABIFER","url":"http:\/\/abifer.org.br\/author\/abifer\/"}]}},"_links":{"self":[{"href":"http:\/\/abifer.org.br\/en\/wp-json\/wp\/v2\/posts\/93561\/"}],"collection":[{"href":"http:\/\/abifer.org.br\/en\/wp-json\/wp\/v2\/posts\/"}],"about":[{"href":"http:\/\/abifer.org.br\/en\/wp-json\/wp\/v2\/types\/post\/"}],"author":[{"embeddable":true,"href":"http:\/\/abifer.org.br\/en\/wp-json\/wp\/v2\/users\/55\/"}],"replies":[{"embeddable":true,"href":"http:\/\/abifer.org.br\/en\/wp-json\/wp\/v2\/comments\/?post=93561"}],"version-history":[{"count":1,"href":"http:\/\/abifer.org.br\/en\/wp-json\/wp\/v2\/posts\/93561\/revisions\/"}],"predecessor-version":[{"id":93562,"href":"http:\/\/abifer.org.br\/en\/wp-json\/wp\/v2\/posts\/93561\/revisions\/93562\/"}],"wp:featuredmedia":[{"embeddable":true,"href":"http:\/\/abifer.org.br\/en\/wp-json\/wp\/v2\/media\/92535\/"}],"wp:attachment":[{"href":"http:\/\/abifer.org.br\/en\/wp-json\/wp\/v2\/media\/?parent=93561"}],"wp:term":[{"taxonomy":"category","embeddable":true,"href":"http:\/\/abifer.org.br\/en\/wp-json\/wp\/v2\/categories\/?post=93561"},{"taxonomy":"post_tag","embeddable":true,"href":"http:\/\/abifer.org.br\/en\/wp-json\/wp\/v2\/tags\/?post=93561"}],"curies":[{"name":"wp","href":"https:\/\/api.w.org\/{rel}","templated":true}]}}