{"id":93565,"date":"2026-04-27T09:14:24","date_gmt":"2026-04-27T12:14:24","guid":{"rendered":"https:\/\/abifer.org.br\/?p=93565"},"modified":"2026-04-27T09:14:24","modified_gmt":"2026-04-27T12:14:24","slug":"malha-oeste-edital-preve-19-mil-km-de-trilhos-e-r-15-bilhoes-em-investimentos","status":"publish","type":"post","link":"http:\/\/abifer.org.br\/en\/malha-oeste-edital-preve-19-mil-km-de-trilhos-e-r-15-bilhoes-em-investimentos\/","title":{"rendered":"Malha Oeste: edital prev\u00ea 1,9 mil km de trilhos e R$ 15 bilh\u00f5es em investimentos"},"content":{"rendered":"<pre style=\"text-align: right;\"><a href=\"https:\/\/www.gazetasp.com.br\/economia\/edital-da-malha-oeste-tenta-reduzir-custo-brasil-via-transporte-por\/1177097\/\" target=\"_blank\" rel=\"noopener\"><strong><em>Fonte: Gazeta S. Paulo\r\nData: 24\/04\/2026<\/em><\/strong><\/a><\/pre>\n<p>O frete elevado j\u00e1 pressiona a comida e o custo de vida no Brasil. Em meio a esse cen\u00e1rio, o governo prepara para lan\u00e7ar ainda em abril o edital da Malha Oeste, em mais uma tentativa de reativar concess\u00f5es ferrovi\u00e1rias e ampliar o uso do transporte por trilhos.<\/p>\n<p>A iniciativa faz parte de uma estrat\u00e9gia mais ampla voltada \u00e0 redu\u00e7\u00e3o do custo log\u00edstico e ao ganho de competitividade da economia, com foco no escoamento de commodities como gr\u00e3os, celulose e min\u00e9rio de ferro.<\/p>\n<p>Sem melhorias em infraestrutura, os custos continuam sendo repassados ao consumidor e limitam os ganhos de produtividade no Pa\u00eds.<\/p>\n<p>O edital da Malha Oeste prev\u00ea uma ferrovia de 1,9 mil km de extens\u00e3o, que sai da fronteira brasileira com a Bol\u00edvia, no Mato Grosso do Sul, a S\u00e3o Paulo. S\u00e3o previstos R$ 15 bilh\u00f5es em investimentos ao longo de 57 anos de concess\u00e3o.<\/p>\n<p>Ela faz parte de uma grande rede de concess\u00f5es ferrovi\u00e1rias, que incluem obras, como o Anel Ferrovi\u00e1rio do Sudeste, entre Rio de Janeiro e Esp\u00edrito Santo, e a Ferrovia Transnordestina, que vai cruzar 53 munic\u00edpios do interior do Nordeste ao litoral do Cear\u00e1.<\/p>\n<p>Na avalia\u00e7\u00e3o do economista Carlos Henrique Junior, CEO da Sttart Pay, o ativo permanece fortemente ancorado em commodities c\u00edclicas, o que amplia a exposi\u00e7\u00e3o \u00e0s oscila\u00e7\u00f5es de pre\u00e7os no mercado internacional e ao ritmo de produ\u00e7\u00e3o no Centro-Oeste.<\/p>\n<p>O hist\u00f3rico de baixa utiliza\u00e7\u00e3o tamb\u00e9m entra no c\u00e1lculo. Na aus\u00eancia de contratos de longo prazo que garantam demanda, cresce a incerteza em torno da gera\u00e7\u00e3o da receita, especialmente nos primeiros anos de opera\u00e7\u00e3o.<\/p>\n<p>Ao mesmo tempo, o transporte rodovi\u00e1rio segue dominante na matriz log\u00edstica brasileira. A flexibilidade e o alcance dos caminh\u00f5es funcionam como uma barreira adicional \u00e0 migra\u00e7\u00e3o de cargas para o modal ferrovi\u00e1rio.<\/p>\n<p><strong>Custo de moderniza\u00e7\u00e3o pressiona retorno e afasta investidores<\/strong><\/p>\n<p>A moderniza\u00e7\u00e3o da Malha Oeste deve exigir aportes bilion\u00e1rios. A infraestrutura atual demanda interven\u00e7\u00f5es estruturais, atualiza\u00e7\u00e3o tecnol\u00f3gica e recomposi\u00e7\u00e3o de trechos degradados.<\/p>\n<p>Esse conjunto de investimentos eleva o custo de entrada e tende a se consolidar como uma das principais barreiras \u00e0 atra\u00e7\u00e3o de capital.<\/p>\n<p>Segundo Carlos Henrique, consultado pela reportagem, a viabilidade do projeto est\u00e1 condicionada a um contrato mais robusto, com mecanismos de mitiga\u00e7\u00e3o de risco e maior previsibilidade de receita.<\/p>\n<p>O ambiente de juros elevados adiciona press\u00e3o. Com o custo de capital mais alto, o apetite por projetos de longo prazo diminui, enquanto cresce a exig\u00eancia por seguran\u00e7a e retorno consistente.<\/p>\n<p><strong>Seguran\u00e7a jur\u00eddica entra no centro da decis\u00e3o de investimento<\/strong><\/p>\n<p>A previsibilidade regulat\u00f3ria aparece como vari\u00e1vel cr\u00edtica na decis\u00e3o de investimento. Mudan\u00e7as contratuais, revis\u00f5es tarif\u00e1rias e regras de reequil\u00edbrio costumam ser analisadas com cautela por investidores.<\/p>\n<p>Na leitura do economista, o desempenho da concess\u00e3o tende a depender menos da infraestrutura dispon\u00edvel e mais da capacidade de oferecer seguran\u00e7a jur\u00eddica e estabilidade regulat\u00f3ria.<\/p>\n<p>Em aus\u00eancia desse ambiente, o interesse do capital privado pode permanecer limitado, sobretudo em um ativo que carrega hist\u00f3rico de incertezas.<\/p>\n<p><strong>Projeto testa estrat\u00e9gia do governo para o setor ferrovi\u00e1rio<\/strong><\/p>\n<p>A concess\u00e3o da Malha Oeste \u00e9 tratada por players da infraestrutura como um indicativo relevante da estrat\u00e9gia do governo para destravar investimentos no modal ferrovi\u00e1rio.<\/p>\n<p>Uma ades\u00e3o robusta pode sinalizar maior confian\u00e7a, reduzir a percep\u00e7\u00e3o de risco e abrir espa\u00e7o para novos projetos. Por outro lado, um resultado abaixo do esperado tende a refor\u00e7ar incertezas e dificultar o avan\u00e7o de futuras concess\u00f5es.<\/p>\n<p>O mercado acompanha de perto. A resposta ao edital deve ajudar a indicar se o pa\u00eds tem capacidade de transformar ativos subutilizados em projetos economicamente vi\u00e1veis e atrativos ao capital privado.<\/p>\n<p><strong>O impasse entre baratear o frete e atrair o operador<\/strong><\/p>\n<p>A ferrovia tem potencial para ampliar a integra\u00e7\u00e3o do Centro-Oeste e reduzir o custo log\u00edstico no pa\u00eds, com poss\u00edveis efeitos sobre o pre\u00e7o final de produtos e a competitividade das exporta\u00e7\u00f5es.<\/p>\n<p>Apesar desse potencial, o projeto ainda enfrenta entraves relevantes. A previsibilidade de demanda, o volume de investimentos e o risco regulat\u00f3rio seguem entre os principais pontos de aten\u00e7\u00e3o.<\/p>\n<p>A publica\u00e7\u00e3o do edital deve funcionar como um teste de modelo. O desenho proposto precisar\u00e1 equilibrar interesse p\u00fablico e retorno privado, condi\u00e7\u00e3o-chave para atrair capital e viabilizar a expans\u00e3o da malha ferrovi\u00e1ria brasileira.<\/p>\n","protected":false},"excerpt":{"rendered":"<p>Fonte: Gazeta S. Paulo Data: 24\/04\/2026 O frete elevado j\u00e1 pressiona a comida e o custo de vida no Brasil. Em meio a esse cen\u00e1rio, o governo prepara para lan\u00e7ar ainda em abril o edital da Malha Oeste, em mais uma tentativa de reativar concess\u00f5es ferrovi\u00e1rias e ampliar o uso do transporte por trilhos. A [&hellip;]<\/p>\n","protected":false},"author":55,"featured_media":92535,"comment_status":"closed","ping_status":"closed","sticky":false,"template":"","format":"standard","meta":{"footnotes":""},"categories":[875],"tags":[],"class_list":["post-93565","post","type-post","status-publish","format-standard","has-post-thumbnail","hentry","category-noticias-do-mercado"],"acf":[],"yoast_head":"<!-- This site is optimized with the Yoast SEO plugin v18.2 - https:\/\/yoast.com\/wordpress\/plugins\/seo\/ -->\n<title>Malha Oeste: edital prev\u00ea 1,9 mil km de trilhos e R$ 15 bilh\u00f5es em investimentos<\/title>\n<meta name=\"robots\" content=\"index, follow, max-snippet:-1, max-image-preview:large, max-video-preview:-1\" \/>\n<link rel=\"canonical\" href=\"https:\/\/abifer.org.br\/malha-oeste-edital-preve-19-mil-km-de-trilhos-e-r-15-bilhoes-em-investimentos\/\" \/>\n<meta property=\"og:locale\" content=\"pt_BR\" \/>\n<meta property=\"og:type\" content=\"article\" \/>\n<meta property=\"og:title\" content=\"Malha Oeste: edital prev\u00ea 1,9 mil km de trilhos e R$ 15 bilh\u00f5es em investimentos\" \/>\n<meta property=\"og:description\" content=\"Fonte: Gazeta S. Paulo Data: 24\/04\/2026 O frete elevado j\u00e1 pressiona a comida e o custo de vida no Brasil. Em meio a esse cen\u00e1rio, o governo prepara para lan\u00e7ar ainda em abril o edital da Malha Oeste, em mais uma tentativa de reativar concess\u00f5es ferrovi\u00e1rias e ampliar o uso do transporte por trilhos. A [&hellip;]\" \/>\n<meta property=\"og:url\" content=\"https:\/\/abifer.org.br\/malha-oeste-edital-preve-19-mil-km-de-trilhos-e-r-15-bilhoes-em-investimentos\/\" \/>\n<meta property=\"og:site_name\" content=\"ABIFER\" \/>\n<meta property=\"article:publisher\" content=\"https:\/\/www.facebook.com\/abiferoficial\/\" \/>\n<meta property=\"article:published_time\" content=\"2026-04-27T12:14:24+00:00\" \/>\n<meta property=\"og:image\" content=\"http:\/\/abifer.org.br\/wp-content\/uploads\/2026\/02\/NOTICIAS-DO-MERCADO.jpg\" \/>\n\t<meta property=\"og:image:width\" content=\"1920\" \/>\n\t<meta property=\"og:image:height\" content=\"1080\" \/>\n\t<meta property=\"og:image:type\" content=\"image\/jpeg\" \/>\n<meta name=\"twitter:card\" content=\"summary_large_image\" \/>\n<meta name=\"twitter:creator\" content=\"@abiferoficial\" \/>\n<meta name=\"twitter:site\" content=\"@abiferoficial\" \/>\n<meta name=\"twitter:label1\" content=\"Escrito por\" \/>\n\t<meta name=\"twitter:data1\" content=\"ABIFER\" \/>\n\t<meta name=\"twitter:label2\" content=\"Est. tempo de leitura\" \/>\n\t<meta name=\"twitter:data2\" content=\"4 minutos\" \/>\n<script type=\"application\/ld+json\" class=\"yoast-schema-graph\">{\"@context\":\"https:\/\/schema.org\",\"@graph\":[{\"@type\":\"Organization\",\"@id\":\"http:\/\/abifer.org.br\/#organization\",\"name\":\"ABIFER\",\"url\":\"http:\/\/abifer.org.br\/\",\"sameAs\":[\"https:\/\/www.facebook.com\/abiferoficial\/\",\"https:\/\/www.linkedin.com\/company\/abiferoficial\/\",\"https:\/\/twitter.com\/abiferoficial\"],\"logo\":{\"@type\":\"ImageObject\",\"@id\":\"http:\/\/abifer.org.br\/#logo\",\"inLanguage\":\"pt-BR\",\"url\":\"https:\/\/abifer.org.br\/wp-content\/uploads\/2018\/05\/ABF_001_LogoSlogan.jpg\",\"contentUrl\":\"https:\/\/abifer.org.br\/wp-content\/uploads\/2018\/05\/ABF_001_LogoSlogan.jpg\",\"width\":1182,\"height\":486,\"caption\":\"ABIFER\"},\"image\":{\"@id\":\"http:\/\/abifer.org.br\/#logo\"}},{\"@type\":\"WebSite\",\"@id\":\"http:\/\/abifer.org.br\/#website\",\"url\":\"http:\/\/abifer.org.br\/\",\"name\":\"ABIFER\",\"description\":\"Associa\u00e7\u00e3o Brasileira da Ind\u00fastria Ferrovi\u00e1ria\",\"publisher\":{\"@id\":\"http:\/\/abifer.org.br\/#organization\"},\"potentialAction\":[{\"@type\":\"SearchAction\",\"target\":{\"@type\":\"EntryPoint\",\"urlTemplate\":\"http:\/\/abifer.org.br\/?s={search_term_string}\"},\"query-input\":\"required name=search_term_string\"}],\"inLanguage\":\"pt-BR\"},{\"@type\":\"ImageObject\",\"@id\":\"https:\/\/abifer.org.br\/malha-oeste-edital-preve-19-mil-km-de-trilhos-e-r-15-bilhoes-em-investimentos\/#primaryimage\",\"inLanguage\":\"pt-BR\",\"url\":\"http:\/\/abifer.org.br\/wp-content\/uploads\/2026\/02\/NOTICIAS-DO-MERCADO.jpg\",\"contentUrl\":\"http:\/\/abifer.org.br\/wp-content\/uploads\/2026\/02\/NOTICIAS-DO-MERCADO.jpg\",\"width\":1920,\"height\":1080},{\"@type\":\"WebPage\",\"@id\":\"https:\/\/abifer.org.br\/malha-oeste-edital-preve-19-mil-km-de-trilhos-e-r-15-bilhoes-em-investimentos\/#webpage\",\"url\":\"https:\/\/abifer.org.br\/malha-oeste-edital-preve-19-mil-km-de-trilhos-e-r-15-bilhoes-em-investimentos\/\",\"name\":\"Malha Oeste: edital prev\u00ea 1,9 mil km de trilhos e R$ 15 bilh\u00f5es em investimentos\",\"isPartOf\":{\"@id\":\"http:\/\/abifer.org.br\/#website\"},\"primaryImageOfPage\":{\"@id\":\"https:\/\/abifer.org.br\/malha-oeste-edital-preve-19-mil-km-de-trilhos-e-r-15-bilhoes-em-investimentos\/#primaryimage\"},\"datePublished\":\"2026-04-27T12:14:24+00:00\",\"dateModified\":\"2026-04-27T12:14:24+00:00\",\"breadcrumb\":{\"@id\":\"https:\/\/abifer.org.br\/malha-oeste-edital-preve-19-mil-km-de-trilhos-e-r-15-bilhoes-em-investimentos\/#breadcrumb\"},\"inLanguage\":\"pt-BR\",\"potentialAction\":[{\"@type\":\"ReadAction\",\"target\":[\"https:\/\/abifer.org.br\/malha-oeste-edital-preve-19-mil-km-de-trilhos-e-r-15-bilhoes-em-investimentos\/\"]}]},{\"@type\":\"BreadcrumbList\",\"@id\":\"https:\/\/abifer.org.br\/malha-oeste-edital-preve-19-mil-km-de-trilhos-e-r-15-bilhoes-em-investimentos\/#breadcrumb\",\"itemListElement\":[{\"@type\":\"ListItem\",\"position\":1,\"name\":\"In\u00edcio\",\"item\":\"http:\/\/abifer.org.br\/\"},{\"@type\":\"ListItem\",\"position\":2,\"name\":\"Malha Oeste: edital prev\u00ea 1,9 mil km de trilhos e R$ 15 bilh\u00f5es em investimentos\"}]},{\"@type\":\"Article\",\"@id\":\"https:\/\/abifer.org.br\/malha-oeste-edital-preve-19-mil-km-de-trilhos-e-r-15-bilhoes-em-investimentos\/#article\",\"isPartOf\":{\"@id\":\"https:\/\/abifer.org.br\/malha-oeste-edital-preve-19-mil-km-de-trilhos-e-r-15-bilhoes-em-investimentos\/#webpage\"},\"author\":{\"@id\":\"http:\/\/abifer.org.br\/#\/schema\/person\/90c38c3286f60a11b363834930f79a1f\"},\"headline\":\"Malha Oeste: edital prev\u00ea 1,9 mil km de trilhos e R$ 15 bilh\u00f5es em investimentos\",\"datePublished\":\"2026-04-27T12:14:24+00:00\",\"dateModified\":\"2026-04-27T12:14:24+00:00\",\"mainEntityOfPage\":{\"@id\":\"https:\/\/abifer.org.br\/malha-oeste-edital-preve-19-mil-km-de-trilhos-e-r-15-bilhoes-em-investimentos\/#webpage\"},\"wordCount\":793,\"publisher\":{\"@id\":\"http:\/\/abifer.org.br\/#organization\"},\"image\":{\"@id\":\"https:\/\/abifer.org.br\/malha-oeste-edital-preve-19-mil-km-de-trilhos-e-r-15-bilhoes-em-investimentos\/#primaryimage\"},\"thumbnailUrl\":\"http:\/\/abifer.org.br\/wp-content\/uploads\/2026\/02\/NOTICIAS-DO-MERCADO.jpg\",\"articleSection\":[\"Not\u00edcias do Mercado\"],\"inLanguage\":\"pt-BR\"},{\"@type\":\"Person\",\"@id\":\"http:\/\/abifer.org.br\/#\/schema\/person\/90c38c3286f60a11b363834930f79a1f\",\"name\":\"ABIFER\",\"url\":\"http:\/\/abifer.org.br\/author\/abifer\/\"}]}<\/script>\n<!-- \/ Yoast SEO plugin. -->","yoast_head_json":{"title":"Malha Oeste: edital prev\u00ea 1,9 mil km de trilhos e R$ 15 bilh\u00f5es em investimentos","robots":{"index":"index","follow":"follow","max-snippet":"max-snippet:-1","max-image-preview":"max-image-preview:large","max-video-preview":"max-video-preview:-1"},"canonical":"https:\/\/abifer.org.br\/malha-oeste-edital-preve-19-mil-km-de-trilhos-e-r-15-bilhoes-em-investimentos\/","og_locale":"pt_BR","og_type":"article","og_title":"Malha Oeste: edital prev\u00ea 1,9 mil km de trilhos e R$ 15 bilh\u00f5es em investimentos","og_description":"Fonte: Gazeta S. Paulo Data: 24\/04\/2026 O frete elevado j\u00e1 pressiona a comida e o custo de vida no Brasil. Em meio a esse cen\u00e1rio, o governo prepara para lan\u00e7ar ainda em abril o edital da Malha Oeste, em mais uma tentativa de reativar concess\u00f5es ferrovi\u00e1rias e ampliar o uso do transporte por trilhos. A [&hellip;]","og_url":"https:\/\/abifer.org.br\/malha-oeste-edital-preve-19-mil-km-de-trilhos-e-r-15-bilhoes-em-investimentos\/","og_site_name":"ABIFER","article_publisher":"https:\/\/www.facebook.com\/abiferoficial\/","article_published_time":"2026-04-27T12:14:24+00:00","og_image":[{"width":1920,"height":1080,"url":"http:\/\/abifer.org.br\/wp-content\/uploads\/2026\/02\/NOTICIAS-DO-MERCADO.jpg","type":"image\/jpeg"}],"twitter_card":"summary_large_image","twitter_creator":"@abiferoficial","twitter_site":"@abiferoficial","twitter_misc":{"Escrito por":"ABIFER","Est. tempo de leitura":"4 minutos"},"schema":{"@context":"https:\/\/schema.org","@graph":[{"@type":"Organization","@id":"http:\/\/abifer.org.br\/#organization","name":"ABIFER","url":"http:\/\/abifer.org.br\/","sameAs":["https:\/\/www.facebook.com\/abiferoficial\/","https:\/\/www.linkedin.com\/company\/abiferoficial\/","https:\/\/twitter.com\/abiferoficial"],"logo":{"@type":"ImageObject","@id":"http:\/\/abifer.org.br\/#logo","inLanguage":"pt-BR","url":"https:\/\/abifer.org.br\/wp-content\/uploads\/2018\/05\/ABF_001_LogoSlogan.jpg","contentUrl":"https:\/\/abifer.org.br\/wp-content\/uploads\/2018\/05\/ABF_001_LogoSlogan.jpg","width":1182,"height":486,"caption":"ABIFER"},"image":{"@id":"http:\/\/abifer.org.br\/#logo"}},{"@type":"WebSite","@id":"http:\/\/abifer.org.br\/#website","url":"http:\/\/abifer.org.br\/","name":"ABIFER","description":"Associa\u00e7\u00e3o Brasileira da Ind\u00fastria Ferrovi\u00e1ria","publisher":{"@id":"http:\/\/abifer.org.br\/#organization"},"potentialAction":[{"@type":"SearchAction","target":{"@type":"EntryPoint","urlTemplate":"http:\/\/abifer.org.br\/?s={search_term_string}"},"query-input":"required name=search_term_string"}],"inLanguage":"pt-BR"},{"@type":"ImageObject","@id":"https:\/\/abifer.org.br\/malha-oeste-edital-preve-19-mil-km-de-trilhos-e-r-15-bilhoes-em-investimentos\/#primaryimage","inLanguage":"pt-BR","url":"http:\/\/abifer.org.br\/wp-content\/uploads\/2026\/02\/NOTICIAS-DO-MERCADO.jpg","contentUrl":"http:\/\/abifer.org.br\/wp-content\/uploads\/2026\/02\/NOTICIAS-DO-MERCADO.jpg","width":1920,"height":1080},{"@type":"WebPage","@id":"https:\/\/abifer.org.br\/malha-oeste-edital-preve-19-mil-km-de-trilhos-e-r-15-bilhoes-em-investimentos\/#webpage","url":"https:\/\/abifer.org.br\/malha-oeste-edital-preve-19-mil-km-de-trilhos-e-r-15-bilhoes-em-investimentos\/","name":"Malha Oeste: edital prev\u00ea 1,9 mil km de trilhos e R$ 15 bilh\u00f5es em investimentos","isPartOf":{"@id":"http:\/\/abifer.org.br\/#website"},"primaryImageOfPage":{"@id":"https:\/\/abifer.org.br\/malha-oeste-edital-preve-19-mil-km-de-trilhos-e-r-15-bilhoes-em-investimentos\/#primaryimage"},"datePublished":"2026-04-27T12:14:24+00:00","dateModified":"2026-04-27T12:14:24+00:00","breadcrumb":{"@id":"https:\/\/abifer.org.br\/malha-oeste-edital-preve-19-mil-km-de-trilhos-e-r-15-bilhoes-em-investimentos\/#breadcrumb"},"inLanguage":"pt-BR","potentialAction":[{"@type":"ReadAction","target":["https:\/\/abifer.org.br\/malha-oeste-edital-preve-19-mil-km-de-trilhos-e-r-15-bilhoes-em-investimentos\/"]}]},{"@type":"BreadcrumbList","@id":"https:\/\/abifer.org.br\/malha-oeste-edital-preve-19-mil-km-de-trilhos-e-r-15-bilhoes-em-investimentos\/#breadcrumb","itemListElement":[{"@type":"ListItem","position":1,"name":"In\u00edcio","item":"http:\/\/abifer.org.br\/"},{"@type":"ListItem","position":2,"name":"Malha Oeste: edital prev\u00ea 1,9 mil km de trilhos e R$ 15 bilh\u00f5es em investimentos"}]},{"@type":"Article","@id":"https:\/\/abifer.org.br\/malha-oeste-edital-preve-19-mil-km-de-trilhos-e-r-15-bilhoes-em-investimentos\/#article","isPartOf":{"@id":"https:\/\/abifer.org.br\/malha-oeste-edital-preve-19-mil-km-de-trilhos-e-r-15-bilhoes-em-investimentos\/#webpage"},"author":{"@id":"http:\/\/abifer.org.br\/#\/schema\/person\/90c38c3286f60a11b363834930f79a1f"},"headline":"Malha Oeste: edital prev\u00ea 1,9 mil km de trilhos e R$ 15 bilh\u00f5es em investimentos","datePublished":"2026-04-27T12:14:24+00:00","dateModified":"2026-04-27T12:14:24+00:00","mainEntityOfPage":{"@id":"https:\/\/abifer.org.br\/malha-oeste-edital-preve-19-mil-km-de-trilhos-e-r-15-bilhoes-em-investimentos\/#webpage"},"wordCount":793,"publisher":{"@id":"http:\/\/abifer.org.br\/#organization"},"image":{"@id":"https:\/\/abifer.org.br\/malha-oeste-edital-preve-19-mil-km-de-trilhos-e-r-15-bilhoes-em-investimentos\/#primaryimage"},"thumbnailUrl":"http:\/\/abifer.org.br\/wp-content\/uploads\/2026\/02\/NOTICIAS-DO-MERCADO.jpg","articleSection":["Not\u00edcias do Mercado"],"inLanguage":"pt-BR"},{"@type":"Person","@id":"http:\/\/abifer.org.br\/#\/schema\/person\/90c38c3286f60a11b363834930f79a1f","name":"ABIFER","url":"http:\/\/abifer.org.br\/author\/abifer\/"}]}},"_links":{"self":[{"href":"http:\/\/abifer.org.br\/en\/wp-json\/wp\/v2\/posts\/93565\/"}],"collection":[{"href":"http:\/\/abifer.org.br\/en\/wp-json\/wp\/v2\/posts\/"}],"about":[{"href":"http:\/\/abifer.org.br\/en\/wp-json\/wp\/v2\/types\/post\/"}],"author":[{"embeddable":true,"href":"http:\/\/abifer.org.br\/en\/wp-json\/wp\/v2\/users\/55\/"}],"replies":[{"embeddable":true,"href":"http:\/\/abifer.org.br\/en\/wp-json\/wp\/v2\/comments\/?post=93565"}],"version-history":[{"count":1,"href":"http:\/\/abifer.org.br\/en\/wp-json\/wp\/v2\/posts\/93565\/revisions\/"}],"predecessor-version":[{"id":93566,"href":"http:\/\/abifer.org.br\/en\/wp-json\/wp\/v2\/posts\/93565\/revisions\/93566\/"}],"wp:featuredmedia":[{"embeddable":true,"href":"http:\/\/abifer.org.br\/en\/wp-json\/wp\/v2\/media\/92535\/"}],"wp:attachment":[{"href":"http:\/\/abifer.org.br\/en\/wp-json\/wp\/v2\/media\/?parent=93565"}],"wp:term":[{"taxonomy":"category","embeddable":true,"href":"http:\/\/abifer.org.br\/en\/wp-json\/wp\/v2\/categories\/?post=93565"},{"taxonomy":"post_tag","embeddable":true,"href":"http:\/\/abifer.org.br\/en\/wp-json\/wp\/v2\/tags\/?post=93565"}],"curies":[{"name":"wp","href":"https:\/\/api.w.org\/{rel}","templated":true}]}}