{"id":85900,"date":"2025-01-06T18:06:16","date_gmt":"2025-01-06T21:06:16","guid":{"rendered":"https:\/\/abifer.org.br\/?p=85900"},"modified":"2025-01-06T18:06:16","modified_gmt":"2025-01-06T21:06:16","slug":"posicionamento-cni-o-pacto-necessario-para-o-crescimento-do-brasil","status":"publish","type":"post","link":"https:\/\/abifer.org.br\/en\/posicionamento-cni-o-pacto-necessario-para-o-crescimento-do-brasil\/","title":{"rendered":"Posicionamento CNI &#8211; O pacto necess\u00e1rio para o crescimento do Brasil"},"content":{"rendered":"<pre style=\"text-align: right;\"><strong><em>Fonte: CNI\r\nData: 06\/01\/2025\r\nPor: Ricardo Alban \r\nEmpres\u00e1rio e presidente da Confedera\u00e7\u00e3o Nacional da Ind\u00fastria (CNI)<\/em><\/strong><\/pre>\n<p>Nos primeiros meses de 2024, a atividade econ\u00f4mica brasileira surpreendeu ao exibir um dinamismo maior do que o previsto. Havia, inclusive, sinais inequ\u00edvocos de solidez em \u00e1reas-chave, como a ind\u00fastria de transforma\u00e7\u00e3o, que come\u00e7ou a colher benef\u00edcios de uma nova orienta\u00e7\u00e3o de pol\u00edtica industrial \u2014 a chamada Nova Ind\u00fastria Brasil (NIB).<\/p>\n<p>O apoio a segmentos como o automotivo, o aliment\u00edcio, a constru\u00e7\u00e3o civil e o farmac\u00eautico, entre outros, colaborou para o fortalecimento do mercado de trabalho, o aumento de receitas fiscais e o surgimento de uma perspectiva de maior competitividade internacional.<\/p>\n<p>A infla\u00e7\u00e3o, que at\u00e9 ent\u00e3o se mantivera em patamar aceit\u00e1vel, chegou a registrar defla\u00e7\u00e3o em agosto, alimentando a sensa\u00e7\u00e3o de que a economia poderia encerrar o ano em terreno positivo, mesmo diante da contribui\u00e7\u00e3o menos favor\u00e1vel do agroneg\u00f3cio.<\/p>\n<p>A partir do fim do segundo semestre de 2024, entretanto, o clima de otimismo passou a dividir espa\u00e7o com preocupa\u00e7\u00f5es mais profundas sobre o horizonte de 2025. Enquanto a infla\u00e7\u00e3o se mantinha, em grande parte, controlada, outros indicadores traziam apreens\u00e3o: o d\u00f3lar come\u00e7ou a apresentar trajet\u00f3ria ascendente, a taxa b\u00e1sica de juros (Selic) deu sinais de alta e o mercado financeiro parecia cada vez mais c\u00e9tico quanto \u00e0 capacidade de o pa\u00eds equilibrar suas contas p\u00fablicas em curto prazo.<\/p>\n<p>O Brasil, que vinha de um hiato de baixo crescimento m\u00e9dio (0,5% ao ano entre 2012 e 2021), havia conseguido elevar a expans\u00e3o econ\u00f4mica para cerca de 3% ao ano no tri\u00eanio mais recente, inserindo o pa\u00eds entre as 6 economias que mais cresceram no G20.<\/p>\n<p>Contudo, a eleva\u00e7\u00e3o dos juros e a volatilidade cambial podem desencadear consequ\u00eancias adversas para investimentos produtivos e afetar a competitividade da ind\u00fastria nacional \u2014 justamente o segmento que melhor irrigava o conjunto das atividades econ\u00f4micas.<\/p>\n<p>Em paralelo, o d\u00e9ficit fiscal projetado para 2024 estava estimado em aproximadamente 0,18% do PIB, n\u00famero que, embora n\u00e3o alarmante em si mesmo, acendeu debates sobre o risco de agravamento no ano seguinte.<\/p>\n<p>Para 2025, as expectativas indicavam uma eleva\u00e7\u00e3o para a faixa de 0,4% do PIB, superando a banda de toler\u00e2ncia inicialmente pretendida de 0,25%.<\/p>\n<p>Esse salto exigiria um contingenciamento de recursos p\u00fablicos e um alinhamento de esfor\u00e7os de todas as esferas de poder para impedir que o desequil\u00edbrio fiscal se transformasse em um entrave mais duradouro ao crescimento.<\/p>\n<p>Afinal, a manuten\u00e7\u00e3o de juros altos n\u00e3o s\u00f3 encarece o servi\u00e7o da d\u00edvida \u2014 cada ponto percentual de acr\u00e9scimo na Selic adiciona algo em torno de R$ 50 bilh\u00f5es por ano aos gastos do governo \u2014 mas tamb\u00e9m arrefece os \u00e2nimos de quem pretende investir e gerar emprego no pa\u00eds.<\/p>\n<p>Caso os juros sofram aumentos significativos de 2024 para 2025, o desembolso adicional, que poderia ultrapassar os R$ 150 bilh\u00f5es anuais, anularia em grande medida os ganhos obtidos com as recentes iniciativas de ajuste aprovadas no Congresso.<\/p>\n<p>N\u00e3o \u00e9 poss\u00edvel dissociar esse cen\u00e1rio do comportamento do c\u00e2mbio. A escalada do d\u00f3lar pressiona fortemente os custos de produ\u00e7\u00e3o no mercado interno, pois boa parte dos insumos \u2013 sobretudo na ind\u00fastria de transforma\u00e7\u00e3o \u2013 \u00e9 importada.<\/p>\n<p>Se, por um lado, a desvaloriza\u00e7\u00e3o cambial pode beneficiar alguns exportadores, por outro encarece maquin\u00e1rios e componentes essenciais, potencialmente elevando pre\u00e7os finais ao consumidor e limitando a capacidade de inova\u00e7\u00e3o de empresas que dependem de bens de capital estrangeiros.<\/p>\n<p>O debate sobre o rumo da pol\u00edtica fiscal e monet\u00e1ria acentuou-se justamente porque, apesar de as medidas de corte de despesas propostas pelo Executivo terem sido aprovadas no Legislativo, a magnitude da conten\u00e7\u00e3o (pr\u00f3xima a R$ 70 bilh\u00f5es em dois anos) n\u00e3o elimina, sozinha, a necessidade de um pacto mais abrangente.<\/p>\n<p>A converg\u00eancia entre o Pal\u00e1cio do Planalto, o Congresso Nacional e o Judici\u00e1rio, somada \u00e0 participa\u00e7\u00e3o dos governos estaduais e municipais, configuraria um passo fundamental para a mitiga\u00e7\u00e3o de riscos, pois envolveria regras claras de responsabilidade fiscal associadas a est\u00edmulos para setores estrat\u00e9gicos, como a ind\u00fastria e o agroneg\u00f3cio.<\/p>\n<p>Esse pacto adquire centralidade quando se considera o passado recente do Brasil: o pa\u00eds passou longos anos com crescimento praticamente estagnado, mas apresentou, nos \u00faltimos tempos, sinais de que poderia acelerar e ingressar em um ciclo de prosperidade mais consistente.<\/p>\n<p>A ind\u00fastria de transforma\u00e7\u00e3o, amparada pela Nova Ind\u00fastria Brasil, demonstrou capacidade de expandir empregos de qualidade, atrair capitais para infraestrutura e aumentar a arrecada\u00e7\u00e3o tribut\u00e1ria. Ao transbordar benef\u00edcios a outros setores, seu bom desempenho evidenciou a import\u00e2ncia de se manter um ambiente macroecon\u00f4mico equilibrado.<\/p>\n<p>Contudo, o risco de que a pol\u00edtica monet\u00e1ria restritiva e a alta do d\u00f3lar sufoquem o \u00edmpeto industrial e agr\u00e1rio em 2025 \u00e9 real.<\/p>\n<p>Embora seja prov\u00e1vel que o agroneg\u00f3cio retome algum crescimento (ap\u00f3s um per\u00edodo de resultados menos expressivos), a exig\u00eancia de estabilidade cambial, de juros mais baixos e de disciplina or\u00e7ament\u00e1ria n\u00e3o pode ser negligenciada.<\/p>\n<p>Sem um direcionamento claro que una os setores p\u00fablico e privado, o pa\u00eds corre o risco de perder os ganhos recentes e mergulhar novamente em um cen\u00e1rio de instabilidade e baixo crescimento.<\/p>\n<p>\u00c9 nesse contexto que surge a proposta de um \u201cpacto nacional\u201d que envolva todos os Poderes, os empres\u00e1rios e os trabalhadores.<\/p>\n<p>Em ess\u00eancia, trata-se de criar um consenso em torno de metas fiscais e de pol\u00edticas econ\u00f4micas estruturantes, garantindo que, enquanto se busca o equil\u00edbrio das contas p\u00fablicas, haja tamb\u00e9m est\u00edmulos seletivos que assegurem a continuidade dos investimentos.<\/p>\n<p>A ind\u00fastria, motor do crescimento nacional, j\u00e1 se declarou disposta a ocupar seu lugar nessa mesa de negocia\u00e7\u00e3o, mas precisa de garantias m\u00ednimas de que os juros n\u00e3o subam a ponto de sufocar projetos de moderniza\u00e7\u00e3o e expans\u00e3o.<\/p>\n<p>Caso seja efetivado j\u00e1 nos primeiros meses de 2025, esse movimento de converg\u00eancia poder\u00e1 neutralizar o nervosismo do mercado, estabilizar o c\u00e2mbio em um patamar compat\u00edvel com a competitividade externa e, sobretudo, evitar que a manuten\u00e7\u00e3o de juros elevados torne a d\u00edvida p\u00fablica ainda mais onerosa.<\/p>\n<p>Em vez de travar o crescimento, a disciplina fiscal poderia vir acompanhada de medidas de incentivo \u00e0 inova\u00e7\u00e3o, \u00e0 infraestrutura, \u00e0 educa\u00e7\u00e3o e \u00e0 tecnologia, garantindo uma eleva\u00e7\u00e3o do PIB no m\u00e9dio e longo prazo&#8211; gradual, por\u00e9m sustentada.<\/p>\n<p>No fim das contas, a experi\u00eancia brasileira sugere que, quando h\u00e1 um consenso m\u00ednimo entre governo, setor privado e sociedade civil, o ambiente econ\u00f4mico se torna mais resiliente a choques internos e externos.<\/p>\n<p>A economia, que vinha crescendo a taxas muito baixas no passado recente, conseguiu avan\u00e7os significativos no tri\u00eanio anterior justamente porque as condi\u00e7\u00f5es de mercado e a condu\u00e7\u00e3o de pol\u00edticas setoriais favoreceram a ind\u00fastria de transforma\u00e7\u00e3o e a retomada da confian\u00e7a interna.<\/p>\n<p>N\u00e3o se trata de retomar um modelo estatizante ou de abandonar o ajuste fiscal, mas sim de encontrar um ponto de equil\u00edbrio em que a responsabilidade or\u00e7ament\u00e1ria coexista com a promo\u00e7\u00e3o do desenvolvimento. Portanto, o desafio imediato consiste em harmonizar pol\u00edticas monet\u00e1rias e fiscais de forma a n\u00e3o inviabilizar as conquistas alcan\u00e7adas pela ind\u00fastria at\u00e9 meados de 2024.<\/p>\n<p>Ainda que com desequil\u00edbrios setoriais, emergia desse per\u00edodo um pa\u00eds capaz de crescer. Agora, o objetivo deve ser refor\u00e7ar essa capacidade, corrigir vulnerabilidades e seguir avan\u00e7ando de maneira s\u00f3lida e sustent\u00e1vel.<\/p>\n<p>O grau de sucesso nessa empreitada depende, em larga medida, de uma coordena\u00e7\u00e3o efetiva: todos os n\u00edveis de governo, o setor produtivo e a for\u00e7a de trabalho precisam se unir num esfor\u00e7o consensual para dissipar expectativas negativas e imprimir ao pa\u00eds um novo ciclo de expans\u00e3o inclusiva e duradoura.<\/p>\n<p>Esse \u00e9 um passo fundamental e que precisa ser dado j\u00e1 no in\u00edcio do ano, de forma a garantir um ponto de inflex\u00e3o rumo a um fluxo de crescimento sustentado, que se espraie por todos os setores produtivos do pa\u00eds.<\/p>\n","protected":false},"excerpt":{"rendered":"<p>Fonte: CNI Data: 06\/01\/2025 Por: Ricardo Alban Empres\u00e1rio e presidente da Confedera\u00e7\u00e3o Nacional da Ind\u00fastria (CNI) Nos primeiros meses de 2024, a atividade econ\u00f4mica brasileira surpreendeu ao exibir um dinamismo maior do que o previsto. Havia, inclusive, sinais inequ\u00edvocos de solidez em \u00e1reas-chave, como a ind\u00fastria de transforma\u00e7\u00e3o, que come\u00e7ou a colher benef\u00edcios de uma [&hellip;]<\/p>\n","protected":false},"author":55,"featured_media":84847,"comment_status":"closed","ping_status":"closed","sticky":false,"template":"","format":"standard","meta":{"footnotes":""},"categories":[875],"tags":[],"class_list":["post-85900","post","type-post","status-publish","format-standard","has-post-thumbnail","hentry","category-noticias-do-mercado"],"acf":[],"yoast_head":"<!-- This site is optimized with the Yoast SEO plugin v18.2 - https:\/\/yoast.com\/wordpress\/plugins\/seo\/ -->\n<title>Posicionamento CNI - O pacto necess\u00e1rio para o crescimento do Brasil<\/title>\n<meta name=\"robots\" content=\"index, follow, max-snippet:-1, max-image-preview:large, max-video-preview:-1\" \/>\n<link rel=\"canonical\" href=\"http:\/\/abifer.org.br\/posicionamento-cni-o-pacto-necessario-para-o-crescimento-do-brasil\/\" \/>\n<meta property=\"og:locale\" content=\"pt_BR\" \/>\n<meta property=\"og:type\" content=\"article\" \/>\n<meta property=\"og:title\" content=\"Posicionamento CNI - O pacto necess\u00e1rio para o crescimento do Brasil\" \/>\n<meta property=\"og:description\" content=\"Fonte: CNI Data: 06\/01\/2025 Por: Ricardo Alban Empres\u00e1rio e presidente da Confedera\u00e7\u00e3o Nacional da Ind\u00fastria (CNI) Nos primeiros meses de 2024, a atividade econ\u00f4mica brasileira surpreendeu ao exibir um dinamismo maior do que o previsto. Havia, inclusive, sinais inequ\u00edvocos de solidez em \u00e1reas-chave, como a ind\u00fastria de transforma\u00e7\u00e3o, que come\u00e7ou a colher benef\u00edcios de uma [&hellip;]\" \/>\n<meta property=\"og:url\" content=\"http:\/\/abifer.org.br\/posicionamento-cni-o-pacto-necessario-para-o-crescimento-do-brasil\/\" \/>\n<meta property=\"og:site_name\" content=\"ABIFER\" \/>\n<meta property=\"article:publisher\" content=\"https:\/\/www.facebook.com\/abiferoficial\/\" \/>\n<meta property=\"article:published_time\" content=\"2025-01-06T21:06:16+00:00\" \/>\n<meta name=\"twitter:card\" content=\"summary_large_image\" \/>\n<meta name=\"twitter:image\" content=\"https:\/\/abifer.org.br\/wp-content\/uploads\/2024\/11\/cidade-desenvolvimento-economico-criadaporIA.webp\" \/>\n<meta name=\"twitter:creator\" content=\"@abiferoficial\" \/>\n<meta name=\"twitter:site\" content=\"@abiferoficial\" \/>\n<meta name=\"twitter:label1\" content=\"Escrito por\" \/>\n\t<meta name=\"twitter:data1\" content=\"ABIFER\" \/>\n\t<meta name=\"twitter:label2\" content=\"Est. tempo de leitura\" \/>\n\t<meta name=\"twitter:data2\" content=\"7 minutos\" \/>\n<script type=\"application\/ld+json\" class=\"yoast-schema-graph\">{\"@context\":\"https:\/\/schema.org\",\"@graph\":[{\"@type\":\"Organization\",\"@id\":\"http:\/\/abifer.org.br\/#organization\",\"name\":\"ABIFER\",\"url\":\"http:\/\/abifer.org.br\/\",\"sameAs\":[\"https:\/\/www.facebook.com\/abiferoficial\/\",\"https:\/\/www.linkedin.com\/company\/abiferoficial\/\",\"https:\/\/twitter.com\/abiferoficial\"],\"logo\":{\"@type\":\"ImageObject\",\"@id\":\"http:\/\/abifer.org.br\/#logo\",\"inLanguage\":\"pt-BR\",\"url\":\"https:\/\/abifer.org.br\/wp-content\/uploads\/2018\/05\/ABF_001_LogoSlogan.jpg\",\"contentUrl\":\"https:\/\/abifer.org.br\/wp-content\/uploads\/2018\/05\/ABF_001_LogoSlogan.jpg\",\"width\":1182,\"height\":486,\"caption\":\"ABIFER\"},\"image\":{\"@id\":\"http:\/\/abifer.org.br\/#logo\"}},{\"@type\":\"WebSite\",\"@id\":\"http:\/\/abifer.org.br\/#website\",\"url\":\"http:\/\/abifer.org.br\/\",\"name\":\"ABIFER\",\"description\":\"Associa\u00e7\u00e3o Brasileira da Ind\u00fastria Ferrovi\u00e1ria\",\"publisher\":{\"@id\":\"http:\/\/abifer.org.br\/#organization\"},\"potentialAction\":[{\"@type\":\"SearchAction\",\"target\":{\"@type\":\"EntryPoint\",\"urlTemplate\":\"http:\/\/abifer.org.br\/?s={search_term_string}\"},\"query-input\":\"required name=search_term_string\"}],\"inLanguage\":\"pt-BR\"},{\"@type\":\"ImageObject\",\"@id\":\"http:\/\/abifer.org.br\/posicionamento-cni-o-pacto-necessario-para-o-crescimento-do-brasil\/#primaryimage\",\"inLanguage\":\"pt-BR\",\"url\":\"https:\/\/abifer.org.br\/wp-content\/uploads\/2024\/11\/cidade-desenvolvimento-economico-criadaporIA.webp\",\"contentUrl\":\"https:\/\/abifer.org.br\/wp-content\/uploads\/2024\/11\/cidade-desenvolvimento-economico-criadaporIA.webp\",\"width\":1792,\"height\":1024},{\"@type\":\"WebPage\",\"@id\":\"http:\/\/abifer.org.br\/posicionamento-cni-o-pacto-necessario-para-o-crescimento-do-brasil\/#webpage\",\"url\":\"http:\/\/abifer.org.br\/posicionamento-cni-o-pacto-necessario-para-o-crescimento-do-brasil\/\",\"name\":\"Posicionamento CNI - O pacto necess\u00e1rio para o crescimento do Brasil\",\"isPartOf\":{\"@id\":\"http:\/\/abifer.org.br\/#website\"},\"primaryImageOfPage\":{\"@id\":\"http:\/\/abifer.org.br\/posicionamento-cni-o-pacto-necessario-para-o-crescimento-do-brasil\/#primaryimage\"},\"datePublished\":\"2025-01-06T21:06:16+00:00\",\"dateModified\":\"2025-01-06T21:06:16+00:00\",\"breadcrumb\":{\"@id\":\"http:\/\/abifer.org.br\/posicionamento-cni-o-pacto-necessario-para-o-crescimento-do-brasil\/#breadcrumb\"},\"inLanguage\":\"pt-BR\",\"potentialAction\":[{\"@type\":\"ReadAction\",\"target\":[\"http:\/\/abifer.org.br\/posicionamento-cni-o-pacto-necessario-para-o-crescimento-do-brasil\/\"]}]},{\"@type\":\"BreadcrumbList\",\"@id\":\"http:\/\/abifer.org.br\/posicionamento-cni-o-pacto-necessario-para-o-crescimento-do-brasil\/#breadcrumb\",\"itemListElement\":[{\"@type\":\"ListItem\",\"position\":1,\"name\":\"In\u00edcio\",\"item\":\"http:\/\/abifer.org.br\/\"},{\"@type\":\"ListItem\",\"position\":2,\"name\":\"Posicionamento CNI &#8211; O pacto necess\u00e1rio para o crescimento do Brasil\"}]},{\"@type\":\"Article\",\"@id\":\"http:\/\/abifer.org.br\/posicionamento-cni-o-pacto-necessario-para-o-crescimento-do-brasil\/#article\",\"isPartOf\":{\"@id\":\"http:\/\/abifer.org.br\/posicionamento-cni-o-pacto-necessario-para-o-crescimento-do-brasil\/#webpage\"},\"author\":{\"@id\":\"http:\/\/abifer.org.br\/#\/schema\/person\/90c38c3286f60a11b363834930f79a1f\"},\"headline\":\"Posicionamento CNI &#8211; O pacto necess\u00e1rio para o crescimento do Brasil\",\"datePublished\":\"2025-01-06T21:06:16+00:00\",\"dateModified\":\"2025-01-06T21:06:16+00:00\",\"mainEntityOfPage\":{\"@id\":\"http:\/\/abifer.org.br\/posicionamento-cni-o-pacto-necessario-para-o-crescimento-do-brasil\/#webpage\"},\"wordCount\":1391,\"publisher\":{\"@id\":\"http:\/\/abifer.org.br\/#organization\"},\"image\":{\"@id\":\"http:\/\/abifer.org.br\/posicionamento-cni-o-pacto-necessario-para-o-crescimento-do-brasil\/#primaryimage\"},\"thumbnailUrl\":\"https:\/\/abifer.org.br\/wp-content\/uploads\/2024\/11\/cidade-desenvolvimento-economico-criadaporIA.webp\",\"articleSection\":[\"Not\u00edcias do Mercado\"],\"inLanguage\":\"pt-BR\"},{\"@type\":\"Person\",\"@id\":\"http:\/\/abifer.org.br\/#\/schema\/person\/90c38c3286f60a11b363834930f79a1f\",\"name\":\"ABIFER\",\"url\":\"https:\/\/abifer.org.br\/author\/abifer\/\"}]}<\/script>\n<!-- \/ Yoast SEO plugin. -->","yoast_head_json":{"title":"Posicionamento CNI - O pacto necess\u00e1rio para o crescimento do Brasil","robots":{"index":"index","follow":"follow","max-snippet":"max-snippet:-1","max-image-preview":"max-image-preview:large","max-video-preview":"max-video-preview:-1"},"canonical":"http:\/\/abifer.org.br\/posicionamento-cni-o-pacto-necessario-para-o-crescimento-do-brasil\/","og_locale":"pt_BR","og_type":"article","og_title":"Posicionamento CNI - O pacto necess\u00e1rio para o crescimento do Brasil","og_description":"Fonte: CNI Data: 06\/01\/2025 Por: Ricardo Alban Empres\u00e1rio e presidente da Confedera\u00e7\u00e3o Nacional da Ind\u00fastria (CNI) Nos primeiros meses de 2024, a atividade econ\u00f4mica brasileira surpreendeu ao exibir um dinamismo maior do que o previsto. Havia, inclusive, sinais inequ\u00edvocos de solidez em \u00e1reas-chave, como a ind\u00fastria de transforma\u00e7\u00e3o, que come\u00e7ou a colher benef\u00edcios de uma [&hellip;]","og_url":"http:\/\/abifer.org.br\/posicionamento-cni-o-pacto-necessario-para-o-crescimento-do-brasil\/","og_site_name":"ABIFER","article_publisher":"https:\/\/www.facebook.com\/abiferoficial\/","article_published_time":"2025-01-06T21:06:16+00:00","twitter_card":"summary_large_image","twitter_image":"https:\/\/abifer.org.br\/wp-content\/uploads\/2024\/11\/cidade-desenvolvimento-economico-criadaporIA.webp","twitter_creator":"@abiferoficial","twitter_site":"@abiferoficial","twitter_misc":{"Escrito por":"ABIFER","Est. tempo de leitura":"7 minutos"},"schema":{"@context":"https:\/\/schema.org","@graph":[{"@type":"Organization","@id":"http:\/\/abifer.org.br\/#organization","name":"ABIFER","url":"http:\/\/abifer.org.br\/","sameAs":["https:\/\/www.facebook.com\/abiferoficial\/","https:\/\/www.linkedin.com\/company\/abiferoficial\/","https:\/\/twitter.com\/abiferoficial"],"logo":{"@type":"ImageObject","@id":"http:\/\/abifer.org.br\/#logo","inLanguage":"pt-BR","url":"https:\/\/abifer.org.br\/wp-content\/uploads\/2018\/05\/ABF_001_LogoSlogan.jpg","contentUrl":"https:\/\/abifer.org.br\/wp-content\/uploads\/2018\/05\/ABF_001_LogoSlogan.jpg","width":1182,"height":486,"caption":"ABIFER"},"image":{"@id":"http:\/\/abifer.org.br\/#logo"}},{"@type":"WebSite","@id":"http:\/\/abifer.org.br\/#website","url":"http:\/\/abifer.org.br\/","name":"ABIFER","description":"Associa\u00e7\u00e3o Brasileira da Ind\u00fastria Ferrovi\u00e1ria","publisher":{"@id":"http:\/\/abifer.org.br\/#organization"},"potentialAction":[{"@type":"SearchAction","target":{"@type":"EntryPoint","urlTemplate":"http:\/\/abifer.org.br\/?s={search_term_string}"},"query-input":"required name=search_term_string"}],"inLanguage":"pt-BR"},{"@type":"ImageObject","@id":"http:\/\/abifer.org.br\/posicionamento-cni-o-pacto-necessario-para-o-crescimento-do-brasil\/#primaryimage","inLanguage":"pt-BR","url":"https:\/\/abifer.org.br\/wp-content\/uploads\/2024\/11\/cidade-desenvolvimento-economico-criadaporIA.webp","contentUrl":"https:\/\/abifer.org.br\/wp-content\/uploads\/2024\/11\/cidade-desenvolvimento-economico-criadaporIA.webp","width":1792,"height":1024},{"@type":"WebPage","@id":"http:\/\/abifer.org.br\/posicionamento-cni-o-pacto-necessario-para-o-crescimento-do-brasil\/#webpage","url":"http:\/\/abifer.org.br\/posicionamento-cni-o-pacto-necessario-para-o-crescimento-do-brasil\/","name":"Posicionamento CNI - O pacto necess\u00e1rio para o crescimento do Brasil","isPartOf":{"@id":"http:\/\/abifer.org.br\/#website"},"primaryImageOfPage":{"@id":"http:\/\/abifer.org.br\/posicionamento-cni-o-pacto-necessario-para-o-crescimento-do-brasil\/#primaryimage"},"datePublished":"2025-01-06T21:06:16+00:00","dateModified":"2025-01-06T21:06:16+00:00","breadcrumb":{"@id":"http:\/\/abifer.org.br\/posicionamento-cni-o-pacto-necessario-para-o-crescimento-do-brasil\/#breadcrumb"},"inLanguage":"pt-BR","potentialAction":[{"@type":"ReadAction","target":["http:\/\/abifer.org.br\/posicionamento-cni-o-pacto-necessario-para-o-crescimento-do-brasil\/"]}]},{"@type":"BreadcrumbList","@id":"http:\/\/abifer.org.br\/posicionamento-cni-o-pacto-necessario-para-o-crescimento-do-brasil\/#breadcrumb","itemListElement":[{"@type":"ListItem","position":1,"name":"In\u00edcio","item":"http:\/\/abifer.org.br\/"},{"@type":"ListItem","position":2,"name":"Posicionamento CNI &#8211; O pacto necess\u00e1rio para o crescimento do Brasil"}]},{"@type":"Article","@id":"http:\/\/abifer.org.br\/posicionamento-cni-o-pacto-necessario-para-o-crescimento-do-brasil\/#article","isPartOf":{"@id":"http:\/\/abifer.org.br\/posicionamento-cni-o-pacto-necessario-para-o-crescimento-do-brasil\/#webpage"},"author":{"@id":"http:\/\/abifer.org.br\/#\/schema\/person\/90c38c3286f60a11b363834930f79a1f"},"headline":"Posicionamento CNI &#8211; O pacto necess\u00e1rio para o crescimento do Brasil","datePublished":"2025-01-06T21:06:16+00:00","dateModified":"2025-01-06T21:06:16+00:00","mainEntityOfPage":{"@id":"http:\/\/abifer.org.br\/posicionamento-cni-o-pacto-necessario-para-o-crescimento-do-brasil\/#webpage"},"wordCount":1391,"publisher":{"@id":"http:\/\/abifer.org.br\/#organization"},"image":{"@id":"http:\/\/abifer.org.br\/posicionamento-cni-o-pacto-necessario-para-o-crescimento-do-brasil\/#primaryimage"},"thumbnailUrl":"https:\/\/abifer.org.br\/wp-content\/uploads\/2024\/11\/cidade-desenvolvimento-economico-criadaporIA.webp","articleSection":["Not\u00edcias do Mercado"],"inLanguage":"pt-BR"},{"@type":"Person","@id":"http:\/\/abifer.org.br\/#\/schema\/person\/90c38c3286f60a11b363834930f79a1f","name":"ABIFER","url":"https:\/\/abifer.org.br\/author\/abifer\/"}]}},"_links":{"self":[{"href":"https:\/\/abifer.org.br\/en\/wp-json\/wp\/v2\/posts\/85900\/"}],"collection":[{"href":"https:\/\/abifer.org.br\/en\/wp-json\/wp\/v2\/posts\/"}],"about":[{"href":"https:\/\/abifer.org.br\/en\/wp-json\/wp\/v2\/types\/post\/"}],"author":[{"embeddable":true,"href":"https:\/\/abifer.org.br\/en\/wp-json\/wp\/v2\/users\/55\/"}],"replies":[{"embeddable":true,"href":"https:\/\/abifer.org.br\/en\/wp-json\/wp\/v2\/comments\/?post=85900"}],"version-history":[{"count":1,"href":"https:\/\/abifer.org.br\/en\/wp-json\/wp\/v2\/posts\/85900\/revisions\/"}],"predecessor-version":[{"id":85901,"href":"https:\/\/abifer.org.br\/en\/wp-json\/wp\/v2\/posts\/85900\/revisions\/85901\/"}],"wp:featuredmedia":[{"embeddable":true,"href":"https:\/\/abifer.org.br\/en\/wp-json\/wp\/v2\/media\/84847\/"}],"wp:attachment":[{"href":"https:\/\/abifer.org.br\/en\/wp-json\/wp\/v2\/media\/?parent=85900"}],"wp:term":[{"taxonomy":"category","embeddable":true,"href":"https:\/\/abifer.org.br\/en\/wp-json\/wp\/v2\/categories\/?post=85900"},{"taxonomy":"post_tag","embeddable":true,"href":"https:\/\/abifer.org.br\/en\/wp-json\/wp\/v2\/tags\/?post=85900"}],"curies":[{"name":"wp","href":"https:\/\/api.w.org\/{rel}","templated":true}]}}