{"id":93546,"date":"2026-04-27T08:44:28","date_gmt":"2026-04-27T11:44:28","guid":{"rendered":"https:\/\/abifer.org.br\/?p=93546"},"modified":"2026-04-27T08:44:28","modified_gmt":"2026-04-27T11:44:28","slug":"bahia-avanca-na-mobilidade-urbana-e-projeta-nova-conexao-ferroviaria-entre-salvador-e-o-interior","status":"publish","type":"post","link":"https:\/\/abifer.org.br\/en\/bahia-avanca-na-mobilidade-urbana-e-projeta-nova-conexao-ferroviaria-entre-salvador-e-o-interior\/","title":{"rendered":"Bahia avan\u00e7a na mobilidade urbana e projeta nova conex\u00e3o ferrovi\u00e1ria entre Salvador e o interior"},"content":{"rendered":"<pre style=\"text-align: right;\"><a href=\"https:\/\/www.ba.gov.br\/comunicacao\/noticias\/2026-04\/381026\/bahia-avanca-na-mobilidade-urbana-e-projeta-nova-conexao-ferroviaria-entre\" target=\"_blank\" rel=\"noopener\"><strong><em>Fonte: Governo da Bahia\r\nData: 23\/04\/2026<\/em><\/strong><\/a><\/pre>\n<p>A Bahia vive um novo ciclo de transforma\u00e7\u00e3o da infraestrutura de transporte, resultado do protagonismo do Governo do Estado, em parceria com o Governo Federal, na estrutura\u00e7\u00e3o de investimentos estrat\u00e9gicos que reposicionam Salvador e a Regi\u00e3o Metropolitana (RMS) como refer\u00eancia em mobilidade urbana no pa\u00eds.<\/p>\n<p>O cen\u00e1rio foi apresentado pela Companhia de Transportes do Estado da Bahia (CTB), em reuni\u00e3o realizada na Secretaria do Planejamento (Seplan), nesta quinta-feira (23), evidenciando o avan\u00e7o das obras do metr\u00f4, a implanta\u00e7\u00e3o do VLT e a perspectiva de expans\u00e3o ferrovi\u00e1ria conectando a capital ao interior.<\/p>\n<p>Atualmente, os investimentos em sistemas sobre trilhos na capital e RMS j\u00e1 superam R$ 8,5 bilh\u00f5es, abrangendo a expans\u00e3o do VLT, a amplia\u00e7\u00e3o do metr\u00f4 e interven\u00e7\u00f5es urbanas associadas. As a\u00e7\u00f5es integram diferentes modais, eliminam gargalos hist\u00f3ricos e promovem mais qualidade de vida, conectividade e dinamismo econ\u00f4mico para a popula\u00e7\u00e3o.<\/p>\n<p>Mais do que um conjunto de obras, trata-se de uma agenda estruturada de Estado, ancorada no planejamento estrat\u00e9gico conduzido pela Seplan e alinhada \u00e0s diretrizes do Plano de Desenvolvimento Integrado (PDI) Bahia 2050, especialmente no eixo de competitividade sist\u00eamica, que orienta a consolida\u00e7\u00e3o de uma matriz produtiva integrada, eficiente e territorialmente equilibrada.<\/p>\n<p>Durante a apresenta\u00e7\u00e3o, o presidente da CTB, Eracy Lafuente, destacou o papel central do planejamento na constru\u00e7\u00e3o dessa agenda. \u201cEsse di\u00e1logo com a Secretaria do Planejamento n\u00e3o \u00e9 apenas importante, \u00e9 indispens\u00e1vel. Precisamos organizar a infraestrutura log\u00edstica para gerar renda, desenvolver os territ\u00f3rios e fortalecer a economia. O projeto apresentado hoje \u00e9 resultado de um processo cont\u00ednuo de escuta, alinhamento e converg\u00eancia com o planejamento do Estado\u201d, afirmou.<\/p>\n<p>Al\u00e9m do avan\u00e7o das obras em curso, um dos principais vetores de futuro \u00e9 o projeto de liga\u00e7\u00e3o ferrovi\u00e1ria entre Salvador e Juazeiro, atualmente em fase inicial de estudos, com recursos assegurados pelo Governo Federal. A proposta prev\u00ea a implanta\u00e7\u00e3o de um sistema sobre trilhos com mais de 600 quil\u00f4metros de extens\u00e3o, conectando a capital a polos produtivos estrat\u00e9gicos do interior.<\/p>\n<p>Segundo o presidente da CTB, a iniciativa representa um salto de escala na infraestrutura log\u00edstica do estado e deve gerar impactos estruturantes, como a redu\u00e7\u00e3o dos custos de transporte, a atra\u00e7\u00e3o de investimentos, a gera\u00e7\u00e3o de emprego e renda, a promo\u00e7\u00e3o da sustentabilidade ambiental, a integra\u00e7\u00e3o multimodal e o fortalecimento das cadeias produtivas.<\/p>\n<p>Para o secret\u00e1rio do Planejamento, Cl\u00e1udio Peixoto, a converg\u00eancia entre planejamento estrat\u00e9gico e execu\u00e7\u00e3o de grandes projetos \u00e9 o que assegura resultados consistentes para a popula\u00e7\u00e3o. Nesse sentido, ele destaca que os projetos executados pela CTB dialogam diretamente com a estrat\u00e9gia maior do Governo da Bahia, funcionando como alavancas para o desenvolvimento econ\u00f4mico e social, ao integrar mobilidade urbana, log\u00edstica de transporte e requalifica\u00e7\u00e3o territorial.<\/p>\n<p>\u201cA infraestrutura log\u00edstica \u00e9 um vetor essencial para o desenvolvimento. Quando o Governo do Estado, em parceria com o Governo Federal, investe de forma planejada e integrada, criamos as condi\u00e7\u00f5es para dinamizar a economia, atrair investimentos e reduzir desigualdades regionais. Esse \u00e9 o papel do planejamento: conectar projetos, territ\u00f3rios e oportunidades em uma vis\u00e3o de longo prazo\u201d, destacou Peixoto.<\/p>\n<p>&nbsp;<\/p>\n","protected":false},"excerpt":{"rendered":"<p>Fonte: Governo da Bahia Data: 23\/04\/2026 A Bahia vive um novo ciclo de transforma\u00e7\u00e3o da infraestrutura de transporte, resultado do protagonismo do Governo do Estado, em parceria com o Governo Federal, na estrutura\u00e7\u00e3o de investimentos estrat\u00e9gicos que reposicionam Salvador e a Regi\u00e3o Metropolitana (RMS) como refer\u00eancia em mobilidade urbana no pa\u00eds. O cen\u00e1rio foi apresentado [&hellip;]<\/p>\n","protected":false},"author":55,"featured_media":92535,"comment_status":"closed","ping_status":"closed","sticky":false,"template":"","format":"standard","meta":{"footnotes":""},"categories":[875],"tags":[],"class_list":["post-93546","post","type-post","status-publish","format-standard","has-post-thumbnail","hentry","category-noticias-do-mercado"],"acf":[],"yoast_head":"<!-- This site is optimized with the Yoast SEO plugin v18.2 - https:\/\/yoast.com\/wordpress\/plugins\/seo\/ -->\n<title>Bahia avan\u00e7a na mobilidade urbana e projeta nova conex\u00e3o ferrovi\u00e1ria entre Salvador e o interior<\/title>\n<meta name=\"robots\" content=\"index, follow, max-snippet:-1, max-image-preview:large, max-video-preview:-1\" \/>\n<link rel=\"canonical\" href=\"https:\/\/abifer.org.br\/bahia-avanca-na-mobilidade-urbana-e-projeta-nova-conexao-ferroviaria-entre-salvador-e-o-interior\/\" \/>\n<meta property=\"og:locale\" content=\"pt_BR\" \/>\n<meta property=\"og:type\" content=\"article\" \/>\n<meta property=\"og:title\" content=\"Bahia avan\u00e7a na mobilidade urbana e projeta nova conex\u00e3o ferrovi\u00e1ria entre Salvador e o interior\" \/>\n<meta property=\"og:description\" content=\"Fonte: Governo da Bahia Data: 23\/04\/2026 A Bahia vive um novo ciclo de transforma\u00e7\u00e3o da infraestrutura de transporte, resultado do protagonismo do Governo do Estado, em parceria com o Governo Federal, na estrutura\u00e7\u00e3o de investimentos estrat\u00e9gicos que reposicionam Salvador e a Regi\u00e3o Metropolitana (RMS) como refer\u00eancia em mobilidade urbana no pa\u00eds. O cen\u00e1rio foi apresentado [&hellip;]\" \/>\n<meta property=\"og:url\" content=\"https:\/\/abifer.org.br\/bahia-avanca-na-mobilidade-urbana-e-projeta-nova-conexao-ferroviaria-entre-salvador-e-o-interior\/\" \/>\n<meta property=\"og:site_name\" content=\"ABIFER\" \/>\n<meta property=\"article:publisher\" content=\"https:\/\/www.facebook.com\/abiferoficial\/\" \/>\n<meta property=\"article:published_time\" content=\"2026-04-27T11:44:28+00:00\" \/>\n<meta property=\"og:image\" content=\"http:\/\/abifer.org.br\/wp-content\/uploads\/2026\/02\/NOTICIAS-DO-MERCADO.jpg\" \/>\n\t<meta property=\"og:image:width\" content=\"1920\" \/>\n\t<meta property=\"og:image:height\" content=\"1080\" \/>\n\t<meta property=\"og:image:type\" content=\"image\/jpeg\" \/>\n<meta name=\"twitter:card\" content=\"summary_large_image\" \/>\n<meta name=\"twitter:creator\" content=\"@abiferoficial\" \/>\n<meta name=\"twitter:site\" content=\"@abiferoficial\" \/>\n<meta name=\"twitter:label1\" content=\"Escrito por\" \/>\n\t<meta name=\"twitter:data1\" content=\"ABIFER\" \/>\n\t<meta name=\"twitter:label2\" content=\"Est. tempo de leitura\" \/>\n\t<meta name=\"twitter:data2\" content=\"3 minutos\" \/>\n<script type=\"application\/ld+json\" class=\"yoast-schema-graph\">{\"@context\":\"https:\/\/schema.org\",\"@graph\":[{\"@type\":\"Organization\",\"@id\":\"http:\/\/abifer.org.br\/#organization\",\"name\":\"ABIFER\",\"url\":\"http:\/\/abifer.org.br\/\",\"sameAs\":[\"https:\/\/www.facebook.com\/abiferoficial\/\",\"https:\/\/www.linkedin.com\/company\/abiferoficial\/\",\"https:\/\/twitter.com\/abiferoficial\"],\"logo\":{\"@type\":\"ImageObject\",\"@id\":\"http:\/\/abifer.org.br\/#logo\",\"inLanguage\":\"pt-BR\",\"url\":\"https:\/\/abifer.org.br\/wp-content\/uploads\/2018\/05\/ABF_001_LogoSlogan.jpg\",\"contentUrl\":\"https:\/\/abifer.org.br\/wp-content\/uploads\/2018\/05\/ABF_001_LogoSlogan.jpg\",\"width\":1182,\"height\":486,\"caption\":\"ABIFER\"},\"image\":{\"@id\":\"http:\/\/abifer.org.br\/#logo\"}},{\"@type\":\"WebSite\",\"@id\":\"http:\/\/abifer.org.br\/#website\",\"url\":\"http:\/\/abifer.org.br\/\",\"name\":\"ABIFER\",\"description\":\"Associa\u00e7\u00e3o Brasileira da Ind\u00fastria Ferrovi\u00e1ria\",\"publisher\":{\"@id\":\"http:\/\/abifer.org.br\/#organization\"},\"potentialAction\":[{\"@type\":\"SearchAction\",\"target\":{\"@type\":\"EntryPoint\",\"urlTemplate\":\"http:\/\/abifer.org.br\/?s={search_term_string}\"},\"query-input\":\"required name=search_term_string\"}],\"inLanguage\":\"pt-BR\"},{\"@type\":\"ImageObject\",\"@id\":\"https:\/\/abifer.org.br\/bahia-avanca-na-mobilidade-urbana-e-projeta-nova-conexao-ferroviaria-entre-salvador-e-o-interior\/#primaryimage\",\"inLanguage\":\"pt-BR\",\"url\":\"https:\/\/abifer.org.br\/wp-content\/uploads\/2026\/02\/NOTICIAS-DO-MERCADO.jpg\",\"contentUrl\":\"https:\/\/abifer.org.br\/wp-content\/uploads\/2026\/02\/NOTICIAS-DO-MERCADO.jpg\",\"width\":1920,\"height\":1080},{\"@type\":\"WebPage\",\"@id\":\"https:\/\/abifer.org.br\/bahia-avanca-na-mobilidade-urbana-e-projeta-nova-conexao-ferroviaria-entre-salvador-e-o-interior\/#webpage\",\"url\":\"https:\/\/abifer.org.br\/bahia-avanca-na-mobilidade-urbana-e-projeta-nova-conexao-ferroviaria-entre-salvador-e-o-interior\/\",\"name\":\"Bahia avan\u00e7a na mobilidade urbana e projeta nova conex\u00e3o ferrovi\u00e1ria entre Salvador e o interior\",\"isPartOf\":{\"@id\":\"http:\/\/abifer.org.br\/#website\"},\"primaryImageOfPage\":{\"@id\":\"https:\/\/abifer.org.br\/bahia-avanca-na-mobilidade-urbana-e-projeta-nova-conexao-ferroviaria-entre-salvador-e-o-interior\/#primaryimage\"},\"datePublished\":\"2026-04-27T11:44:28+00:00\",\"dateModified\":\"2026-04-27T11:44:28+00:00\",\"breadcrumb\":{\"@id\":\"https:\/\/abifer.org.br\/bahia-avanca-na-mobilidade-urbana-e-projeta-nova-conexao-ferroviaria-entre-salvador-e-o-interior\/#breadcrumb\"},\"inLanguage\":\"pt-BR\",\"potentialAction\":[{\"@type\":\"ReadAction\",\"target\":[\"https:\/\/abifer.org.br\/bahia-avanca-na-mobilidade-urbana-e-projeta-nova-conexao-ferroviaria-entre-salvador-e-o-interior\/\"]}]},{\"@type\":\"BreadcrumbList\",\"@id\":\"https:\/\/abifer.org.br\/bahia-avanca-na-mobilidade-urbana-e-projeta-nova-conexao-ferroviaria-entre-salvador-e-o-interior\/#breadcrumb\",\"itemListElement\":[{\"@type\":\"ListItem\",\"position\":1,\"name\":\"In\u00edcio\",\"item\":\"http:\/\/abifer.org.br\/\"},{\"@type\":\"ListItem\",\"position\":2,\"name\":\"Bahia avan\u00e7a na mobilidade urbana e projeta nova conex\u00e3o ferrovi\u00e1ria entre Salvador e o interior\"}]},{\"@type\":\"Article\",\"@id\":\"https:\/\/abifer.org.br\/bahia-avanca-na-mobilidade-urbana-e-projeta-nova-conexao-ferroviaria-entre-salvador-e-o-interior\/#article\",\"isPartOf\":{\"@id\":\"https:\/\/abifer.org.br\/bahia-avanca-na-mobilidade-urbana-e-projeta-nova-conexao-ferroviaria-entre-salvador-e-o-interior\/#webpage\"},\"author\":{\"@id\":\"http:\/\/abifer.org.br\/#\/schema\/person\/90c38c3286f60a11b363834930f79a1f\"},\"headline\":\"Bahia avan\u00e7a na mobilidade urbana e projeta nova conex\u00e3o ferrovi\u00e1ria entre Salvador e o interior\",\"datePublished\":\"2026-04-27T11:44:28+00:00\",\"dateModified\":\"2026-04-27T11:44:28+00:00\",\"mainEntityOfPage\":{\"@id\":\"https:\/\/abifer.org.br\/bahia-avanca-na-mobilidade-urbana-e-projeta-nova-conexao-ferroviaria-entre-salvador-e-o-interior\/#webpage\"},\"wordCount\":567,\"publisher\":{\"@id\":\"http:\/\/abifer.org.br\/#organization\"},\"image\":{\"@id\":\"https:\/\/abifer.org.br\/bahia-avanca-na-mobilidade-urbana-e-projeta-nova-conexao-ferroviaria-entre-salvador-e-o-interior\/#primaryimage\"},\"thumbnailUrl\":\"https:\/\/abifer.org.br\/wp-content\/uploads\/2026\/02\/NOTICIAS-DO-MERCADO.jpg\",\"articleSection\":[\"Not\u00edcias do Mercado\"],\"inLanguage\":\"pt-BR\"},{\"@type\":\"Person\",\"@id\":\"http:\/\/abifer.org.br\/#\/schema\/person\/90c38c3286f60a11b363834930f79a1f\",\"name\":\"ABIFER\",\"url\":\"https:\/\/abifer.org.br\/author\/abifer\/\"}]}<\/script>\n<!-- \/ Yoast SEO plugin. -->","yoast_head_json":{"title":"Bahia avan\u00e7a na mobilidade urbana e projeta nova conex\u00e3o ferrovi\u00e1ria entre Salvador e o interior","robots":{"index":"index","follow":"follow","max-snippet":"max-snippet:-1","max-image-preview":"max-image-preview:large","max-video-preview":"max-video-preview:-1"},"canonical":"https:\/\/abifer.org.br\/bahia-avanca-na-mobilidade-urbana-e-projeta-nova-conexao-ferroviaria-entre-salvador-e-o-interior\/","og_locale":"pt_BR","og_type":"article","og_title":"Bahia avan\u00e7a na mobilidade urbana e projeta nova conex\u00e3o ferrovi\u00e1ria entre Salvador e o interior","og_description":"Fonte: Governo da Bahia Data: 23\/04\/2026 A Bahia vive um novo ciclo de transforma\u00e7\u00e3o da infraestrutura de transporte, resultado do protagonismo do Governo do Estado, em parceria com o Governo Federal, na estrutura\u00e7\u00e3o de investimentos estrat\u00e9gicos que reposicionam Salvador e a Regi\u00e3o Metropolitana (RMS) como refer\u00eancia em mobilidade urbana no pa\u00eds. O cen\u00e1rio foi apresentado [&hellip;]","og_url":"https:\/\/abifer.org.br\/bahia-avanca-na-mobilidade-urbana-e-projeta-nova-conexao-ferroviaria-entre-salvador-e-o-interior\/","og_site_name":"ABIFER","article_publisher":"https:\/\/www.facebook.com\/abiferoficial\/","article_published_time":"2026-04-27T11:44:28+00:00","og_image":[{"width":1920,"height":1080,"url":"http:\/\/abifer.org.br\/wp-content\/uploads\/2026\/02\/NOTICIAS-DO-MERCADO.jpg","type":"image\/jpeg"}],"twitter_card":"summary_large_image","twitter_creator":"@abiferoficial","twitter_site":"@abiferoficial","twitter_misc":{"Escrito por":"ABIFER","Est. tempo de leitura":"3 minutos"},"schema":{"@context":"https:\/\/schema.org","@graph":[{"@type":"Organization","@id":"http:\/\/abifer.org.br\/#organization","name":"ABIFER","url":"http:\/\/abifer.org.br\/","sameAs":["https:\/\/www.facebook.com\/abiferoficial\/","https:\/\/www.linkedin.com\/company\/abiferoficial\/","https:\/\/twitter.com\/abiferoficial"],"logo":{"@type":"ImageObject","@id":"http:\/\/abifer.org.br\/#logo","inLanguage":"pt-BR","url":"https:\/\/abifer.org.br\/wp-content\/uploads\/2018\/05\/ABF_001_LogoSlogan.jpg","contentUrl":"https:\/\/abifer.org.br\/wp-content\/uploads\/2018\/05\/ABF_001_LogoSlogan.jpg","width":1182,"height":486,"caption":"ABIFER"},"image":{"@id":"http:\/\/abifer.org.br\/#logo"}},{"@type":"WebSite","@id":"http:\/\/abifer.org.br\/#website","url":"http:\/\/abifer.org.br\/","name":"ABIFER","description":"Associa\u00e7\u00e3o Brasileira da Ind\u00fastria Ferrovi\u00e1ria","publisher":{"@id":"http:\/\/abifer.org.br\/#organization"},"potentialAction":[{"@type":"SearchAction","target":{"@type":"EntryPoint","urlTemplate":"http:\/\/abifer.org.br\/?s={search_term_string}"},"query-input":"required name=search_term_string"}],"inLanguage":"pt-BR"},{"@type":"ImageObject","@id":"https:\/\/abifer.org.br\/bahia-avanca-na-mobilidade-urbana-e-projeta-nova-conexao-ferroviaria-entre-salvador-e-o-interior\/#primaryimage","inLanguage":"pt-BR","url":"https:\/\/abifer.org.br\/wp-content\/uploads\/2026\/02\/NOTICIAS-DO-MERCADO.jpg","contentUrl":"https:\/\/abifer.org.br\/wp-content\/uploads\/2026\/02\/NOTICIAS-DO-MERCADO.jpg","width":1920,"height":1080},{"@type":"WebPage","@id":"https:\/\/abifer.org.br\/bahia-avanca-na-mobilidade-urbana-e-projeta-nova-conexao-ferroviaria-entre-salvador-e-o-interior\/#webpage","url":"https:\/\/abifer.org.br\/bahia-avanca-na-mobilidade-urbana-e-projeta-nova-conexao-ferroviaria-entre-salvador-e-o-interior\/","name":"Bahia avan\u00e7a na mobilidade urbana e projeta nova conex\u00e3o ferrovi\u00e1ria entre Salvador e o interior","isPartOf":{"@id":"http:\/\/abifer.org.br\/#website"},"primaryImageOfPage":{"@id":"https:\/\/abifer.org.br\/bahia-avanca-na-mobilidade-urbana-e-projeta-nova-conexao-ferroviaria-entre-salvador-e-o-interior\/#primaryimage"},"datePublished":"2026-04-27T11:44:28+00:00","dateModified":"2026-04-27T11:44:28+00:00","breadcrumb":{"@id":"https:\/\/abifer.org.br\/bahia-avanca-na-mobilidade-urbana-e-projeta-nova-conexao-ferroviaria-entre-salvador-e-o-interior\/#breadcrumb"},"inLanguage":"pt-BR","potentialAction":[{"@type":"ReadAction","target":["https:\/\/abifer.org.br\/bahia-avanca-na-mobilidade-urbana-e-projeta-nova-conexao-ferroviaria-entre-salvador-e-o-interior\/"]}]},{"@type":"BreadcrumbList","@id":"https:\/\/abifer.org.br\/bahia-avanca-na-mobilidade-urbana-e-projeta-nova-conexao-ferroviaria-entre-salvador-e-o-interior\/#breadcrumb","itemListElement":[{"@type":"ListItem","position":1,"name":"In\u00edcio","item":"http:\/\/abifer.org.br\/"},{"@type":"ListItem","position":2,"name":"Bahia avan\u00e7a na mobilidade urbana e projeta nova conex\u00e3o ferrovi\u00e1ria entre Salvador e o interior"}]},{"@type":"Article","@id":"https:\/\/abifer.org.br\/bahia-avanca-na-mobilidade-urbana-e-projeta-nova-conexao-ferroviaria-entre-salvador-e-o-interior\/#article","isPartOf":{"@id":"https:\/\/abifer.org.br\/bahia-avanca-na-mobilidade-urbana-e-projeta-nova-conexao-ferroviaria-entre-salvador-e-o-interior\/#webpage"},"author":{"@id":"http:\/\/abifer.org.br\/#\/schema\/person\/90c38c3286f60a11b363834930f79a1f"},"headline":"Bahia avan\u00e7a na mobilidade urbana e projeta nova conex\u00e3o ferrovi\u00e1ria entre Salvador e o interior","datePublished":"2026-04-27T11:44:28+00:00","dateModified":"2026-04-27T11:44:28+00:00","mainEntityOfPage":{"@id":"https:\/\/abifer.org.br\/bahia-avanca-na-mobilidade-urbana-e-projeta-nova-conexao-ferroviaria-entre-salvador-e-o-interior\/#webpage"},"wordCount":567,"publisher":{"@id":"http:\/\/abifer.org.br\/#organization"},"image":{"@id":"https:\/\/abifer.org.br\/bahia-avanca-na-mobilidade-urbana-e-projeta-nova-conexao-ferroviaria-entre-salvador-e-o-interior\/#primaryimage"},"thumbnailUrl":"https:\/\/abifer.org.br\/wp-content\/uploads\/2026\/02\/NOTICIAS-DO-MERCADO.jpg","articleSection":["Not\u00edcias do Mercado"],"inLanguage":"pt-BR"},{"@type":"Person","@id":"http:\/\/abifer.org.br\/#\/schema\/person\/90c38c3286f60a11b363834930f79a1f","name":"ABIFER","url":"https:\/\/abifer.org.br\/author\/abifer\/"}]}},"_links":{"self":[{"href":"https:\/\/abifer.org.br\/en\/wp-json\/wp\/v2\/posts\/93546\/"}],"collection":[{"href":"https:\/\/abifer.org.br\/en\/wp-json\/wp\/v2\/posts\/"}],"about":[{"href":"https:\/\/abifer.org.br\/en\/wp-json\/wp\/v2\/types\/post\/"}],"author":[{"embeddable":true,"href":"https:\/\/abifer.org.br\/en\/wp-json\/wp\/v2\/users\/55\/"}],"replies":[{"embeddable":true,"href":"https:\/\/abifer.org.br\/en\/wp-json\/wp\/v2\/comments\/?post=93546"}],"version-history":[{"count":1,"href":"https:\/\/abifer.org.br\/en\/wp-json\/wp\/v2\/posts\/93546\/revisions\/"}],"predecessor-version":[{"id":93547,"href":"https:\/\/abifer.org.br\/en\/wp-json\/wp\/v2\/posts\/93546\/revisions\/93547\/"}],"wp:featuredmedia":[{"embeddable":true,"href":"https:\/\/abifer.org.br\/en\/wp-json\/wp\/v2\/media\/92535\/"}],"wp:attachment":[{"href":"https:\/\/abifer.org.br\/en\/wp-json\/wp\/v2\/media\/?parent=93546"}],"wp:term":[{"taxonomy":"category","embeddable":true,"href":"https:\/\/abifer.org.br\/en\/wp-json\/wp\/v2\/categories\/?post=93546"},{"taxonomy":"post_tag","embeddable":true,"href":"https:\/\/abifer.org.br\/en\/wp-json\/wp\/v2\/tags\/?post=93546"}],"curies":[{"name":"wp","href":"https:\/\/api.w.org\/{rel}","templated":true}]}}