{"id":93550,"date":"2026-04-27T08:49:32","date_gmt":"2026-04-27T11:49:32","guid":{"rendered":"https:\/\/abifer.org.br\/?p=93550"},"modified":"2026-04-27T08:49:32","modified_gmt":"2026-04-27T11:49:32","slug":"metro-do-df-saiba-sobre-a-expansao-para-a-asa-norte","status":"publish","type":"post","link":"https:\/\/abifer.org.br\/en\/metro-do-df-saiba-sobre-a-expansao-para-a-asa-norte\/","title":{"rendered":"Metr\u00f4 do DF: saiba sobre a expans\u00e3o para a Asa Norte"},"content":{"rendered":"<pre style=\"text-align: right;\"><a href=\"https:\/\/www.correiobraziliense.com.br\/aqui\/2026\/04\/22\/metro-do-df-saiba-sobre-a-expansao-para-a-asa-norte\/\" target=\"_blank\" rel=\"noopener\"><strong><em>Fonte: Correio Braziliense\r\nData: 22\/04\/2026<\/em><\/strong><\/a><\/pre>\n<p>A aguardada expans\u00e3o do Metr\u00f4 do Distrito Federal para a Asa Norte deu um passo importante. O governo local concluiu os estudos t\u00e9cnicos e o projeto b\u00e1sico para tirar a proposta do papel, uma demanda hist\u00f3rica que promete transformar a mobilidade urbana na capital federal e beneficiar milhares de passageiros diariamente.<\/p>\n<p><strong>Como ser\u00e1 o tra\u00e7ado da expans\u00e3o<\/strong><\/p>\n<p>O projeto da primeira fase, j\u00e1 com estudos conclu\u00eddos, prev\u00ea uma linha totalmente subterr\u00e2nea. Partindo da Esta\u00e7\u00e3o Central, um novo t\u00fanel levar\u00e1 os trilhos at\u00e9 as proximidades do Setor Comercial Norte (SCN) e do Hospital Regional da Asa Norte (HRAN), onde ser\u00e1 implantada a primeira nova esta\u00e7\u00e3o. A demanda estimada para esta parada inicial \u00e9 de 9 mil passageiros por dia.<\/p>\n<p>Existe um plano conceitual para uma segunda fase, que incluiria at\u00e9 oito esta\u00e7\u00f5es adicionais ao longo da Asa Norte. No entanto, este projeto de longo prazo ainda n\u00e3o tem previs\u00e3o para sair do papel, e o foco atual do governo est\u00e1 na viabiliza\u00e7\u00e3o da primeira esta\u00e7\u00e3o.<\/p>\n<p><strong>Previs\u00e3o para o in\u00edcio das obras<\/strong><\/p>\n<p>A fase atual do projeto \u00e9 dedicada \u00e0 capta\u00e7\u00e3o de recursos para a obra. Com os estudos de viabilidade t\u00e9cnica, econ\u00f4mica e ambiental j\u00e1 conclu\u00eddos, o Governo do Distrito Federal (GDF) aguarda a libera\u00e7\u00e3o de verbas federais para dar continuidade ao processo.<\/p>\n","protected":false},"excerpt":{"rendered":"<p>Fonte: Correio Braziliense Data: 22\/04\/2026 A aguardada expans\u00e3o do Metr\u00f4 do Distrito Federal para a Asa Norte deu um passo importante. O governo local concluiu os estudos t\u00e9cnicos e o projeto b\u00e1sico para tirar a proposta do papel, uma demanda hist\u00f3rica que promete transformar a mobilidade urbana na capital federal e beneficiar milhares de passageiros [&hellip;]<\/p>\n","protected":false},"author":55,"featured_media":92535,"comment_status":"closed","ping_status":"closed","sticky":false,"template":"","format":"standard","meta":{"footnotes":""},"categories":[875],"tags":[],"class_list":["post-93550","post","type-post","status-publish","format-standard","has-post-thumbnail","hentry","category-noticias-do-mercado"],"acf":[],"yoast_head":"<!-- This site is optimized with the Yoast SEO plugin v18.2 - https:\/\/yoast.com\/wordpress\/plugins\/seo\/ -->\n<title>Metr\u00f4 do DF: saiba sobre a expans\u00e3o para a Asa Norte<\/title>\n<meta name=\"robots\" content=\"index, follow, max-snippet:-1, max-image-preview:large, max-video-preview:-1\" \/>\n<link rel=\"canonical\" href=\"https:\/\/abifer.org.br\/metro-do-df-saiba-sobre-a-expansao-para-a-asa-norte\/\" \/>\n<meta property=\"og:locale\" content=\"pt_BR\" \/>\n<meta property=\"og:type\" content=\"article\" \/>\n<meta property=\"og:title\" content=\"Metr\u00f4 do DF: saiba sobre a expans\u00e3o para a Asa Norte\" \/>\n<meta property=\"og:description\" content=\"Fonte: Correio Braziliense Data: 22\/04\/2026 A aguardada expans\u00e3o do Metr\u00f4 do Distrito Federal para a Asa Norte deu um passo importante. O governo local concluiu os estudos t\u00e9cnicos e o projeto b\u00e1sico para tirar a proposta do papel, uma demanda hist\u00f3rica que promete transformar a mobilidade urbana na capital federal e beneficiar milhares de passageiros [&hellip;]\" \/>\n<meta property=\"og:url\" content=\"https:\/\/abifer.org.br\/metro-do-df-saiba-sobre-a-expansao-para-a-asa-norte\/\" \/>\n<meta property=\"og:site_name\" content=\"ABIFER\" \/>\n<meta property=\"article:publisher\" content=\"https:\/\/www.facebook.com\/abiferoficial\/\" \/>\n<meta property=\"article:published_time\" content=\"2026-04-27T11:49:32+00:00\" \/>\n<meta property=\"og:image\" content=\"http:\/\/abifer.org.br\/wp-content\/uploads\/2026\/02\/NOTICIAS-DO-MERCADO.jpg\" \/>\n\t<meta property=\"og:image:width\" content=\"1920\" \/>\n\t<meta property=\"og:image:height\" content=\"1080\" \/>\n\t<meta property=\"og:image:type\" content=\"image\/jpeg\" \/>\n<meta name=\"twitter:card\" content=\"summary_large_image\" \/>\n<meta name=\"twitter:creator\" content=\"@abiferoficial\" \/>\n<meta name=\"twitter:site\" content=\"@abiferoficial\" \/>\n<meta name=\"twitter:label1\" content=\"Escrito por\" \/>\n\t<meta name=\"twitter:data1\" content=\"ABIFER\" \/>\n\t<meta name=\"twitter:label2\" content=\"Est. tempo de leitura\" \/>\n\t<meta name=\"twitter:data2\" content=\"1 minuto\" \/>\n<script type=\"application\/ld+json\" class=\"yoast-schema-graph\">{\"@context\":\"https:\/\/schema.org\",\"@graph\":[{\"@type\":\"Organization\",\"@id\":\"http:\/\/abifer.org.br\/#organization\",\"name\":\"ABIFER\",\"url\":\"http:\/\/abifer.org.br\/\",\"sameAs\":[\"https:\/\/www.facebook.com\/abiferoficial\/\",\"https:\/\/www.linkedin.com\/company\/abiferoficial\/\",\"https:\/\/twitter.com\/abiferoficial\"],\"logo\":{\"@type\":\"ImageObject\",\"@id\":\"http:\/\/abifer.org.br\/#logo\",\"inLanguage\":\"pt-BR\",\"url\":\"https:\/\/abifer.org.br\/wp-content\/uploads\/2018\/05\/ABF_001_LogoSlogan.jpg\",\"contentUrl\":\"https:\/\/abifer.org.br\/wp-content\/uploads\/2018\/05\/ABF_001_LogoSlogan.jpg\",\"width\":1182,\"height\":486,\"caption\":\"ABIFER\"},\"image\":{\"@id\":\"http:\/\/abifer.org.br\/#logo\"}},{\"@type\":\"WebSite\",\"@id\":\"http:\/\/abifer.org.br\/#website\",\"url\":\"http:\/\/abifer.org.br\/\",\"name\":\"ABIFER\",\"description\":\"Associa\u00e7\u00e3o Brasileira da Ind\u00fastria Ferrovi\u00e1ria\",\"publisher\":{\"@id\":\"http:\/\/abifer.org.br\/#organization\"},\"potentialAction\":[{\"@type\":\"SearchAction\",\"target\":{\"@type\":\"EntryPoint\",\"urlTemplate\":\"http:\/\/abifer.org.br\/?s={search_term_string}\"},\"query-input\":\"required name=search_term_string\"}],\"inLanguage\":\"pt-BR\"},{\"@type\":\"ImageObject\",\"@id\":\"https:\/\/abifer.org.br\/metro-do-df-saiba-sobre-a-expansao-para-a-asa-norte\/#primaryimage\",\"inLanguage\":\"pt-BR\",\"url\":\"https:\/\/abifer.org.br\/wp-content\/uploads\/2026\/02\/NOTICIAS-DO-MERCADO.jpg\",\"contentUrl\":\"https:\/\/abifer.org.br\/wp-content\/uploads\/2026\/02\/NOTICIAS-DO-MERCADO.jpg\",\"width\":1920,\"height\":1080},{\"@type\":\"WebPage\",\"@id\":\"https:\/\/abifer.org.br\/metro-do-df-saiba-sobre-a-expansao-para-a-asa-norte\/#webpage\",\"url\":\"https:\/\/abifer.org.br\/metro-do-df-saiba-sobre-a-expansao-para-a-asa-norte\/\",\"name\":\"Metr\u00f4 do DF: saiba sobre a expans\u00e3o para a Asa Norte\",\"isPartOf\":{\"@id\":\"http:\/\/abifer.org.br\/#website\"},\"primaryImageOfPage\":{\"@id\":\"https:\/\/abifer.org.br\/metro-do-df-saiba-sobre-a-expansao-para-a-asa-norte\/#primaryimage\"},\"datePublished\":\"2026-04-27T11:49:32+00:00\",\"dateModified\":\"2026-04-27T11:49:32+00:00\",\"breadcrumb\":{\"@id\":\"https:\/\/abifer.org.br\/metro-do-df-saiba-sobre-a-expansao-para-a-asa-norte\/#breadcrumb\"},\"inLanguage\":\"pt-BR\",\"potentialAction\":[{\"@type\":\"ReadAction\",\"target\":[\"https:\/\/abifer.org.br\/metro-do-df-saiba-sobre-a-expansao-para-a-asa-norte\/\"]}]},{\"@type\":\"BreadcrumbList\",\"@id\":\"https:\/\/abifer.org.br\/metro-do-df-saiba-sobre-a-expansao-para-a-asa-norte\/#breadcrumb\",\"itemListElement\":[{\"@type\":\"ListItem\",\"position\":1,\"name\":\"In\u00edcio\",\"item\":\"http:\/\/abifer.org.br\/\"},{\"@type\":\"ListItem\",\"position\":2,\"name\":\"Metr\u00f4 do DF: saiba sobre a expans\u00e3o para a Asa Norte\"}]},{\"@type\":\"Article\",\"@id\":\"https:\/\/abifer.org.br\/metro-do-df-saiba-sobre-a-expansao-para-a-asa-norte\/#article\",\"isPartOf\":{\"@id\":\"https:\/\/abifer.org.br\/metro-do-df-saiba-sobre-a-expansao-para-a-asa-norte\/#webpage\"},\"author\":{\"@id\":\"http:\/\/abifer.org.br\/#\/schema\/person\/90c38c3286f60a11b363834930f79a1f\"},\"headline\":\"Metr\u00f4 do DF: saiba sobre a expans\u00e3o para a Asa Norte\",\"datePublished\":\"2026-04-27T11:49:32+00:00\",\"dateModified\":\"2026-04-27T11:49:32+00:00\",\"mainEntityOfPage\":{\"@id\":\"https:\/\/abifer.org.br\/metro-do-df-saiba-sobre-a-expansao-para-a-asa-norte\/#webpage\"},\"wordCount\":243,\"publisher\":{\"@id\":\"http:\/\/abifer.org.br\/#organization\"},\"image\":{\"@id\":\"https:\/\/abifer.org.br\/metro-do-df-saiba-sobre-a-expansao-para-a-asa-norte\/#primaryimage\"},\"thumbnailUrl\":\"https:\/\/abifer.org.br\/wp-content\/uploads\/2026\/02\/NOTICIAS-DO-MERCADO.jpg\",\"articleSection\":[\"Not\u00edcias do Mercado\"],\"inLanguage\":\"pt-BR\"},{\"@type\":\"Person\",\"@id\":\"http:\/\/abifer.org.br\/#\/schema\/person\/90c38c3286f60a11b363834930f79a1f\",\"name\":\"ABIFER\",\"url\":\"https:\/\/abifer.org.br\/author\/abifer\/\"}]}<\/script>\n<!-- \/ Yoast SEO plugin. -->","yoast_head_json":{"title":"Metr\u00f4 do DF: saiba sobre a expans\u00e3o para a Asa Norte","robots":{"index":"index","follow":"follow","max-snippet":"max-snippet:-1","max-image-preview":"max-image-preview:large","max-video-preview":"max-video-preview:-1"},"canonical":"https:\/\/abifer.org.br\/metro-do-df-saiba-sobre-a-expansao-para-a-asa-norte\/","og_locale":"pt_BR","og_type":"article","og_title":"Metr\u00f4 do DF: saiba sobre a expans\u00e3o para a Asa Norte","og_description":"Fonte: Correio Braziliense Data: 22\/04\/2026 A aguardada expans\u00e3o do Metr\u00f4 do Distrito Federal para a Asa Norte deu um passo importante. O governo local concluiu os estudos t\u00e9cnicos e o projeto b\u00e1sico para tirar a proposta do papel, uma demanda hist\u00f3rica que promete transformar a mobilidade urbana na capital federal e beneficiar milhares de passageiros [&hellip;]","og_url":"https:\/\/abifer.org.br\/metro-do-df-saiba-sobre-a-expansao-para-a-asa-norte\/","og_site_name":"ABIFER","article_publisher":"https:\/\/www.facebook.com\/abiferoficial\/","article_published_time":"2026-04-27T11:49:32+00:00","og_image":[{"width":1920,"height":1080,"url":"http:\/\/abifer.org.br\/wp-content\/uploads\/2026\/02\/NOTICIAS-DO-MERCADO.jpg","type":"image\/jpeg"}],"twitter_card":"summary_large_image","twitter_creator":"@abiferoficial","twitter_site":"@abiferoficial","twitter_misc":{"Escrito por":"ABIFER","Est. tempo de leitura":"1 minuto"},"schema":{"@context":"https:\/\/schema.org","@graph":[{"@type":"Organization","@id":"http:\/\/abifer.org.br\/#organization","name":"ABIFER","url":"http:\/\/abifer.org.br\/","sameAs":["https:\/\/www.facebook.com\/abiferoficial\/","https:\/\/www.linkedin.com\/company\/abiferoficial\/","https:\/\/twitter.com\/abiferoficial"],"logo":{"@type":"ImageObject","@id":"http:\/\/abifer.org.br\/#logo","inLanguage":"pt-BR","url":"https:\/\/abifer.org.br\/wp-content\/uploads\/2018\/05\/ABF_001_LogoSlogan.jpg","contentUrl":"https:\/\/abifer.org.br\/wp-content\/uploads\/2018\/05\/ABF_001_LogoSlogan.jpg","width":1182,"height":486,"caption":"ABIFER"},"image":{"@id":"http:\/\/abifer.org.br\/#logo"}},{"@type":"WebSite","@id":"http:\/\/abifer.org.br\/#website","url":"http:\/\/abifer.org.br\/","name":"ABIFER","description":"Associa\u00e7\u00e3o Brasileira da Ind\u00fastria Ferrovi\u00e1ria","publisher":{"@id":"http:\/\/abifer.org.br\/#organization"},"potentialAction":[{"@type":"SearchAction","target":{"@type":"EntryPoint","urlTemplate":"http:\/\/abifer.org.br\/?s={search_term_string}"},"query-input":"required name=search_term_string"}],"inLanguage":"pt-BR"},{"@type":"ImageObject","@id":"https:\/\/abifer.org.br\/metro-do-df-saiba-sobre-a-expansao-para-a-asa-norte\/#primaryimage","inLanguage":"pt-BR","url":"https:\/\/abifer.org.br\/wp-content\/uploads\/2026\/02\/NOTICIAS-DO-MERCADO.jpg","contentUrl":"https:\/\/abifer.org.br\/wp-content\/uploads\/2026\/02\/NOTICIAS-DO-MERCADO.jpg","width":1920,"height":1080},{"@type":"WebPage","@id":"https:\/\/abifer.org.br\/metro-do-df-saiba-sobre-a-expansao-para-a-asa-norte\/#webpage","url":"https:\/\/abifer.org.br\/metro-do-df-saiba-sobre-a-expansao-para-a-asa-norte\/","name":"Metr\u00f4 do DF: saiba sobre a expans\u00e3o para a Asa Norte","isPartOf":{"@id":"http:\/\/abifer.org.br\/#website"},"primaryImageOfPage":{"@id":"https:\/\/abifer.org.br\/metro-do-df-saiba-sobre-a-expansao-para-a-asa-norte\/#primaryimage"},"datePublished":"2026-04-27T11:49:32+00:00","dateModified":"2026-04-27T11:49:32+00:00","breadcrumb":{"@id":"https:\/\/abifer.org.br\/metro-do-df-saiba-sobre-a-expansao-para-a-asa-norte\/#breadcrumb"},"inLanguage":"pt-BR","potentialAction":[{"@type":"ReadAction","target":["https:\/\/abifer.org.br\/metro-do-df-saiba-sobre-a-expansao-para-a-asa-norte\/"]}]},{"@type":"BreadcrumbList","@id":"https:\/\/abifer.org.br\/metro-do-df-saiba-sobre-a-expansao-para-a-asa-norte\/#breadcrumb","itemListElement":[{"@type":"ListItem","position":1,"name":"In\u00edcio","item":"http:\/\/abifer.org.br\/"},{"@type":"ListItem","position":2,"name":"Metr\u00f4 do DF: saiba sobre a expans\u00e3o para a Asa Norte"}]},{"@type":"Article","@id":"https:\/\/abifer.org.br\/metro-do-df-saiba-sobre-a-expansao-para-a-asa-norte\/#article","isPartOf":{"@id":"https:\/\/abifer.org.br\/metro-do-df-saiba-sobre-a-expansao-para-a-asa-norte\/#webpage"},"author":{"@id":"http:\/\/abifer.org.br\/#\/schema\/person\/90c38c3286f60a11b363834930f79a1f"},"headline":"Metr\u00f4 do DF: saiba sobre a expans\u00e3o para a Asa Norte","datePublished":"2026-04-27T11:49:32+00:00","dateModified":"2026-04-27T11:49:32+00:00","mainEntityOfPage":{"@id":"https:\/\/abifer.org.br\/metro-do-df-saiba-sobre-a-expansao-para-a-asa-norte\/#webpage"},"wordCount":243,"publisher":{"@id":"http:\/\/abifer.org.br\/#organization"},"image":{"@id":"https:\/\/abifer.org.br\/metro-do-df-saiba-sobre-a-expansao-para-a-asa-norte\/#primaryimage"},"thumbnailUrl":"https:\/\/abifer.org.br\/wp-content\/uploads\/2026\/02\/NOTICIAS-DO-MERCADO.jpg","articleSection":["Not\u00edcias do Mercado"],"inLanguage":"pt-BR"},{"@type":"Person","@id":"http:\/\/abifer.org.br\/#\/schema\/person\/90c38c3286f60a11b363834930f79a1f","name":"ABIFER","url":"https:\/\/abifer.org.br\/author\/abifer\/"}]}},"_links":{"self":[{"href":"https:\/\/abifer.org.br\/en\/wp-json\/wp\/v2\/posts\/93550\/"}],"collection":[{"href":"https:\/\/abifer.org.br\/en\/wp-json\/wp\/v2\/posts\/"}],"about":[{"href":"https:\/\/abifer.org.br\/en\/wp-json\/wp\/v2\/types\/post\/"}],"author":[{"embeddable":true,"href":"https:\/\/abifer.org.br\/en\/wp-json\/wp\/v2\/users\/55\/"}],"replies":[{"embeddable":true,"href":"https:\/\/abifer.org.br\/en\/wp-json\/wp\/v2\/comments\/?post=93550"}],"version-history":[{"count":1,"href":"https:\/\/abifer.org.br\/en\/wp-json\/wp\/v2\/posts\/93550\/revisions\/"}],"predecessor-version":[{"id":93551,"href":"https:\/\/abifer.org.br\/en\/wp-json\/wp\/v2\/posts\/93550\/revisions\/93551\/"}],"wp:featuredmedia":[{"embeddable":true,"href":"https:\/\/abifer.org.br\/en\/wp-json\/wp\/v2\/media\/92535\/"}],"wp:attachment":[{"href":"https:\/\/abifer.org.br\/en\/wp-json\/wp\/v2\/media\/?parent=93550"}],"wp:term":[{"taxonomy":"category","embeddable":true,"href":"https:\/\/abifer.org.br\/en\/wp-json\/wp\/v2\/categories\/?post=93550"},{"taxonomy":"post_tag","embeddable":true,"href":"https:\/\/abifer.org.br\/en\/wp-json\/wp\/v2\/tags\/?post=93550"}],"curies":[{"name":"wp","href":"https:\/\/api.w.org\/{rel}","templated":true}]}}