{"id":93554,"date":"2026-04-27T08:55:09","date_gmt":"2026-04-27T11:55:09","guid":{"rendered":"https:\/\/abifer.org.br\/?p=93554"},"modified":"2026-04-27T08:55:09","modified_gmt":"2026-04-27T11:55:09","slug":"ministerio-dos-transportes-autoriza-inicio-de-obras-ferroviarias-em-barra-mansa-rj","status":"publish","type":"post","link":"https:\/\/abifer.org.br\/en\/ministerio-dos-transportes-autoriza-inicio-de-obras-ferroviarias-em-barra-mansa-rj\/","title":{"rendered":"Minist\u00e9rio dos Transportes autoriza in\u00edcio de obras ferrovi\u00e1rias em Barra Mansa (RJ)"},"content":{"rendered":"<pre style=\"text-align: right;\"><a href=\"https:\/\/www.gov.br\/transportes\/pt-br\/assuntos\/noticias\/2026\/04\/ministerio-dos-transportes-autoriza-inicio-de-obras-ferroviarias-em-barra-mansa-rj\" target=\"_blank\" rel=\"noopener\"><strong><em>Fonte: Minist\u00e9rio dos Transportes\r\nData: 24\/04\/2026<\/em><\/strong><\/a><\/pre>\n<p>A movimenta\u00e7\u00e3o de cargas entre Rio de Janeiro e S\u00e3o Paulo ganhar\u00e1 mais efici\u00eancia com as obras de adequa\u00e7\u00e3o do P\u00e1tio An\u00edsio Br\u00e1s, localizado na Ferrovia EF-105, em Barra Mansa (RJ). Nesta sexta-feira (24), o ministro dos Transportes, George Santoro, e o secret\u00e1rio nacional de Transporte Ferrovi\u00e1rio, Leonardo Ribeiro, assinaram a ordem de servi\u00e7o que autoriza o in\u00edcio das interven\u00e7\u00f5es.<\/p>\n<p>\u201cO que importa \u00e9 o impacto na vida das pessoas. Aqui, vamos reduzir riscos nas opera\u00e7\u00f5es ferrovi\u00e1rias, aumentar a seguran\u00e7a e melhorar a mobilidade\u201d, afirmou o ministro.<\/p>\n<p>Com investimento de R$ 24,9 milh\u00f5es e prazo de execu\u00e7\u00e3o de 22 meses, as obras ser\u00e3o conduzidas pelo Cons\u00f3rcio Rio-Vale em um trecho de 6,24 quil\u00f4metros. O contrato prev\u00ea a elabora\u00e7\u00e3o do projeto executivo de engenharia, a execu\u00e7\u00e3o das obras civis, al\u00e9m de servi\u00e7os especializados e da implementa\u00e7\u00e3o de programas ambientais em toda a \u00e1rea do p\u00e1tio.<\/p>\n<p>\u201cEstamos implantando uma solu\u00e7\u00e3o log\u00edstica que vai transformar o dia a dia das pessoas que moram na cidade, ao transferir o p\u00e1tio ferrovi\u00e1rio para uma \u00e1rea mais adequada, liberando o fluxo de carros e melhorando a circula\u00e7\u00e3o da popula\u00e7\u00e3o no munic\u00edpio\u201d, explicou o secret\u00e1rio Leonardo Ribeiro.<\/p>\n<p>A adequa\u00e7\u00e3o do P\u00e1tio An\u00edsio Br\u00e1s amplia a capacidade operacional da ferrovia e melhora as condi\u00e7\u00f5es de circula\u00e7\u00e3o dos trens no trecho, tornando mais eficiente o transporte de cargas entre os estados carioca e paulista. A interven\u00e7\u00e3o tamb\u00e9m organiza o tr\u00e1fego de cargas e refor\u00e7a a seguran\u00e7a e a fluidez das opera\u00e7\u00f5es.<\/p>\n<p>\u201cEssa ordem de in\u00edcio representa um marco hist\u00f3rico. \u00c9 uma transforma\u00e7\u00e3o, com urbaniza\u00e7\u00e3o completa que j\u00e1 come\u00e7a a acontecer, dignidade e investimento para a popula\u00e7\u00e3o\u201d, finalizou o prefeito de Barra Mansa, Luiz Ant\u00f4nio Furlani Filho.<\/p>\n<p><strong>Novo complexo vi\u00e1rio no Rio de Janeiro<\/strong><\/p>\n<p>Durante agenda no estado, o ministro dos Transportes inaugurou, na manh\u00e3 desta sexta-feira (24), o Complexo Vi\u00e1rio em Barra do Pira\u00ed (RJ). A estrutura re\u00fane uma ponte de 135 metros sobre o Rio Para\u00edba do Sul e um viaduto rodovi\u00e1rio de 94 metros sobre a linha f\u00e9rrea, al\u00e9m de cal\u00e7adas, acessos para pedestres, sinaliza\u00e7\u00e3o, ilumina\u00e7\u00e3o, paisagismo e readequa\u00e7\u00f5es vi\u00e1rias.<\/p>\n","protected":false},"excerpt":{"rendered":"<p>Fonte: Minist\u00e9rio dos Transportes Data: 24\/04\/2026 A movimenta\u00e7\u00e3o de cargas entre Rio de Janeiro e S\u00e3o Paulo ganhar\u00e1 mais efici\u00eancia com as obras de adequa\u00e7\u00e3o do P\u00e1tio An\u00edsio Br\u00e1s, localizado na Ferrovia EF-105, em Barra Mansa (RJ). Nesta sexta-feira (24), o ministro dos Transportes, George Santoro, e o secret\u00e1rio nacional de Transporte Ferrovi\u00e1rio, Leonardo Ribeiro, [&hellip;]<\/p>\n","protected":false},"author":55,"featured_media":92535,"comment_status":"closed","ping_status":"closed","sticky":false,"template":"","format":"standard","meta":{"footnotes":""},"categories":[875],"tags":[],"class_list":["post-93554","post","type-post","status-publish","format-standard","has-post-thumbnail","hentry","category-noticias-do-mercado"],"acf":[],"yoast_head":"<!-- This site is optimized with the Yoast SEO plugin v18.2 - https:\/\/yoast.com\/wordpress\/plugins\/seo\/ -->\n<title>Minist\u00e9rio dos Transportes autoriza in\u00edcio de obras ferrovi\u00e1rias em Barra Mansa (RJ)<\/title>\n<meta name=\"robots\" content=\"index, follow, max-snippet:-1, max-image-preview:large, max-video-preview:-1\" \/>\n<link rel=\"canonical\" href=\"https:\/\/abifer.org.br\/ministerio-dos-transportes-autoriza-inicio-de-obras-ferroviarias-em-barra-mansa-rj\/\" \/>\n<meta property=\"og:locale\" content=\"pt_BR\" \/>\n<meta property=\"og:type\" content=\"article\" \/>\n<meta property=\"og:title\" content=\"Minist\u00e9rio dos Transportes autoriza in\u00edcio de obras ferrovi\u00e1rias em Barra Mansa (RJ)\" \/>\n<meta property=\"og:description\" content=\"Fonte: Minist\u00e9rio dos Transportes Data: 24\/04\/2026 A movimenta\u00e7\u00e3o de cargas entre Rio de Janeiro e S\u00e3o Paulo ganhar\u00e1 mais efici\u00eancia com as obras de adequa\u00e7\u00e3o do P\u00e1tio An\u00edsio Br\u00e1s, localizado na Ferrovia EF-105, em Barra Mansa (RJ). Nesta sexta-feira (24), o ministro dos Transportes, George Santoro, e o secret\u00e1rio nacional de Transporte Ferrovi\u00e1rio, Leonardo Ribeiro, [&hellip;]\" \/>\n<meta property=\"og:url\" content=\"https:\/\/abifer.org.br\/ministerio-dos-transportes-autoriza-inicio-de-obras-ferroviarias-em-barra-mansa-rj\/\" \/>\n<meta property=\"og:site_name\" content=\"ABIFER\" \/>\n<meta property=\"article:publisher\" content=\"https:\/\/www.facebook.com\/abiferoficial\/\" \/>\n<meta property=\"article:published_time\" content=\"2026-04-27T11:55:09+00:00\" \/>\n<meta property=\"og:image\" content=\"http:\/\/abifer.org.br\/wp-content\/uploads\/2026\/02\/NOTICIAS-DO-MERCADO.jpg\" \/>\n\t<meta property=\"og:image:width\" content=\"1920\" \/>\n\t<meta property=\"og:image:height\" content=\"1080\" \/>\n\t<meta property=\"og:image:type\" content=\"image\/jpeg\" \/>\n<meta name=\"twitter:card\" content=\"summary_large_image\" \/>\n<meta name=\"twitter:creator\" content=\"@abiferoficial\" \/>\n<meta name=\"twitter:site\" content=\"@abiferoficial\" \/>\n<meta name=\"twitter:label1\" content=\"Escrito por\" \/>\n\t<meta name=\"twitter:data1\" content=\"ABIFER\" \/>\n\t<meta name=\"twitter:label2\" content=\"Est. tempo de leitura\" \/>\n\t<meta name=\"twitter:data2\" content=\"2 minutos\" \/>\n<script type=\"application\/ld+json\" class=\"yoast-schema-graph\">{\"@context\":\"https:\/\/schema.org\",\"@graph\":[{\"@type\":\"Organization\",\"@id\":\"http:\/\/abifer.org.br\/#organization\",\"name\":\"ABIFER\",\"url\":\"http:\/\/abifer.org.br\/\",\"sameAs\":[\"https:\/\/www.facebook.com\/abiferoficial\/\",\"https:\/\/www.linkedin.com\/company\/abiferoficial\/\",\"https:\/\/twitter.com\/abiferoficial\"],\"logo\":{\"@type\":\"ImageObject\",\"@id\":\"http:\/\/abifer.org.br\/#logo\",\"inLanguage\":\"pt-BR\",\"url\":\"https:\/\/abifer.org.br\/wp-content\/uploads\/2018\/05\/ABF_001_LogoSlogan.jpg\",\"contentUrl\":\"https:\/\/abifer.org.br\/wp-content\/uploads\/2018\/05\/ABF_001_LogoSlogan.jpg\",\"width\":1182,\"height\":486,\"caption\":\"ABIFER\"},\"image\":{\"@id\":\"http:\/\/abifer.org.br\/#logo\"}},{\"@type\":\"WebSite\",\"@id\":\"http:\/\/abifer.org.br\/#website\",\"url\":\"http:\/\/abifer.org.br\/\",\"name\":\"ABIFER\",\"description\":\"Associa\u00e7\u00e3o Brasileira da Ind\u00fastria Ferrovi\u00e1ria\",\"publisher\":{\"@id\":\"http:\/\/abifer.org.br\/#organization\"},\"potentialAction\":[{\"@type\":\"SearchAction\",\"target\":{\"@type\":\"EntryPoint\",\"urlTemplate\":\"http:\/\/abifer.org.br\/?s={search_term_string}\"},\"query-input\":\"required name=search_term_string\"}],\"inLanguage\":\"pt-BR\"},{\"@type\":\"ImageObject\",\"@id\":\"https:\/\/abifer.org.br\/ministerio-dos-transportes-autoriza-inicio-de-obras-ferroviarias-em-barra-mansa-rj\/#primaryimage\",\"inLanguage\":\"pt-BR\",\"url\":\"https:\/\/abifer.org.br\/wp-content\/uploads\/2026\/02\/NOTICIAS-DO-MERCADO.jpg\",\"contentUrl\":\"https:\/\/abifer.org.br\/wp-content\/uploads\/2026\/02\/NOTICIAS-DO-MERCADO.jpg\",\"width\":1920,\"height\":1080},{\"@type\":\"WebPage\",\"@id\":\"https:\/\/abifer.org.br\/ministerio-dos-transportes-autoriza-inicio-de-obras-ferroviarias-em-barra-mansa-rj\/#webpage\",\"url\":\"https:\/\/abifer.org.br\/ministerio-dos-transportes-autoriza-inicio-de-obras-ferroviarias-em-barra-mansa-rj\/\",\"name\":\"Minist\u00e9rio dos Transportes autoriza in\u00edcio de obras ferrovi\u00e1rias em Barra Mansa (RJ)\",\"isPartOf\":{\"@id\":\"http:\/\/abifer.org.br\/#website\"},\"primaryImageOfPage\":{\"@id\":\"https:\/\/abifer.org.br\/ministerio-dos-transportes-autoriza-inicio-de-obras-ferroviarias-em-barra-mansa-rj\/#primaryimage\"},\"datePublished\":\"2026-04-27T11:55:09+00:00\",\"dateModified\":\"2026-04-27T11:55:09+00:00\",\"breadcrumb\":{\"@id\":\"https:\/\/abifer.org.br\/ministerio-dos-transportes-autoriza-inicio-de-obras-ferroviarias-em-barra-mansa-rj\/#breadcrumb\"},\"inLanguage\":\"pt-BR\",\"potentialAction\":[{\"@type\":\"ReadAction\",\"target\":[\"https:\/\/abifer.org.br\/ministerio-dos-transportes-autoriza-inicio-de-obras-ferroviarias-em-barra-mansa-rj\/\"]}]},{\"@type\":\"BreadcrumbList\",\"@id\":\"https:\/\/abifer.org.br\/ministerio-dos-transportes-autoriza-inicio-de-obras-ferroviarias-em-barra-mansa-rj\/#breadcrumb\",\"itemListElement\":[{\"@type\":\"ListItem\",\"position\":1,\"name\":\"In\u00edcio\",\"item\":\"http:\/\/abifer.org.br\/\"},{\"@type\":\"ListItem\",\"position\":2,\"name\":\"Minist\u00e9rio dos Transportes autoriza in\u00edcio de obras ferrovi\u00e1rias em Barra Mansa (RJ)\"}]},{\"@type\":\"Article\",\"@id\":\"https:\/\/abifer.org.br\/ministerio-dos-transportes-autoriza-inicio-de-obras-ferroviarias-em-barra-mansa-rj\/#article\",\"isPartOf\":{\"@id\":\"https:\/\/abifer.org.br\/ministerio-dos-transportes-autoriza-inicio-de-obras-ferroviarias-em-barra-mansa-rj\/#webpage\"},\"author\":{\"@id\":\"http:\/\/abifer.org.br\/#\/schema\/person\/90c38c3286f60a11b363834930f79a1f\"},\"headline\":\"Minist\u00e9rio dos Transportes autoriza in\u00edcio de obras ferrovi\u00e1rias em Barra Mansa (RJ)\",\"datePublished\":\"2026-04-27T11:55:09+00:00\",\"dateModified\":\"2026-04-27T11:55:09+00:00\",\"mainEntityOfPage\":{\"@id\":\"https:\/\/abifer.org.br\/ministerio-dos-transportes-autoriza-inicio-de-obras-ferroviarias-em-barra-mansa-rj\/#webpage\"},\"wordCount\":414,\"publisher\":{\"@id\":\"http:\/\/abifer.org.br\/#organization\"},\"image\":{\"@id\":\"https:\/\/abifer.org.br\/ministerio-dos-transportes-autoriza-inicio-de-obras-ferroviarias-em-barra-mansa-rj\/#primaryimage\"},\"thumbnailUrl\":\"https:\/\/abifer.org.br\/wp-content\/uploads\/2026\/02\/NOTICIAS-DO-MERCADO.jpg\",\"articleSection\":[\"Not\u00edcias do Mercado\"],\"inLanguage\":\"pt-BR\"},{\"@type\":\"Person\",\"@id\":\"http:\/\/abifer.org.br\/#\/schema\/person\/90c38c3286f60a11b363834930f79a1f\",\"name\":\"ABIFER\",\"url\":\"https:\/\/abifer.org.br\/author\/abifer\/\"}]}<\/script>\n<!-- \/ Yoast SEO plugin. -->","yoast_head_json":{"title":"Minist\u00e9rio dos Transportes autoriza in\u00edcio de obras ferrovi\u00e1rias em Barra Mansa (RJ)","robots":{"index":"index","follow":"follow","max-snippet":"max-snippet:-1","max-image-preview":"max-image-preview:large","max-video-preview":"max-video-preview:-1"},"canonical":"https:\/\/abifer.org.br\/ministerio-dos-transportes-autoriza-inicio-de-obras-ferroviarias-em-barra-mansa-rj\/","og_locale":"pt_BR","og_type":"article","og_title":"Minist\u00e9rio dos Transportes autoriza in\u00edcio de obras ferrovi\u00e1rias em Barra Mansa (RJ)","og_description":"Fonte: Minist\u00e9rio dos Transportes Data: 24\/04\/2026 A movimenta\u00e7\u00e3o de cargas entre Rio de Janeiro e S\u00e3o Paulo ganhar\u00e1 mais efici\u00eancia com as obras de adequa\u00e7\u00e3o do P\u00e1tio An\u00edsio Br\u00e1s, localizado na Ferrovia EF-105, em Barra Mansa (RJ). Nesta sexta-feira (24), o ministro dos Transportes, George Santoro, e o secret\u00e1rio nacional de Transporte Ferrovi\u00e1rio, Leonardo Ribeiro, [&hellip;]","og_url":"https:\/\/abifer.org.br\/ministerio-dos-transportes-autoriza-inicio-de-obras-ferroviarias-em-barra-mansa-rj\/","og_site_name":"ABIFER","article_publisher":"https:\/\/www.facebook.com\/abiferoficial\/","article_published_time":"2026-04-27T11:55:09+00:00","og_image":[{"width":1920,"height":1080,"url":"http:\/\/abifer.org.br\/wp-content\/uploads\/2026\/02\/NOTICIAS-DO-MERCADO.jpg","type":"image\/jpeg"}],"twitter_card":"summary_large_image","twitter_creator":"@abiferoficial","twitter_site":"@abiferoficial","twitter_misc":{"Escrito por":"ABIFER","Est. tempo de leitura":"2 minutos"},"schema":{"@context":"https:\/\/schema.org","@graph":[{"@type":"Organization","@id":"http:\/\/abifer.org.br\/#organization","name":"ABIFER","url":"http:\/\/abifer.org.br\/","sameAs":["https:\/\/www.facebook.com\/abiferoficial\/","https:\/\/www.linkedin.com\/company\/abiferoficial\/","https:\/\/twitter.com\/abiferoficial"],"logo":{"@type":"ImageObject","@id":"http:\/\/abifer.org.br\/#logo","inLanguage":"pt-BR","url":"https:\/\/abifer.org.br\/wp-content\/uploads\/2018\/05\/ABF_001_LogoSlogan.jpg","contentUrl":"https:\/\/abifer.org.br\/wp-content\/uploads\/2018\/05\/ABF_001_LogoSlogan.jpg","width":1182,"height":486,"caption":"ABIFER"},"image":{"@id":"http:\/\/abifer.org.br\/#logo"}},{"@type":"WebSite","@id":"http:\/\/abifer.org.br\/#website","url":"http:\/\/abifer.org.br\/","name":"ABIFER","description":"Associa\u00e7\u00e3o Brasileira da Ind\u00fastria Ferrovi\u00e1ria","publisher":{"@id":"http:\/\/abifer.org.br\/#organization"},"potentialAction":[{"@type":"SearchAction","target":{"@type":"EntryPoint","urlTemplate":"http:\/\/abifer.org.br\/?s={search_term_string}"},"query-input":"required name=search_term_string"}],"inLanguage":"pt-BR"},{"@type":"ImageObject","@id":"https:\/\/abifer.org.br\/ministerio-dos-transportes-autoriza-inicio-de-obras-ferroviarias-em-barra-mansa-rj\/#primaryimage","inLanguage":"pt-BR","url":"https:\/\/abifer.org.br\/wp-content\/uploads\/2026\/02\/NOTICIAS-DO-MERCADO.jpg","contentUrl":"https:\/\/abifer.org.br\/wp-content\/uploads\/2026\/02\/NOTICIAS-DO-MERCADO.jpg","width":1920,"height":1080},{"@type":"WebPage","@id":"https:\/\/abifer.org.br\/ministerio-dos-transportes-autoriza-inicio-de-obras-ferroviarias-em-barra-mansa-rj\/#webpage","url":"https:\/\/abifer.org.br\/ministerio-dos-transportes-autoriza-inicio-de-obras-ferroviarias-em-barra-mansa-rj\/","name":"Minist\u00e9rio dos Transportes autoriza in\u00edcio de obras ferrovi\u00e1rias em Barra Mansa (RJ)","isPartOf":{"@id":"http:\/\/abifer.org.br\/#website"},"primaryImageOfPage":{"@id":"https:\/\/abifer.org.br\/ministerio-dos-transportes-autoriza-inicio-de-obras-ferroviarias-em-barra-mansa-rj\/#primaryimage"},"datePublished":"2026-04-27T11:55:09+00:00","dateModified":"2026-04-27T11:55:09+00:00","breadcrumb":{"@id":"https:\/\/abifer.org.br\/ministerio-dos-transportes-autoriza-inicio-de-obras-ferroviarias-em-barra-mansa-rj\/#breadcrumb"},"inLanguage":"pt-BR","potentialAction":[{"@type":"ReadAction","target":["https:\/\/abifer.org.br\/ministerio-dos-transportes-autoriza-inicio-de-obras-ferroviarias-em-barra-mansa-rj\/"]}]},{"@type":"BreadcrumbList","@id":"https:\/\/abifer.org.br\/ministerio-dos-transportes-autoriza-inicio-de-obras-ferroviarias-em-barra-mansa-rj\/#breadcrumb","itemListElement":[{"@type":"ListItem","position":1,"name":"In\u00edcio","item":"http:\/\/abifer.org.br\/"},{"@type":"ListItem","position":2,"name":"Minist\u00e9rio dos Transportes autoriza in\u00edcio de obras ferrovi\u00e1rias em Barra Mansa (RJ)"}]},{"@type":"Article","@id":"https:\/\/abifer.org.br\/ministerio-dos-transportes-autoriza-inicio-de-obras-ferroviarias-em-barra-mansa-rj\/#article","isPartOf":{"@id":"https:\/\/abifer.org.br\/ministerio-dos-transportes-autoriza-inicio-de-obras-ferroviarias-em-barra-mansa-rj\/#webpage"},"author":{"@id":"http:\/\/abifer.org.br\/#\/schema\/person\/90c38c3286f60a11b363834930f79a1f"},"headline":"Minist\u00e9rio dos Transportes autoriza in\u00edcio de obras ferrovi\u00e1rias em Barra Mansa (RJ)","datePublished":"2026-04-27T11:55:09+00:00","dateModified":"2026-04-27T11:55:09+00:00","mainEntityOfPage":{"@id":"https:\/\/abifer.org.br\/ministerio-dos-transportes-autoriza-inicio-de-obras-ferroviarias-em-barra-mansa-rj\/#webpage"},"wordCount":414,"publisher":{"@id":"http:\/\/abifer.org.br\/#organization"},"image":{"@id":"https:\/\/abifer.org.br\/ministerio-dos-transportes-autoriza-inicio-de-obras-ferroviarias-em-barra-mansa-rj\/#primaryimage"},"thumbnailUrl":"https:\/\/abifer.org.br\/wp-content\/uploads\/2026\/02\/NOTICIAS-DO-MERCADO.jpg","articleSection":["Not\u00edcias do Mercado"],"inLanguage":"pt-BR"},{"@type":"Person","@id":"http:\/\/abifer.org.br\/#\/schema\/person\/90c38c3286f60a11b363834930f79a1f","name":"ABIFER","url":"https:\/\/abifer.org.br\/author\/abifer\/"}]}},"_links":{"self":[{"href":"https:\/\/abifer.org.br\/en\/wp-json\/wp\/v2\/posts\/93554\/"}],"collection":[{"href":"https:\/\/abifer.org.br\/en\/wp-json\/wp\/v2\/posts\/"}],"about":[{"href":"https:\/\/abifer.org.br\/en\/wp-json\/wp\/v2\/types\/post\/"}],"author":[{"embeddable":true,"href":"https:\/\/abifer.org.br\/en\/wp-json\/wp\/v2\/users\/55\/"}],"replies":[{"embeddable":true,"href":"https:\/\/abifer.org.br\/en\/wp-json\/wp\/v2\/comments\/?post=93554"}],"version-history":[{"count":1,"href":"https:\/\/abifer.org.br\/en\/wp-json\/wp\/v2\/posts\/93554\/revisions\/"}],"predecessor-version":[{"id":93555,"href":"https:\/\/abifer.org.br\/en\/wp-json\/wp\/v2\/posts\/93554\/revisions\/93555\/"}],"wp:featuredmedia":[{"embeddable":true,"href":"https:\/\/abifer.org.br\/en\/wp-json\/wp\/v2\/media\/92535\/"}],"wp:attachment":[{"href":"https:\/\/abifer.org.br\/en\/wp-json\/wp\/v2\/media\/?parent=93554"}],"wp:term":[{"taxonomy":"category","embeddable":true,"href":"https:\/\/abifer.org.br\/en\/wp-json\/wp\/v2\/categories\/?post=93554"},{"taxonomy":"post_tag","embeddable":true,"href":"https:\/\/abifer.org.br\/en\/wp-json\/wp\/v2\/tags\/?post=93554"}],"curies":[{"name":"wp","href":"https:\/\/api.w.org\/{rel}","templated":true}]}}