{"id":93556,"date":"2026-04-27T09:00:36","date_gmt":"2026-04-27T12:00:36","guid":{"rendered":"https:\/\/abifer.org.br\/?p=93556"},"modified":"2026-04-27T09:00:36","modified_gmt":"2026-04-27T12:00:36","slug":"cptm-investira-r-97-milhoes-em-melhorias-de-duas-estacoes-na-linha-10-turquesa","status":"publish","type":"post","link":"https:\/\/abifer.org.br\/en\/cptm-investira-r-97-milhoes-em-melhorias-de-duas-estacoes-na-linha-10-turquesa\/","title":{"rendered":"CPTM investir\u00e1 R$ 97 milh\u00f5es em melhorias de duas esta\u00e7\u00f5es na Linha 10-Turquesa"},"content":{"rendered":"<pre style=\"text-align: right;\"><a href=\"https:\/\/revistaferroviaria.com.br\/2026\/04\/cptm-investira-r-97-milhoes-em-melhorias-de-duas-estacoes-na-linha-10-turquesa\/\" target=\"_blank\" rel=\"noopener\"><strong><em>Fonte: Revista Ferrovi\u00e1ria\r\nData: 23\/04\/2026<\/em><\/strong><\/a><\/pre>\n<p>\u00c0 medida que se aproxima a data em que a Companhia Paulista de Trens Metropolitanos (CPTM) deixar\u00e1 de operar mais tr\u00eas linhas de passageiros em S\u00e3o Paulo, a empresa anunciou a assinatura de um contrato no valor de R$ 97 milh\u00f5es para investimentos na Linha 10\u2013Turquesa.<\/p>\n<p>O ramal, que liga a regi\u00e3o central da capital paulista ao ABC, at\u00e9 Rio Grande da Serra, ser\u00e1 o \u00fanico sob responsabilidade da estatal a partir de julho, tornando-se o principal foco das a\u00e7\u00f5es de moderniza\u00e7\u00e3o.<\/p>\n<p>Foi firmado contrato com o Cons\u00f3rcio LK\u2013JZ, formado pelas empresas Lopes Kalil Engenharia e Com\u00e9rcio Ltda. e J.Z. Engenharia e Com\u00e9rcio Ltda., para a execu\u00e7\u00e3o de obras nas esta\u00e7\u00f5es Santo Andr\u00e9 e Mau\u00e1.<\/p>\n<p>As duas esta\u00e7\u00f5es, constru\u00eddas na d\u00e9cada de 1970, durante a gest\u00e3o da Rede Ferrovi\u00e1ria Federal S.A., receberam poucas interven\u00e7\u00f5es ao longo dos anos. Agora, passar\u00e3o por um processo de moderniza\u00e7\u00e3o que inclui a implanta\u00e7\u00e3o de novos equipamentos e recursos de acessibilidade, adequando-as \u00e0s normas vigentes.<\/p>\n<p>Entre os servi\u00e7os previstos est\u00e3o a constru\u00e7\u00e3o de novos sanit\u00e1rios, inclusive adaptados para pessoas com defici\u00eancia ou mobilidade reduzida; a implanta\u00e7\u00e3o de uma nova passarela de travessia com elevadores; o alteamento das plataformas, em conformidade com a norma ABNT NBR 14021\/2005; al\u00e9m da instala\u00e7\u00e3o de piso podot\u00e1til, onde necess\u00e1rio, entre outras melhorias.<\/p>\n<p>O contrato tem dura\u00e7\u00e3o de 42 meses, contados a partir da data-base de 16 de abril deste ano, prazo estimado para a execu\u00e7\u00e3o completa das interven\u00e7\u00f5es.<\/p>\n","protected":false},"excerpt":{"rendered":"<p>Fonte: Revista Ferrovi\u00e1ria Data: 23\/04\/2026 \u00c0 medida que se aproxima a data em que a Companhia Paulista de Trens Metropolitanos (CPTM) deixar\u00e1 de operar mais tr\u00eas linhas de passageiros em S\u00e3o Paulo, a empresa anunciou a assinatura de um contrato no valor de R$ 97 milh\u00f5es para investimentos na Linha 10\u2013Turquesa. O ramal, que liga [&hellip;]<\/p>\n","protected":false},"author":55,"featured_media":92535,"comment_status":"closed","ping_status":"closed","sticky":false,"template":"","format":"standard","meta":{"footnotes":""},"categories":[875],"tags":[],"class_list":["post-93556","post","type-post","status-publish","format-standard","has-post-thumbnail","hentry","category-noticias-do-mercado"],"acf":[],"yoast_head":"<!-- This site is optimized with the Yoast SEO plugin v18.2 - https:\/\/yoast.com\/wordpress\/plugins\/seo\/ -->\n<title>CPTM investir\u00e1 R$ 97 milh\u00f5es em melhorias de duas esta\u00e7\u00f5es na Linha 10-Turquesa<\/title>\n<meta name=\"robots\" content=\"index, follow, max-snippet:-1, max-image-preview:large, max-video-preview:-1\" \/>\n<link rel=\"canonical\" href=\"https:\/\/abifer.org.br\/cptm-investira-r-97-milhoes-em-melhorias-de-duas-estacoes-na-linha-10-turquesa\/\" \/>\n<meta property=\"og:locale\" content=\"pt_BR\" \/>\n<meta property=\"og:type\" content=\"article\" \/>\n<meta property=\"og:title\" content=\"CPTM investir\u00e1 R$ 97 milh\u00f5es em melhorias de duas esta\u00e7\u00f5es na Linha 10-Turquesa\" \/>\n<meta property=\"og:description\" content=\"Fonte: Revista Ferrovi\u00e1ria Data: 23\/04\/2026 \u00c0 medida que se aproxima a data em que a Companhia Paulista de Trens Metropolitanos (CPTM) deixar\u00e1 de operar mais tr\u00eas linhas de passageiros em S\u00e3o Paulo, a empresa anunciou a assinatura de um contrato no valor de R$ 97 milh\u00f5es para investimentos na Linha 10\u2013Turquesa. O ramal, que liga [&hellip;]\" \/>\n<meta property=\"og:url\" content=\"https:\/\/abifer.org.br\/cptm-investira-r-97-milhoes-em-melhorias-de-duas-estacoes-na-linha-10-turquesa\/\" \/>\n<meta property=\"og:site_name\" content=\"ABIFER\" \/>\n<meta property=\"article:publisher\" content=\"https:\/\/www.facebook.com\/abiferoficial\/\" \/>\n<meta property=\"article:published_time\" content=\"2026-04-27T12:00:36+00:00\" \/>\n<meta property=\"og:image\" content=\"http:\/\/abifer.org.br\/wp-content\/uploads\/2026\/02\/NOTICIAS-DO-MERCADO.jpg\" \/>\n\t<meta property=\"og:image:width\" content=\"1920\" \/>\n\t<meta property=\"og:image:height\" content=\"1080\" \/>\n\t<meta property=\"og:image:type\" content=\"image\/jpeg\" \/>\n<meta name=\"twitter:card\" content=\"summary_large_image\" \/>\n<meta name=\"twitter:creator\" content=\"@abiferoficial\" \/>\n<meta name=\"twitter:site\" content=\"@abiferoficial\" \/>\n<meta name=\"twitter:label1\" content=\"Escrito por\" \/>\n\t<meta name=\"twitter:data1\" content=\"ABIFER\" \/>\n\t<meta name=\"twitter:label2\" content=\"Est. tempo de leitura\" \/>\n\t<meta name=\"twitter:data2\" content=\"1 minuto\" \/>\n<script type=\"application\/ld+json\" class=\"yoast-schema-graph\">{\"@context\":\"https:\/\/schema.org\",\"@graph\":[{\"@type\":\"Organization\",\"@id\":\"http:\/\/abifer.org.br\/#organization\",\"name\":\"ABIFER\",\"url\":\"http:\/\/abifer.org.br\/\",\"sameAs\":[\"https:\/\/www.facebook.com\/abiferoficial\/\",\"https:\/\/www.linkedin.com\/company\/abiferoficial\/\",\"https:\/\/twitter.com\/abiferoficial\"],\"logo\":{\"@type\":\"ImageObject\",\"@id\":\"http:\/\/abifer.org.br\/#logo\",\"inLanguage\":\"pt-BR\",\"url\":\"https:\/\/abifer.org.br\/wp-content\/uploads\/2018\/05\/ABF_001_LogoSlogan.jpg\",\"contentUrl\":\"https:\/\/abifer.org.br\/wp-content\/uploads\/2018\/05\/ABF_001_LogoSlogan.jpg\",\"width\":1182,\"height\":486,\"caption\":\"ABIFER\"},\"image\":{\"@id\":\"http:\/\/abifer.org.br\/#logo\"}},{\"@type\":\"WebSite\",\"@id\":\"http:\/\/abifer.org.br\/#website\",\"url\":\"http:\/\/abifer.org.br\/\",\"name\":\"ABIFER\",\"description\":\"Associa\u00e7\u00e3o Brasileira da Ind\u00fastria Ferrovi\u00e1ria\",\"publisher\":{\"@id\":\"http:\/\/abifer.org.br\/#organization\"},\"potentialAction\":[{\"@type\":\"SearchAction\",\"target\":{\"@type\":\"EntryPoint\",\"urlTemplate\":\"http:\/\/abifer.org.br\/?s={search_term_string}\"},\"query-input\":\"required name=search_term_string\"}],\"inLanguage\":\"pt-BR\"},{\"@type\":\"ImageObject\",\"@id\":\"https:\/\/abifer.org.br\/cptm-investira-r-97-milhoes-em-melhorias-de-duas-estacoes-na-linha-10-turquesa\/#primaryimage\",\"inLanguage\":\"pt-BR\",\"url\":\"https:\/\/abifer.org.br\/wp-content\/uploads\/2026\/02\/NOTICIAS-DO-MERCADO.jpg\",\"contentUrl\":\"https:\/\/abifer.org.br\/wp-content\/uploads\/2026\/02\/NOTICIAS-DO-MERCADO.jpg\",\"width\":1920,\"height\":1080},{\"@type\":\"WebPage\",\"@id\":\"https:\/\/abifer.org.br\/cptm-investira-r-97-milhoes-em-melhorias-de-duas-estacoes-na-linha-10-turquesa\/#webpage\",\"url\":\"https:\/\/abifer.org.br\/cptm-investira-r-97-milhoes-em-melhorias-de-duas-estacoes-na-linha-10-turquesa\/\",\"name\":\"CPTM investir\u00e1 R$ 97 milh\u00f5es em melhorias de duas esta\u00e7\u00f5es na Linha 10-Turquesa\",\"isPartOf\":{\"@id\":\"http:\/\/abifer.org.br\/#website\"},\"primaryImageOfPage\":{\"@id\":\"https:\/\/abifer.org.br\/cptm-investira-r-97-milhoes-em-melhorias-de-duas-estacoes-na-linha-10-turquesa\/#primaryimage\"},\"datePublished\":\"2026-04-27T12:00:36+00:00\",\"dateModified\":\"2026-04-27T12:00:36+00:00\",\"breadcrumb\":{\"@id\":\"https:\/\/abifer.org.br\/cptm-investira-r-97-milhoes-em-melhorias-de-duas-estacoes-na-linha-10-turquesa\/#breadcrumb\"},\"inLanguage\":\"pt-BR\",\"potentialAction\":[{\"@type\":\"ReadAction\",\"target\":[\"https:\/\/abifer.org.br\/cptm-investira-r-97-milhoes-em-melhorias-de-duas-estacoes-na-linha-10-turquesa\/\"]}]},{\"@type\":\"BreadcrumbList\",\"@id\":\"https:\/\/abifer.org.br\/cptm-investira-r-97-milhoes-em-melhorias-de-duas-estacoes-na-linha-10-turquesa\/#breadcrumb\",\"itemListElement\":[{\"@type\":\"ListItem\",\"position\":1,\"name\":\"In\u00edcio\",\"item\":\"http:\/\/abifer.org.br\/\"},{\"@type\":\"ListItem\",\"position\":2,\"name\":\"CPTM investir\u00e1 R$ 97 milh\u00f5es em melhorias de duas esta\u00e7\u00f5es na Linha 10-Turquesa\"}]},{\"@type\":\"Article\",\"@id\":\"https:\/\/abifer.org.br\/cptm-investira-r-97-milhoes-em-melhorias-de-duas-estacoes-na-linha-10-turquesa\/#article\",\"isPartOf\":{\"@id\":\"https:\/\/abifer.org.br\/cptm-investira-r-97-milhoes-em-melhorias-de-duas-estacoes-na-linha-10-turquesa\/#webpage\"},\"author\":{\"@id\":\"http:\/\/abifer.org.br\/#\/schema\/person\/90c38c3286f60a11b363834930f79a1f\"},\"headline\":\"CPTM investir\u00e1 R$ 97 milh\u00f5es em melhorias de duas esta\u00e7\u00f5es na Linha 10-Turquesa\",\"datePublished\":\"2026-04-27T12:00:36+00:00\",\"dateModified\":\"2026-04-27T12:00:36+00:00\",\"mainEntityOfPage\":{\"@id\":\"https:\/\/abifer.org.br\/cptm-investira-r-97-milhoes-em-melhorias-de-duas-estacoes-na-linha-10-turquesa\/#webpage\"},\"wordCount\":282,\"publisher\":{\"@id\":\"http:\/\/abifer.org.br\/#organization\"},\"image\":{\"@id\":\"https:\/\/abifer.org.br\/cptm-investira-r-97-milhoes-em-melhorias-de-duas-estacoes-na-linha-10-turquesa\/#primaryimage\"},\"thumbnailUrl\":\"https:\/\/abifer.org.br\/wp-content\/uploads\/2026\/02\/NOTICIAS-DO-MERCADO.jpg\",\"articleSection\":[\"Not\u00edcias do Mercado\"],\"inLanguage\":\"pt-BR\"},{\"@type\":\"Person\",\"@id\":\"http:\/\/abifer.org.br\/#\/schema\/person\/90c38c3286f60a11b363834930f79a1f\",\"name\":\"ABIFER\",\"url\":\"https:\/\/abifer.org.br\/author\/abifer\/\"}]}<\/script>\n<!-- \/ Yoast SEO plugin. -->","yoast_head_json":{"title":"CPTM investir\u00e1 R$ 97 milh\u00f5es em melhorias de duas esta\u00e7\u00f5es na Linha 10-Turquesa","robots":{"index":"index","follow":"follow","max-snippet":"max-snippet:-1","max-image-preview":"max-image-preview:large","max-video-preview":"max-video-preview:-1"},"canonical":"https:\/\/abifer.org.br\/cptm-investira-r-97-milhoes-em-melhorias-de-duas-estacoes-na-linha-10-turquesa\/","og_locale":"pt_BR","og_type":"article","og_title":"CPTM investir\u00e1 R$ 97 milh\u00f5es em melhorias de duas esta\u00e7\u00f5es na Linha 10-Turquesa","og_description":"Fonte: Revista Ferrovi\u00e1ria Data: 23\/04\/2026 \u00c0 medida que se aproxima a data em que a Companhia Paulista de Trens Metropolitanos (CPTM) deixar\u00e1 de operar mais tr\u00eas linhas de passageiros em S\u00e3o Paulo, a empresa anunciou a assinatura de um contrato no valor de R$ 97 milh\u00f5es para investimentos na Linha 10\u2013Turquesa. O ramal, que liga [&hellip;]","og_url":"https:\/\/abifer.org.br\/cptm-investira-r-97-milhoes-em-melhorias-de-duas-estacoes-na-linha-10-turquesa\/","og_site_name":"ABIFER","article_publisher":"https:\/\/www.facebook.com\/abiferoficial\/","article_published_time":"2026-04-27T12:00:36+00:00","og_image":[{"width":1920,"height":1080,"url":"http:\/\/abifer.org.br\/wp-content\/uploads\/2026\/02\/NOTICIAS-DO-MERCADO.jpg","type":"image\/jpeg"}],"twitter_card":"summary_large_image","twitter_creator":"@abiferoficial","twitter_site":"@abiferoficial","twitter_misc":{"Escrito por":"ABIFER","Est. tempo de leitura":"1 minuto"},"schema":{"@context":"https:\/\/schema.org","@graph":[{"@type":"Organization","@id":"http:\/\/abifer.org.br\/#organization","name":"ABIFER","url":"http:\/\/abifer.org.br\/","sameAs":["https:\/\/www.facebook.com\/abiferoficial\/","https:\/\/www.linkedin.com\/company\/abiferoficial\/","https:\/\/twitter.com\/abiferoficial"],"logo":{"@type":"ImageObject","@id":"http:\/\/abifer.org.br\/#logo","inLanguage":"pt-BR","url":"https:\/\/abifer.org.br\/wp-content\/uploads\/2018\/05\/ABF_001_LogoSlogan.jpg","contentUrl":"https:\/\/abifer.org.br\/wp-content\/uploads\/2018\/05\/ABF_001_LogoSlogan.jpg","width":1182,"height":486,"caption":"ABIFER"},"image":{"@id":"http:\/\/abifer.org.br\/#logo"}},{"@type":"WebSite","@id":"http:\/\/abifer.org.br\/#website","url":"http:\/\/abifer.org.br\/","name":"ABIFER","description":"Associa\u00e7\u00e3o Brasileira da Ind\u00fastria Ferrovi\u00e1ria","publisher":{"@id":"http:\/\/abifer.org.br\/#organization"},"potentialAction":[{"@type":"SearchAction","target":{"@type":"EntryPoint","urlTemplate":"http:\/\/abifer.org.br\/?s={search_term_string}"},"query-input":"required name=search_term_string"}],"inLanguage":"pt-BR"},{"@type":"ImageObject","@id":"https:\/\/abifer.org.br\/cptm-investira-r-97-milhoes-em-melhorias-de-duas-estacoes-na-linha-10-turquesa\/#primaryimage","inLanguage":"pt-BR","url":"https:\/\/abifer.org.br\/wp-content\/uploads\/2026\/02\/NOTICIAS-DO-MERCADO.jpg","contentUrl":"https:\/\/abifer.org.br\/wp-content\/uploads\/2026\/02\/NOTICIAS-DO-MERCADO.jpg","width":1920,"height":1080},{"@type":"WebPage","@id":"https:\/\/abifer.org.br\/cptm-investira-r-97-milhoes-em-melhorias-de-duas-estacoes-na-linha-10-turquesa\/#webpage","url":"https:\/\/abifer.org.br\/cptm-investira-r-97-milhoes-em-melhorias-de-duas-estacoes-na-linha-10-turquesa\/","name":"CPTM investir\u00e1 R$ 97 milh\u00f5es em melhorias de duas esta\u00e7\u00f5es na Linha 10-Turquesa","isPartOf":{"@id":"http:\/\/abifer.org.br\/#website"},"primaryImageOfPage":{"@id":"https:\/\/abifer.org.br\/cptm-investira-r-97-milhoes-em-melhorias-de-duas-estacoes-na-linha-10-turquesa\/#primaryimage"},"datePublished":"2026-04-27T12:00:36+00:00","dateModified":"2026-04-27T12:00:36+00:00","breadcrumb":{"@id":"https:\/\/abifer.org.br\/cptm-investira-r-97-milhoes-em-melhorias-de-duas-estacoes-na-linha-10-turquesa\/#breadcrumb"},"inLanguage":"pt-BR","potentialAction":[{"@type":"ReadAction","target":["https:\/\/abifer.org.br\/cptm-investira-r-97-milhoes-em-melhorias-de-duas-estacoes-na-linha-10-turquesa\/"]}]},{"@type":"BreadcrumbList","@id":"https:\/\/abifer.org.br\/cptm-investira-r-97-milhoes-em-melhorias-de-duas-estacoes-na-linha-10-turquesa\/#breadcrumb","itemListElement":[{"@type":"ListItem","position":1,"name":"In\u00edcio","item":"http:\/\/abifer.org.br\/"},{"@type":"ListItem","position":2,"name":"CPTM investir\u00e1 R$ 97 milh\u00f5es em melhorias de duas esta\u00e7\u00f5es na Linha 10-Turquesa"}]},{"@type":"Article","@id":"https:\/\/abifer.org.br\/cptm-investira-r-97-milhoes-em-melhorias-de-duas-estacoes-na-linha-10-turquesa\/#article","isPartOf":{"@id":"https:\/\/abifer.org.br\/cptm-investira-r-97-milhoes-em-melhorias-de-duas-estacoes-na-linha-10-turquesa\/#webpage"},"author":{"@id":"http:\/\/abifer.org.br\/#\/schema\/person\/90c38c3286f60a11b363834930f79a1f"},"headline":"CPTM investir\u00e1 R$ 97 milh\u00f5es em melhorias de duas esta\u00e7\u00f5es na Linha 10-Turquesa","datePublished":"2026-04-27T12:00:36+00:00","dateModified":"2026-04-27T12:00:36+00:00","mainEntityOfPage":{"@id":"https:\/\/abifer.org.br\/cptm-investira-r-97-milhoes-em-melhorias-de-duas-estacoes-na-linha-10-turquesa\/#webpage"},"wordCount":282,"publisher":{"@id":"http:\/\/abifer.org.br\/#organization"},"image":{"@id":"https:\/\/abifer.org.br\/cptm-investira-r-97-milhoes-em-melhorias-de-duas-estacoes-na-linha-10-turquesa\/#primaryimage"},"thumbnailUrl":"https:\/\/abifer.org.br\/wp-content\/uploads\/2026\/02\/NOTICIAS-DO-MERCADO.jpg","articleSection":["Not\u00edcias do Mercado"],"inLanguage":"pt-BR"},{"@type":"Person","@id":"http:\/\/abifer.org.br\/#\/schema\/person\/90c38c3286f60a11b363834930f79a1f","name":"ABIFER","url":"https:\/\/abifer.org.br\/author\/abifer\/"}]}},"_links":{"self":[{"href":"https:\/\/abifer.org.br\/en\/wp-json\/wp\/v2\/posts\/93556\/"}],"collection":[{"href":"https:\/\/abifer.org.br\/en\/wp-json\/wp\/v2\/posts\/"}],"about":[{"href":"https:\/\/abifer.org.br\/en\/wp-json\/wp\/v2\/types\/post\/"}],"author":[{"embeddable":true,"href":"https:\/\/abifer.org.br\/en\/wp-json\/wp\/v2\/users\/55\/"}],"replies":[{"embeddable":true,"href":"https:\/\/abifer.org.br\/en\/wp-json\/wp\/v2\/comments\/?post=93556"}],"version-history":[{"count":1,"href":"https:\/\/abifer.org.br\/en\/wp-json\/wp\/v2\/posts\/93556\/revisions\/"}],"predecessor-version":[{"id":93557,"href":"https:\/\/abifer.org.br\/en\/wp-json\/wp\/v2\/posts\/93556\/revisions\/93557\/"}],"wp:featuredmedia":[{"embeddable":true,"href":"https:\/\/abifer.org.br\/en\/wp-json\/wp\/v2\/media\/92535\/"}],"wp:attachment":[{"href":"https:\/\/abifer.org.br\/en\/wp-json\/wp\/v2\/media\/?parent=93556"}],"wp:term":[{"taxonomy":"category","embeddable":true,"href":"https:\/\/abifer.org.br\/en\/wp-json\/wp\/v2\/categories\/?post=93556"},{"taxonomy":"post_tag","embeddable":true,"href":"https:\/\/abifer.org.br\/en\/wp-json\/wp\/v2\/tags\/?post=93556"}],"curies":[{"name":"wp","href":"https:\/\/api.w.org\/{rel}","templated":true}]}}