{"id":93559,"date":"2026-04-27T09:04:27","date_gmt":"2026-04-27T12:04:27","guid":{"rendered":"https:\/\/abifer.org.br\/?p=93559"},"modified":"2026-04-27T09:04:27","modified_gmt":"2026-04-27T12:04:27","slug":"cptm-abre-licitacao-para-expansao-da-malha-ferroviaria","status":"publish","type":"post","link":"https:\/\/abifer.org.br\/en\/cptm-abre-licitacao-para-expansao-da-malha-ferroviaria\/","title":{"rendered":"CPTM abre licita\u00e7\u00e3o para expans\u00e3o da malha ferrovi\u00e1ria"},"content":{"rendered":"<header class=\"single-header entry-header\">\n<div class=\"single-entry-meta has-avatar\">\n<div class=\"inner\">\n<div class=\"single-meta-bottom p-meta-info\">\n<pre class=\"updated-info meta-info-el meta-info-author\" style=\"text-align: right;\"><a href=\"https:\/\/viatrolebus.com.br\/2026\/04\/cptm-abre-licitacao-para-expansao-da-malha-ferroviaria\/\" target=\"_blank\" rel=\"noopener\"><strong><em>Fonte: ViaTrolebus\r\nData: 27\/04\/2026<\/em><\/strong><\/a><\/pre>\n<div><\/div>\n<div class=\"updated-info meta-info-el meta-info-author\">A CPTM abriu licita\u00e7\u00e3o para a contrata\u00e7\u00e3o de servi\u00e7os especializados de levantamento aerofotogram\u00e9trico georreferenciado, com o objetivo de subsidiar os estudos de expans\u00e3o da malha ferrovi\u00e1ria de passageiros no Estado de S\u00e3o Paulo. O aviso foi publicado no Di\u00e1rio Oficial desta segunda-feira (27) e o processo ser\u00e1 realizado via Preg\u00e3o Eletr\u00f4nico, atrav\u00e9s de Ata de Registro de Pre\u00e7os.<\/div>\n<\/div>\n<\/div>\n<\/div>\n<\/header>\n<div class=\"single-body entry\">\n<div class=\"single-content\">\n<div class=\"entry-content clearfix\">\n<p>As empresas interessadas podem enviar suas propostas eletr\u00f4nicas a partir de hoje (27\/04). A sess\u00e3o p\u00fablica est\u00e1 agendada para o dia 13 de maio de 2026, \u00e0s 09:00 horas, por meio do sistema oficial de compras do governo federal.<\/p>\n<p>O edital completo e seus anexos t\u00e9cnicos est\u00e3o dispon\u00edveis para consulta nos sites oficiais da CPTM e do Governo. Para a retirada de documentos t\u00e9cnicos espec\u00edficos em formato eletr\u00f4nico, os interessados devem acessar o site da companhia ou comparecer ao Protocolo de Licita\u00e7\u00f5es, no centro de S\u00e3o Paulo, portando m\u00eddia f\u00edsica (DVD ou pen drive).<\/p>\n<p>A CPTM estuda a expans\u00e3o do servi\u00e7o ferrovi\u00e1rio por meio de uma malha de trens intercidades. Conforme noticiado por este site, h\u00e1 algumas liga\u00e7\u00f5es ferrovi\u00e1rias previstas para subsidiar esses estudos de expans\u00e3o no Estado de S\u00e3o Paulo:<\/p>\n<ul>\n<li>Liga\u00e7\u00e3o entre Santos e Cajati;<\/li>\n<li>Expans\u00e3o at\u00e9 Curitiba;<\/li>\n<li>Liga\u00e7\u00e3o de Iper\u00f3 at\u00e9 a Baixada Santista;<\/li>\n<li>Liga\u00e7\u00e3o de Sorocaba at\u00e9 Mar\u00edlia.<\/li>\n<\/ul>\n<\/div>\n<\/div>\n<\/div>\n","protected":false},"excerpt":{"rendered":"<p>Fonte: ViaTrolebus Data: 27\/04\/2026 A CPTM abriu licita\u00e7\u00e3o para a contrata\u00e7\u00e3o de servi\u00e7os especializados de levantamento aerofotogram\u00e9trico georreferenciado, com o objetivo de subsidiar os estudos de expans\u00e3o da malha ferrovi\u00e1ria de passageiros no Estado de S\u00e3o Paulo. O aviso foi publicado no Di\u00e1rio Oficial desta segunda-feira (27) e o processo ser\u00e1 realizado via Preg\u00e3o Eletr\u00f4nico, [&hellip;]<\/p>\n","protected":false},"author":55,"featured_media":92535,"comment_status":"closed","ping_status":"closed","sticky":false,"template":"","format":"standard","meta":{"footnotes":""},"categories":[875],"tags":[],"class_list":["post-93559","post","type-post","status-publish","format-standard","has-post-thumbnail","hentry","category-noticias-do-mercado"],"acf":[],"yoast_head":"<!-- This site is optimized with the Yoast SEO plugin v18.2 - https:\/\/yoast.com\/wordpress\/plugins\/seo\/ -->\n<title>CPTM abre licita\u00e7\u00e3o para expans\u00e3o da malha ferrovi\u00e1ria<\/title>\n<meta name=\"robots\" content=\"index, follow, max-snippet:-1, max-image-preview:large, max-video-preview:-1\" \/>\n<link rel=\"canonical\" href=\"https:\/\/abifer.org.br\/cptm-abre-licitacao-para-expansao-da-malha-ferroviaria\/\" \/>\n<meta property=\"og:locale\" content=\"pt_BR\" \/>\n<meta property=\"og:type\" content=\"article\" \/>\n<meta property=\"og:title\" content=\"CPTM abre licita\u00e7\u00e3o para expans\u00e3o da malha ferrovi\u00e1ria\" \/>\n<meta property=\"og:description\" content=\"Fonte: ViaTrolebus Data: 27\/04\/2026 A CPTM abriu licita\u00e7\u00e3o para a contrata\u00e7\u00e3o de servi\u00e7os especializados de levantamento aerofotogram\u00e9trico georreferenciado, com o objetivo de subsidiar os estudos de expans\u00e3o da malha ferrovi\u00e1ria de passageiros no Estado de S\u00e3o Paulo. O aviso foi publicado no Di\u00e1rio Oficial desta segunda-feira (27) e o processo ser\u00e1 realizado via Preg\u00e3o Eletr\u00f4nico, [&hellip;]\" \/>\n<meta property=\"og:url\" content=\"https:\/\/abifer.org.br\/cptm-abre-licitacao-para-expansao-da-malha-ferroviaria\/\" \/>\n<meta property=\"og:site_name\" content=\"ABIFER\" \/>\n<meta property=\"article:publisher\" content=\"https:\/\/www.facebook.com\/abiferoficial\/\" \/>\n<meta property=\"article:published_time\" content=\"2026-04-27T12:04:27+00:00\" \/>\n<meta property=\"og:image\" content=\"http:\/\/abifer.org.br\/wp-content\/uploads\/2026\/02\/NOTICIAS-DO-MERCADO.jpg\" \/>\n\t<meta property=\"og:image:width\" content=\"1920\" \/>\n\t<meta property=\"og:image:height\" content=\"1080\" \/>\n\t<meta property=\"og:image:type\" content=\"image\/jpeg\" \/>\n<meta name=\"twitter:card\" content=\"summary_large_image\" \/>\n<meta name=\"twitter:creator\" content=\"@abiferoficial\" \/>\n<meta name=\"twitter:site\" content=\"@abiferoficial\" \/>\n<meta name=\"twitter:label1\" content=\"Escrito por\" \/>\n\t<meta name=\"twitter:data1\" content=\"ABIFER\" \/>\n\t<meta name=\"twitter:label2\" content=\"Est. tempo de leitura\" \/>\n\t<meta name=\"twitter:data2\" content=\"1 minuto\" \/>\n<script type=\"application\/ld+json\" class=\"yoast-schema-graph\">{\"@context\":\"https:\/\/schema.org\",\"@graph\":[{\"@type\":\"Organization\",\"@id\":\"http:\/\/abifer.org.br\/#organization\",\"name\":\"ABIFER\",\"url\":\"http:\/\/abifer.org.br\/\",\"sameAs\":[\"https:\/\/www.facebook.com\/abiferoficial\/\",\"https:\/\/www.linkedin.com\/company\/abiferoficial\/\",\"https:\/\/twitter.com\/abiferoficial\"],\"logo\":{\"@type\":\"ImageObject\",\"@id\":\"http:\/\/abifer.org.br\/#logo\",\"inLanguage\":\"pt-BR\",\"url\":\"https:\/\/abifer.org.br\/wp-content\/uploads\/2018\/05\/ABF_001_LogoSlogan.jpg\",\"contentUrl\":\"https:\/\/abifer.org.br\/wp-content\/uploads\/2018\/05\/ABF_001_LogoSlogan.jpg\",\"width\":1182,\"height\":486,\"caption\":\"ABIFER\"},\"image\":{\"@id\":\"http:\/\/abifer.org.br\/#logo\"}},{\"@type\":\"WebSite\",\"@id\":\"http:\/\/abifer.org.br\/#website\",\"url\":\"http:\/\/abifer.org.br\/\",\"name\":\"ABIFER\",\"description\":\"Associa\u00e7\u00e3o Brasileira da Ind\u00fastria Ferrovi\u00e1ria\",\"publisher\":{\"@id\":\"http:\/\/abifer.org.br\/#organization\"},\"potentialAction\":[{\"@type\":\"SearchAction\",\"target\":{\"@type\":\"EntryPoint\",\"urlTemplate\":\"http:\/\/abifer.org.br\/?s={search_term_string}\"},\"query-input\":\"required name=search_term_string\"}],\"inLanguage\":\"pt-BR\"},{\"@type\":\"ImageObject\",\"@id\":\"https:\/\/abifer.org.br\/cptm-abre-licitacao-para-expansao-da-malha-ferroviaria\/#primaryimage\",\"inLanguage\":\"pt-BR\",\"url\":\"https:\/\/abifer.org.br\/wp-content\/uploads\/2026\/02\/NOTICIAS-DO-MERCADO.jpg\",\"contentUrl\":\"https:\/\/abifer.org.br\/wp-content\/uploads\/2026\/02\/NOTICIAS-DO-MERCADO.jpg\",\"width\":1920,\"height\":1080},{\"@type\":\"WebPage\",\"@id\":\"https:\/\/abifer.org.br\/cptm-abre-licitacao-para-expansao-da-malha-ferroviaria\/#webpage\",\"url\":\"https:\/\/abifer.org.br\/cptm-abre-licitacao-para-expansao-da-malha-ferroviaria\/\",\"name\":\"CPTM abre licita\u00e7\u00e3o para expans\u00e3o da malha ferrovi\u00e1ria\",\"isPartOf\":{\"@id\":\"http:\/\/abifer.org.br\/#website\"},\"primaryImageOfPage\":{\"@id\":\"https:\/\/abifer.org.br\/cptm-abre-licitacao-para-expansao-da-malha-ferroviaria\/#primaryimage\"},\"datePublished\":\"2026-04-27T12:04:27+00:00\",\"dateModified\":\"2026-04-27T12:04:27+00:00\",\"breadcrumb\":{\"@id\":\"https:\/\/abifer.org.br\/cptm-abre-licitacao-para-expansao-da-malha-ferroviaria\/#breadcrumb\"},\"inLanguage\":\"pt-BR\",\"potentialAction\":[{\"@type\":\"ReadAction\",\"target\":[\"https:\/\/abifer.org.br\/cptm-abre-licitacao-para-expansao-da-malha-ferroviaria\/\"]}]},{\"@type\":\"BreadcrumbList\",\"@id\":\"https:\/\/abifer.org.br\/cptm-abre-licitacao-para-expansao-da-malha-ferroviaria\/#breadcrumb\",\"itemListElement\":[{\"@type\":\"ListItem\",\"position\":1,\"name\":\"In\u00edcio\",\"item\":\"http:\/\/abifer.org.br\/\"},{\"@type\":\"ListItem\",\"position\":2,\"name\":\"CPTM abre licita\u00e7\u00e3o para expans\u00e3o da malha ferrovi\u00e1ria\"}]},{\"@type\":\"Article\",\"@id\":\"https:\/\/abifer.org.br\/cptm-abre-licitacao-para-expansao-da-malha-ferroviaria\/#article\",\"isPartOf\":{\"@id\":\"https:\/\/abifer.org.br\/cptm-abre-licitacao-para-expansao-da-malha-ferroviaria\/#webpage\"},\"author\":{\"@id\":\"http:\/\/abifer.org.br\/#\/schema\/person\/90c38c3286f60a11b363834930f79a1f\"},\"headline\":\"CPTM abre licita\u00e7\u00e3o para expans\u00e3o da malha ferrovi\u00e1ria\",\"datePublished\":\"2026-04-27T12:04:27+00:00\",\"dateModified\":\"2026-04-27T12:04:27+00:00\",\"mainEntityOfPage\":{\"@id\":\"https:\/\/abifer.org.br\/cptm-abre-licitacao-para-expansao-da-malha-ferroviaria\/#webpage\"},\"wordCount\":252,\"publisher\":{\"@id\":\"http:\/\/abifer.org.br\/#organization\"},\"image\":{\"@id\":\"https:\/\/abifer.org.br\/cptm-abre-licitacao-para-expansao-da-malha-ferroviaria\/#primaryimage\"},\"thumbnailUrl\":\"https:\/\/abifer.org.br\/wp-content\/uploads\/2026\/02\/NOTICIAS-DO-MERCADO.jpg\",\"articleSection\":[\"Not\u00edcias do Mercado\"],\"inLanguage\":\"pt-BR\"},{\"@type\":\"Person\",\"@id\":\"http:\/\/abifer.org.br\/#\/schema\/person\/90c38c3286f60a11b363834930f79a1f\",\"name\":\"ABIFER\",\"url\":\"https:\/\/abifer.org.br\/author\/abifer\/\"}]}<\/script>\n<!-- \/ Yoast SEO plugin. -->","yoast_head_json":{"title":"CPTM abre licita\u00e7\u00e3o para expans\u00e3o da malha ferrovi\u00e1ria","robots":{"index":"index","follow":"follow","max-snippet":"max-snippet:-1","max-image-preview":"max-image-preview:large","max-video-preview":"max-video-preview:-1"},"canonical":"https:\/\/abifer.org.br\/cptm-abre-licitacao-para-expansao-da-malha-ferroviaria\/","og_locale":"pt_BR","og_type":"article","og_title":"CPTM abre licita\u00e7\u00e3o para expans\u00e3o da malha ferrovi\u00e1ria","og_description":"Fonte: ViaTrolebus Data: 27\/04\/2026 A CPTM abriu licita\u00e7\u00e3o para a contrata\u00e7\u00e3o de servi\u00e7os especializados de levantamento aerofotogram\u00e9trico georreferenciado, com o objetivo de subsidiar os estudos de expans\u00e3o da malha ferrovi\u00e1ria de passageiros no Estado de S\u00e3o Paulo. O aviso foi publicado no Di\u00e1rio Oficial desta segunda-feira (27) e o processo ser\u00e1 realizado via Preg\u00e3o Eletr\u00f4nico, [&hellip;]","og_url":"https:\/\/abifer.org.br\/cptm-abre-licitacao-para-expansao-da-malha-ferroviaria\/","og_site_name":"ABIFER","article_publisher":"https:\/\/www.facebook.com\/abiferoficial\/","article_published_time":"2026-04-27T12:04:27+00:00","og_image":[{"width":1920,"height":1080,"url":"http:\/\/abifer.org.br\/wp-content\/uploads\/2026\/02\/NOTICIAS-DO-MERCADO.jpg","type":"image\/jpeg"}],"twitter_card":"summary_large_image","twitter_creator":"@abiferoficial","twitter_site":"@abiferoficial","twitter_misc":{"Escrito por":"ABIFER","Est. tempo de leitura":"1 minuto"},"schema":{"@context":"https:\/\/schema.org","@graph":[{"@type":"Organization","@id":"http:\/\/abifer.org.br\/#organization","name":"ABIFER","url":"http:\/\/abifer.org.br\/","sameAs":["https:\/\/www.facebook.com\/abiferoficial\/","https:\/\/www.linkedin.com\/company\/abiferoficial\/","https:\/\/twitter.com\/abiferoficial"],"logo":{"@type":"ImageObject","@id":"http:\/\/abifer.org.br\/#logo","inLanguage":"pt-BR","url":"https:\/\/abifer.org.br\/wp-content\/uploads\/2018\/05\/ABF_001_LogoSlogan.jpg","contentUrl":"https:\/\/abifer.org.br\/wp-content\/uploads\/2018\/05\/ABF_001_LogoSlogan.jpg","width":1182,"height":486,"caption":"ABIFER"},"image":{"@id":"http:\/\/abifer.org.br\/#logo"}},{"@type":"WebSite","@id":"http:\/\/abifer.org.br\/#website","url":"http:\/\/abifer.org.br\/","name":"ABIFER","description":"Associa\u00e7\u00e3o Brasileira da Ind\u00fastria Ferrovi\u00e1ria","publisher":{"@id":"http:\/\/abifer.org.br\/#organization"},"potentialAction":[{"@type":"SearchAction","target":{"@type":"EntryPoint","urlTemplate":"http:\/\/abifer.org.br\/?s={search_term_string}"},"query-input":"required name=search_term_string"}],"inLanguage":"pt-BR"},{"@type":"ImageObject","@id":"https:\/\/abifer.org.br\/cptm-abre-licitacao-para-expansao-da-malha-ferroviaria\/#primaryimage","inLanguage":"pt-BR","url":"https:\/\/abifer.org.br\/wp-content\/uploads\/2026\/02\/NOTICIAS-DO-MERCADO.jpg","contentUrl":"https:\/\/abifer.org.br\/wp-content\/uploads\/2026\/02\/NOTICIAS-DO-MERCADO.jpg","width":1920,"height":1080},{"@type":"WebPage","@id":"https:\/\/abifer.org.br\/cptm-abre-licitacao-para-expansao-da-malha-ferroviaria\/#webpage","url":"https:\/\/abifer.org.br\/cptm-abre-licitacao-para-expansao-da-malha-ferroviaria\/","name":"CPTM abre licita\u00e7\u00e3o para expans\u00e3o da malha ferrovi\u00e1ria","isPartOf":{"@id":"http:\/\/abifer.org.br\/#website"},"primaryImageOfPage":{"@id":"https:\/\/abifer.org.br\/cptm-abre-licitacao-para-expansao-da-malha-ferroviaria\/#primaryimage"},"datePublished":"2026-04-27T12:04:27+00:00","dateModified":"2026-04-27T12:04:27+00:00","breadcrumb":{"@id":"https:\/\/abifer.org.br\/cptm-abre-licitacao-para-expansao-da-malha-ferroviaria\/#breadcrumb"},"inLanguage":"pt-BR","potentialAction":[{"@type":"ReadAction","target":["https:\/\/abifer.org.br\/cptm-abre-licitacao-para-expansao-da-malha-ferroviaria\/"]}]},{"@type":"BreadcrumbList","@id":"https:\/\/abifer.org.br\/cptm-abre-licitacao-para-expansao-da-malha-ferroviaria\/#breadcrumb","itemListElement":[{"@type":"ListItem","position":1,"name":"In\u00edcio","item":"http:\/\/abifer.org.br\/"},{"@type":"ListItem","position":2,"name":"CPTM abre licita\u00e7\u00e3o para expans\u00e3o da malha ferrovi\u00e1ria"}]},{"@type":"Article","@id":"https:\/\/abifer.org.br\/cptm-abre-licitacao-para-expansao-da-malha-ferroviaria\/#article","isPartOf":{"@id":"https:\/\/abifer.org.br\/cptm-abre-licitacao-para-expansao-da-malha-ferroviaria\/#webpage"},"author":{"@id":"http:\/\/abifer.org.br\/#\/schema\/person\/90c38c3286f60a11b363834930f79a1f"},"headline":"CPTM abre licita\u00e7\u00e3o para expans\u00e3o da malha ferrovi\u00e1ria","datePublished":"2026-04-27T12:04:27+00:00","dateModified":"2026-04-27T12:04:27+00:00","mainEntityOfPage":{"@id":"https:\/\/abifer.org.br\/cptm-abre-licitacao-para-expansao-da-malha-ferroviaria\/#webpage"},"wordCount":252,"publisher":{"@id":"http:\/\/abifer.org.br\/#organization"},"image":{"@id":"https:\/\/abifer.org.br\/cptm-abre-licitacao-para-expansao-da-malha-ferroviaria\/#primaryimage"},"thumbnailUrl":"https:\/\/abifer.org.br\/wp-content\/uploads\/2026\/02\/NOTICIAS-DO-MERCADO.jpg","articleSection":["Not\u00edcias do Mercado"],"inLanguage":"pt-BR"},{"@type":"Person","@id":"http:\/\/abifer.org.br\/#\/schema\/person\/90c38c3286f60a11b363834930f79a1f","name":"ABIFER","url":"https:\/\/abifer.org.br\/author\/abifer\/"}]}},"_links":{"self":[{"href":"https:\/\/abifer.org.br\/en\/wp-json\/wp\/v2\/posts\/93559\/"}],"collection":[{"href":"https:\/\/abifer.org.br\/en\/wp-json\/wp\/v2\/posts\/"}],"about":[{"href":"https:\/\/abifer.org.br\/en\/wp-json\/wp\/v2\/types\/post\/"}],"author":[{"embeddable":true,"href":"https:\/\/abifer.org.br\/en\/wp-json\/wp\/v2\/users\/55\/"}],"replies":[{"embeddable":true,"href":"https:\/\/abifer.org.br\/en\/wp-json\/wp\/v2\/comments\/?post=93559"}],"version-history":[{"count":1,"href":"https:\/\/abifer.org.br\/en\/wp-json\/wp\/v2\/posts\/93559\/revisions\/"}],"predecessor-version":[{"id":93560,"href":"https:\/\/abifer.org.br\/en\/wp-json\/wp\/v2\/posts\/93559\/revisions\/93560\/"}],"wp:featuredmedia":[{"embeddable":true,"href":"https:\/\/abifer.org.br\/en\/wp-json\/wp\/v2\/media\/92535\/"}],"wp:attachment":[{"href":"https:\/\/abifer.org.br\/en\/wp-json\/wp\/v2\/media\/?parent=93559"}],"wp:term":[{"taxonomy":"category","embeddable":true,"href":"https:\/\/abifer.org.br\/en\/wp-json\/wp\/v2\/categories\/?post=93559"},{"taxonomy":"post_tag","embeddable":true,"href":"https:\/\/abifer.org.br\/en\/wp-json\/wp\/v2\/tags\/?post=93559"}],"curies":[{"name":"wp","href":"https:\/\/api.w.org\/{rel}","templated":true}]}}