{"id":95758,"date":"2026-08-31T13:37:38","date_gmt":"2026-08-31T16:37:38","guid":{"rendered":"https:\/\/abifer.org.br\/?p=95758"},"modified":"2026-08-31T13:37:38","modified_gmt":"2026-08-31T16:37:38","slug":"cptm-conquista-selo-prata-por-transparencia-e-gestao-no-2o-inventario-de-gases-de-efeito-estufa","status":"publish","type":"post","link":"https:\/\/abifer.org.br\/en\/cptm-conquista-selo-prata-por-transparencia-e-gestao-no-2o-inventario-de-gases-de-efeito-estufa\/","title":{"rendered":"CPTM conquista Selo Prata por transpar\u00eancia e gest\u00e3o no 2\u00ba Invent\u00e1rio de Gases de Efeito Estufa"},"content":{"rendered":"<pre style=\"font-weight: 400;text-align: right\"><a href=\"https:\/\/diariodotransporte.com.br\/2026\/08\/28\/cptm-conquista-selo-prata-por-transparencia-e-gestao-no-2o-inventario-de-gases-de-efeito-estufa\/\" target=\"_blank\" rel=\"noopener\"><strong><em>Fonte: Di\u00e1rio do Transporte\r\nData: 28\/08\/2026<\/em><\/strong><\/a><\/pre>\n<p>&nbsp;<\/p>\n<p data-pf_style_display=\"block\" data-pf_style_visibility=\"visible\"><span class=\"text-node\">A CPTM alcan\u00e7ou um novo marco em sua agenda de sustentabilidade com a publica\u00e7\u00e3o do seu 2\u00ba Invent\u00e1rio de Gases de Efeito Estufa (GEE), referente \u00e0s emiss\u00f5es da opera\u00e7\u00e3o de 2025 (Ciclo 2026). Pela primeira vez, o documento foi publicado com a companhia integrada como participante oficial do Programa Brasileiro GHG Protocol, da Funda\u00e7\u00e3o Get\u00falio Vargas (FGV), a principal refer\u00eancia nacional na contabiliza\u00e7\u00e3o e gest\u00e3o de emiss\u00f5es corporativas.<\/span><\/p>\n<p data-pf_style_display=\"block\" data-pf_style_visibility=\"visible\"><span class=\"text-node\">Com o envio dos dados, o levantamento da CPTM recebeu o Selo Prata. A qualifica\u00e7\u00e3o reconhece o cumprimento integral dos crit\u00e9rios de elegibilidade e transpar\u00eancia do programa, confirmando a mensura\u00e7\u00e3o completa e detalhada de todas as emiss\u00f5es operacionais diretas e indiretas da ferrovia, al\u00e9m de abranger voluntariamente a sua cadeia de valor, contabilizando o deslocamento de seus colaboradores.<\/span><\/p>\n<p data-pf_style_display=\"block\" data-pf_style_visibility=\"visible\"><span class=\"text-node\">A conquista representa um avan\u00e7o expressivo na gest\u00e3o ambiental da empresa, refor\u00e7ando o rigor metodol\u00f3gico adotado no levantamento e o compromisso da CPTM com a transpar\u00eancia e o acompanhamento cont\u00ednuo de seu impacto no meio ambiente.<\/span><\/p>\n<p data-pf_style_display=\"block\" data-pf_style_visibility=\"visible\"><span class=\"text-node\">O documento foi oficialmente disponibilizado no Registro P\u00fablico de Emiss\u00f5es (RPE) durante o Evento Anual do Programa Brasileiro GHG Protocol, realizado nos dias 26 e 27 de agosto. A plataforma re\u00fane os dados corporativos das organiza\u00e7\u00f5es participantes e amplia a visibilidade sobre a pegada de carbono no pa\u00eds.<\/span><\/p>\n<p data-pf_style_display=\"block\" data-pf_style_visibility=\"visible\"><span class=\"text-node\">\u201cO Selo Prata reconhece a consist\u00eancia, o rigor metodol\u00f3gico e a transpar\u00eancia do invent\u00e1rio que estamos apresentando. Esse avan\u00e7o consolida nossa base de dados para que, no pr\u00f3ximo ciclo, possamos encaminhar as informa\u00e7\u00f5es \u00e0 auditoria externa de um organismo acreditado pelo Inmetro, etapa necess\u00e1ria para buscarmos a certifica\u00e7\u00e3o m\u00e1xima com o Selo Ouro\u201d, destaca Danilo Amorim, Gerente de Meio Ambiente da CPTM.<\/span><\/p>\n<p class=\"\" data-pf_style_display=\"block\" data-pf_style_visibility=\"visible\"><span class=\"text-node\">A mensura\u00e7\u00e3o detalhada das fontes de emiss\u00e3o fundamenta a gest\u00e3o estrat\u00e9gica da companhia, permitindo acompanhar a evolu\u00e7\u00e3o dos indicadores e orientar o planejamento de a\u00e7\u00f5es para a redu\u00e7\u00e3o de impactos. A iniciativa consolida as pr\u00e1ticas ESG (ambientais, sociais e de governan\u00e7a) da CPTM, conectando dados clim\u00e1ticos a metas corporativas para uma opera\u00e7\u00e3o ferrovi\u00e1ria cada vez mais sustent\u00e1vel.<\/span><\/p>\n<p data-pf_style_display=\"block\" data-pf_style_visibility=\"visible\"><span class=\"text-node\">O Invent\u00e1rio completo pode ser consultado no Registro P\u00fablico de Emiss\u00f5es pelo site oficial.<\/span><\/p>\n","protected":false},"excerpt":{"rendered":"<p>Fonte: Di\u00e1rio do Transporte Data: 28\/08\/2026 &nbsp; A CPTM alcan\u00e7ou um novo marco em sua agenda de sustentabilidade com a publica\u00e7\u00e3o do seu 2\u00ba Invent\u00e1rio de Gases de Efeito Estufa (GEE), referente \u00e0s emiss\u00f5es da opera\u00e7\u00e3o de 2025 (Ciclo 2026). Pela primeira vez, o documento foi publicado com a companhia integrada como participante oficial do [&hellip;]<\/p>\n","protected":false},"author":18091994,"featured_media":92535,"comment_status":"closed","ping_status":"closed","sticky":false,"template":"","format":"standard","meta":{"footnotes":""},"categories":[875],"tags":[],"class_list":["post-95758","post","type-post","status-publish","format-standard","has-post-thumbnail","hentry","category-noticias-do-mercado"],"acf":[],"yoast_head":"<!-- This site is optimized with the Yoast SEO plugin v18.2 - https:\/\/yoast.com\/wordpress\/plugins\/seo\/ -->\n<title>CPTM conquista Selo Prata por transpar\u00eancia e gest\u00e3o no 2\u00ba Invent\u00e1rio de Gases de Efeito Estufa<\/title>\n<meta name=\"robots\" content=\"index, follow, max-snippet:-1, max-image-preview:large, max-video-preview:-1\" \/>\n<link rel=\"canonical\" href=\"https:\/\/abifer.org.br\/cptm-conquista-selo-prata-por-transparencia-e-gestao-no-2o-inventario-de-gases-de-efeito-estufa\/\" \/>\n<meta property=\"og:locale\" content=\"pt_BR\" \/>\n<meta property=\"og:type\" content=\"article\" \/>\n<meta property=\"og:title\" content=\"CPTM conquista Selo Prata por transpar\u00eancia e gest\u00e3o no 2\u00ba Invent\u00e1rio de Gases de Efeito Estufa\" \/>\n<meta property=\"og:description\" content=\"Fonte: Di\u00e1rio do Transporte Data: 28\/08\/2026 &nbsp; A CPTM alcan\u00e7ou um novo marco em sua agenda de sustentabilidade com a publica\u00e7\u00e3o do seu 2\u00ba Invent\u00e1rio de Gases de Efeito Estufa (GEE), referente \u00e0s emiss\u00f5es da opera\u00e7\u00e3o de 2025 (Ciclo 2026). Pela primeira vez, o documento foi publicado com a companhia integrada como participante oficial do [&hellip;]\" \/>\n<meta property=\"og:url\" content=\"https:\/\/abifer.org.br\/cptm-conquista-selo-prata-por-transparencia-e-gestao-no-2o-inventario-de-gases-de-efeito-estufa\/\" \/>\n<meta property=\"og:site_name\" content=\"ABIFER\" \/>\n<meta property=\"article:publisher\" content=\"https:\/\/www.facebook.com\/abiferoficial\/\" \/>\n<meta property=\"article:published_time\" content=\"2026-08-31T16:37:38+00:00\" \/>\n<meta property=\"og:image\" content=\"http:\/\/abifer.org.br\/wp-content\/uploads\/2026\/02\/NOTICIAS-DO-MERCADO.jpg\" \/>\n\t<meta property=\"og:image:width\" content=\"1920\" \/>\n\t<meta property=\"og:image:height\" content=\"1080\" \/>\n\t<meta property=\"og:image:type\" content=\"image\/jpeg\" \/>\n<meta name=\"twitter:card\" content=\"summary_large_image\" \/>\n<meta name=\"twitter:creator\" content=\"@abiferoficial\" \/>\n<meta name=\"twitter:site\" content=\"@abiferoficial\" \/>\n<meta name=\"twitter:label1\" content=\"Escrito por\" \/>\n\t<meta name=\"twitter:data1\" content=\"Assessoria de Imprensa\" \/>\n\t<meta name=\"twitter:label2\" content=\"Est. tempo de leitura\" \/>\n\t<meta name=\"twitter:data2\" content=\"2 minutos\" \/>\n<script type=\"application\/ld+json\" class=\"yoast-schema-graph\">{\"@context\":\"https:\/\/schema.org\",\"@graph\":[{\"@type\":\"Organization\",\"@id\":\"https:\/\/abifer.org.br\/#organization\",\"name\":\"ABIFER\",\"url\":\"https:\/\/abifer.org.br\/\",\"sameAs\":[\"https:\/\/www.facebook.com\/abiferoficial\/\",\"https:\/\/www.linkedin.com\/company\/abiferoficial\/\",\"https:\/\/twitter.com\/abiferoficial\"],\"logo\":{\"@type\":\"ImageObject\",\"@id\":\"https:\/\/abifer.org.br\/#logo\",\"inLanguage\":\"pt-BR\",\"url\":\"https:\/\/abifer.org.br\/wp-content\/uploads\/2018\/05\/ABF_001_LogoSlogan.jpg\",\"contentUrl\":\"https:\/\/abifer.org.br\/wp-content\/uploads\/2018\/05\/ABF_001_LogoSlogan.jpg\",\"width\":1182,\"height\":486,\"caption\":\"ABIFER\"},\"image\":{\"@id\":\"https:\/\/abifer.org.br\/#logo\"}},{\"@type\":\"WebSite\",\"@id\":\"https:\/\/abifer.org.br\/#website\",\"url\":\"https:\/\/abifer.org.br\/\",\"name\":\"ABIFER\",\"description\":\"Associa\u00e7\u00e3o Brasileira da Ind\u00fastria Ferrovi\u00e1ria\",\"publisher\":{\"@id\":\"https:\/\/abifer.org.br\/#organization\"},\"potentialAction\":[{\"@type\":\"SearchAction\",\"target\":{\"@type\":\"EntryPoint\",\"urlTemplate\":\"https:\/\/abifer.org.br\/?s={search_term_string}\"},\"query-input\":\"required name=search_term_string\"}],\"inLanguage\":\"pt-BR\"},{\"@type\":\"ImageObject\",\"@id\":\"https:\/\/abifer.org.br\/cptm-conquista-selo-prata-por-transparencia-e-gestao-no-2o-inventario-de-gases-de-efeito-estufa\/#primaryimage\",\"inLanguage\":\"pt-BR\",\"url\":\"https:\/\/abifer.org.br\/wp-content\/uploads\/2026\/02\/NOTICIAS-DO-MERCADO.jpg\",\"contentUrl\":\"https:\/\/abifer.org.br\/wp-content\/uploads\/2026\/02\/NOTICIAS-DO-MERCADO.jpg\",\"width\":1920,\"height\":1080},{\"@type\":\"WebPage\",\"@id\":\"https:\/\/abifer.org.br\/cptm-conquista-selo-prata-por-transparencia-e-gestao-no-2o-inventario-de-gases-de-efeito-estufa\/#webpage\",\"url\":\"https:\/\/abifer.org.br\/cptm-conquista-selo-prata-por-transparencia-e-gestao-no-2o-inventario-de-gases-de-efeito-estufa\/\",\"name\":\"CPTM conquista Selo Prata por transpar\u00eancia e gest\u00e3o no 2\u00ba Invent\u00e1rio de Gases de Efeito Estufa\",\"isPartOf\":{\"@id\":\"https:\/\/abifer.org.br\/#website\"},\"primaryImageOfPage\":{\"@id\":\"https:\/\/abifer.org.br\/cptm-conquista-selo-prata-por-transparencia-e-gestao-no-2o-inventario-de-gases-de-efeito-estufa\/#primaryimage\"},\"datePublished\":\"2026-08-31T16:37:38+00:00\",\"dateModified\":\"2026-08-31T16:37:38+00:00\",\"breadcrumb\":{\"@id\":\"https:\/\/abifer.org.br\/cptm-conquista-selo-prata-por-transparencia-e-gestao-no-2o-inventario-de-gases-de-efeito-estufa\/#breadcrumb\"},\"inLanguage\":\"pt-BR\",\"potentialAction\":[{\"@type\":\"ReadAction\",\"target\":[\"https:\/\/abifer.org.br\/cptm-conquista-selo-prata-por-transparencia-e-gestao-no-2o-inventario-de-gases-de-efeito-estufa\/\"]}]},{\"@type\":\"BreadcrumbList\",\"@id\":\"https:\/\/abifer.org.br\/cptm-conquista-selo-prata-por-transparencia-e-gestao-no-2o-inventario-de-gases-de-efeito-estufa\/#breadcrumb\",\"itemListElement\":[{\"@type\":\"ListItem\",\"position\":1,\"name\":\"In\u00edcio\",\"item\":\"https:\/\/abifer.org.br\/\"},{\"@type\":\"ListItem\",\"position\":2,\"name\":\"CPTM conquista Selo Prata por transpar\u00eancia e gest\u00e3o no 2\u00ba Invent\u00e1rio de Gases de Efeito Estufa\"}]},{\"@type\":\"Article\",\"@id\":\"https:\/\/abifer.org.br\/cptm-conquista-selo-prata-por-transparencia-e-gestao-no-2o-inventario-de-gases-de-efeito-estufa\/#article\",\"isPartOf\":{\"@id\":\"https:\/\/abifer.org.br\/cptm-conquista-selo-prata-por-transparencia-e-gestao-no-2o-inventario-de-gases-de-efeito-estufa\/#webpage\"},\"author\":{\"@id\":\"https:\/\/abifer.org.br\/#\/schema\/person\/7d71286f9a2112b9c77202d80fdf13ef\"},\"headline\":\"CPTM conquista Selo Prata por transpar\u00eancia e gest\u00e3o no 2\u00ba Invent\u00e1rio de Gases de Efeito Estufa\",\"datePublished\":\"2026-08-31T16:37:38+00:00\",\"dateModified\":\"2026-08-31T16:37:38+00:00\",\"mainEntityOfPage\":{\"@id\":\"https:\/\/abifer.org.br\/cptm-conquista-selo-prata-por-transparencia-e-gestao-no-2o-inventario-de-gases-de-efeito-estufa\/#webpage\"},\"wordCount\":410,\"publisher\":{\"@id\":\"https:\/\/abifer.org.br\/#organization\"},\"image\":{\"@id\":\"https:\/\/abifer.org.br\/cptm-conquista-selo-prata-por-transparencia-e-gestao-no-2o-inventario-de-gases-de-efeito-estufa\/#primaryimage\"},\"thumbnailUrl\":\"https:\/\/abifer.org.br\/wp-content\/uploads\/2026\/02\/NOTICIAS-DO-MERCADO.jpg\",\"articleSection\":[\"Not\u00edcias do Mercado\"],\"inLanguage\":\"pt-BR\"},{\"@type\":\"Person\",\"@id\":\"https:\/\/abifer.org.br\/#\/schema\/person\/7d71286f9a2112b9c77202d80fdf13ef\",\"name\":\"Assessoria de Imprensa\",\"url\":\"https:\/\/abifer.org.br\/author\/assessoria-de-imprensa\/\"}]}<\/script>\n<!-- \/ Yoast SEO plugin. -->","yoast_head_json":{"title":"CPTM conquista Selo Prata por transpar\u00eancia e gest\u00e3o no 2\u00ba Invent\u00e1rio de Gases de Efeito Estufa","robots":{"index":"index","follow":"follow","max-snippet":"max-snippet:-1","max-image-preview":"max-image-preview:large","max-video-preview":"max-video-preview:-1"},"canonical":"https:\/\/abifer.org.br\/cptm-conquista-selo-prata-por-transparencia-e-gestao-no-2o-inventario-de-gases-de-efeito-estufa\/","og_locale":"pt_BR","og_type":"article","og_title":"CPTM conquista Selo Prata por transpar\u00eancia e gest\u00e3o no 2\u00ba Invent\u00e1rio de Gases de Efeito Estufa","og_description":"Fonte: Di\u00e1rio do Transporte Data: 28\/08\/2026 &nbsp; A CPTM alcan\u00e7ou um novo marco em sua agenda de sustentabilidade com a publica\u00e7\u00e3o do seu 2\u00ba Invent\u00e1rio de Gases de Efeito Estufa (GEE), referente \u00e0s emiss\u00f5es da opera\u00e7\u00e3o de 2025 (Ciclo 2026). Pela primeira vez, o documento foi publicado com a companhia integrada como participante oficial do [&hellip;]","og_url":"https:\/\/abifer.org.br\/cptm-conquista-selo-prata-por-transparencia-e-gestao-no-2o-inventario-de-gases-de-efeito-estufa\/","og_site_name":"ABIFER","article_publisher":"https:\/\/www.facebook.com\/abiferoficial\/","article_published_time":"2026-08-31T16:37:38+00:00","og_image":[{"width":1920,"height":1080,"url":"http:\/\/abifer.org.br\/wp-content\/uploads\/2026\/02\/NOTICIAS-DO-MERCADO.jpg","type":"image\/jpeg"}],"twitter_card":"summary_large_image","twitter_creator":"@abiferoficial","twitter_site":"@abiferoficial","twitter_misc":{"Escrito por":"Assessoria de Imprensa","Est. tempo de leitura":"2 minutos"},"schema":{"@context":"https:\/\/schema.org","@graph":[{"@type":"Organization","@id":"https:\/\/abifer.org.br\/#organization","name":"ABIFER","url":"https:\/\/abifer.org.br\/","sameAs":["https:\/\/www.facebook.com\/abiferoficial\/","https:\/\/www.linkedin.com\/company\/abiferoficial\/","https:\/\/twitter.com\/abiferoficial"],"logo":{"@type":"ImageObject","@id":"https:\/\/abifer.org.br\/#logo","inLanguage":"pt-BR","url":"https:\/\/abifer.org.br\/wp-content\/uploads\/2018\/05\/ABF_001_LogoSlogan.jpg","contentUrl":"https:\/\/abifer.org.br\/wp-content\/uploads\/2018\/05\/ABF_001_LogoSlogan.jpg","width":1182,"height":486,"caption":"ABIFER"},"image":{"@id":"https:\/\/abifer.org.br\/#logo"}},{"@type":"WebSite","@id":"https:\/\/abifer.org.br\/#website","url":"https:\/\/abifer.org.br\/","name":"ABIFER","description":"Associa\u00e7\u00e3o Brasileira da Ind\u00fastria Ferrovi\u00e1ria","publisher":{"@id":"https:\/\/abifer.org.br\/#organization"},"potentialAction":[{"@type":"SearchAction","target":{"@type":"EntryPoint","urlTemplate":"https:\/\/abifer.org.br\/?s={search_term_string}"},"query-input":"required name=search_term_string"}],"inLanguage":"pt-BR"},{"@type":"ImageObject","@id":"https:\/\/abifer.org.br\/cptm-conquista-selo-prata-por-transparencia-e-gestao-no-2o-inventario-de-gases-de-efeito-estufa\/#primaryimage","inLanguage":"pt-BR","url":"https:\/\/abifer.org.br\/wp-content\/uploads\/2026\/02\/NOTICIAS-DO-MERCADO.jpg","contentUrl":"https:\/\/abifer.org.br\/wp-content\/uploads\/2026\/02\/NOTICIAS-DO-MERCADO.jpg","width":1920,"height":1080},{"@type":"WebPage","@id":"https:\/\/abifer.org.br\/cptm-conquista-selo-prata-por-transparencia-e-gestao-no-2o-inventario-de-gases-de-efeito-estufa\/#webpage","url":"https:\/\/abifer.org.br\/cptm-conquista-selo-prata-por-transparencia-e-gestao-no-2o-inventario-de-gases-de-efeito-estufa\/","name":"CPTM conquista Selo Prata por transpar\u00eancia e gest\u00e3o no 2\u00ba Invent\u00e1rio de Gases de Efeito Estufa","isPartOf":{"@id":"https:\/\/abifer.org.br\/#website"},"primaryImageOfPage":{"@id":"https:\/\/abifer.org.br\/cptm-conquista-selo-prata-por-transparencia-e-gestao-no-2o-inventario-de-gases-de-efeito-estufa\/#primaryimage"},"datePublished":"2026-08-31T16:37:38+00:00","dateModified":"2026-08-31T16:37:38+00:00","breadcrumb":{"@id":"https:\/\/abifer.org.br\/cptm-conquista-selo-prata-por-transparencia-e-gestao-no-2o-inventario-de-gases-de-efeito-estufa\/#breadcrumb"},"inLanguage":"pt-BR","potentialAction":[{"@type":"ReadAction","target":["https:\/\/abifer.org.br\/cptm-conquista-selo-prata-por-transparencia-e-gestao-no-2o-inventario-de-gases-de-efeito-estufa\/"]}]},{"@type":"BreadcrumbList","@id":"https:\/\/abifer.org.br\/cptm-conquista-selo-prata-por-transparencia-e-gestao-no-2o-inventario-de-gases-de-efeito-estufa\/#breadcrumb","itemListElement":[{"@type":"ListItem","position":1,"name":"In\u00edcio","item":"https:\/\/abifer.org.br\/"},{"@type":"ListItem","position":2,"name":"CPTM conquista Selo Prata por transpar\u00eancia e gest\u00e3o no 2\u00ba Invent\u00e1rio de Gases de Efeito Estufa"}]},{"@type":"Article","@id":"https:\/\/abifer.org.br\/cptm-conquista-selo-prata-por-transparencia-e-gestao-no-2o-inventario-de-gases-de-efeito-estufa\/#article","isPartOf":{"@id":"https:\/\/abifer.org.br\/cptm-conquista-selo-prata-por-transparencia-e-gestao-no-2o-inventario-de-gases-de-efeito-estufa\/#webpage"},"author":{"@id":"https:\/\/abifer.org.br\/#\/schema\/person\/7d71286f9a2112b9c77202d80fdf13ef"},"headline":"CPTM conquista Selo Prata por transpar\u00eancia e gest\u00e3o no 2\u00ba Invent\u00e1rio de Gases de Efeito Estufa","datePublished":"2026-08-31T16:37:38+00:00","dateModified":"2026-08-31T16:37:38+00:00","mainEntityOfPage":{"@id":"https:\/\/abifer.org.br\/cptm-conquista-selo-prata-por-transparencia-e-gestao-no-2o-inventario-de-gases-de-efeito-estufa\/#webpage"},"wordCount":410,"publisher":{"@id":"https:\/\/abifer.org.br\/#organization"},"image":{"@id":"https:\/\/abifer.org.br\/cptm-conquista-selo-prata-por-transparencia-e-gestao-no-2o-inventario-de-gases-de-efeito-estufa\/#primaryimage"},"thumbnailUrl":"https:\/\/abifer.org.br\/wp-content\/uploads\/2026\/02\/NOTICIAS-DO-MERCADO.jpg","articleSection":["Not\u00edcias do Mercado"],"inLanguage":"pt-BR"},{"@type":"Person","@id":"https:\/\/abifer.org.br\/#\/schema\/person\/7d71286f9a2112b9c77202d80fdf13ef","name":"Assessoria de Imprensa","url":"https:\/\/abifer.org.br\/author\/assessoria-de-imprensa\/"}]}},"_links":{"self":[{"href":"https:\/\/abifer.org.br\/en\/wp-json\/wp\/v2\/posts\/95758\/"}],"collection":[{"href":"https:\/\/abifer.org.br\/en\/wp-json\/wp\/v2\/posts\/"}],"about":[{"href":"https:\/\/abifer.org.br\/en\/wp-json\/wp\/v2\/types\/post\/"}],"author":[{"embeddable":true,"href":"https:\/\/abifer.org.br\/en\/wp-json\/wp\/v2\/users\/18091994\/"}],"replies":[{"embeddable":true,"href":"https:\/\/abifer.org.br\/en\/wp-json\/wp\/v2\/comments\/?post=95758"}],"version-history":[{"count":1,"href":"https:\/\/abifer.org.br\/en\/wp-json\/wp\/v2\/posts\/95758\/revisions\/"}],"predecessor-version":[{"id":95759,"href":"https:\/\/abifer.org.br\/en\/wp-json\/wp\/v2\/posts\/95758\/revisions\/95759\/"}],"wp:featuredmedia":[{"embeddable":true,"href":"https:\/\/abifer.org.br\/en\/wp-json\/wp\/v2\/media\/92535\/"}],"wp:attachment":[{"href":"https:\/\/abifer.org.br\/en\/wp-json\/wp\/v2\/media\/?parent=95758"}],"wp:term":[{"taxonomy":"category","embeddable":true,"href":"https:\/\/abifer.org.br\/en\/wp-json\/wp\/v2\/categories\/?post=95758"},{"taxonomy":"post_tag","embeddable":true,"href":"https:\/\/abifer.org.br\/en\/wp-json\/wp\/v2\/tags\/?post=95758"}],"curies":[{"name":"wp","href":"https:\/\/api.w.org\/{rel}","templated":true}]}}