{"id":95760,"date":"2026-08-31T13:40:32","date_gmt":"2026-08-31T16:40:32","guid":{"rendered":"https:\/\/abifer.org.br\/?p=95760"},"modified":"2026-08-31T13:40:32","modified_gmt":"2026-08-31T16:40:32","slug":"grupo-de-trabalho-de-jundiai-acompanha-obras-do-trem-intercidades","status":"publish","type":"post","link":"https:\/\/abifer.org.br\/en\/grupo-de-trabalho-de-jundiai-acompanha-obras-do-trem-intercidades\/","title":{"rendered":"Grupo de trabalho de Jundia\u00ed acompanha obras do Trem Intercidades"},"content":{"rendered":"<pre style=\"font-weight: 400;text-align: right\"><a href=\"https:\/\/www.metrocptm.com.br\/grupo-de-trabalho-de-jundiai-acompanha-obras-do-trem-intercidades\/\" target=\"_blank\" rel=\"noopener\"><strong><em>Fonte: Metr\u00f4 CPTM\r\nData: 31\/08\/2026<\/em><\/strong><\/a><\/pre>\n<p data-pf_style_display=\"block\" data-pf_style_visibility=\"visible\"><span class=\"text-node\">Na \u00faltima semana, uma reuni\u00e3o do\u00a0<\/span><strong data-pf_style_display=\"inline\" data-pf_style_visibility=\"visible\"><span class=\"text-node\">Grupo de Trabalho do Trem Intercidades (GT-TIC)<\/span><\/strong><span class=\"text-node\">, composto por t\u00e9cnicos da Prefeitura de Jundia\u00ed, atualizou o acompanhamento das obras do\u00a0<\/span><strong data-pf_style_display=\"inline\" data-pf_style_visibility=\"visible\"><a href=\"https:\/\/www.metrocptm.com.br\/tarcisio-confirma-para-2027-inicio-das-obras-mais-complexas-do-trem-intercidades\/\" target=\"_blank\" rel=\"noopener\" data-pf_style_display=\"inline\" data-pf_style_visibility=\"visible\"><span class=\"text-node\">Trem Intercidades<\/span><\/a><\/strong><span class=\"text-node\">.<\/span><\/p>\n<p data-pf_style_display=\"block\" data-pf_style_visibility=\"visible\"><span class=\"text-node\">Este grupo avaliou os projetos de infraestrutura e poss\u00edveis impactos na rotina da cidade. Al\u00e9m disso, cabe ao GT-TIC, organizar demandas e verificar a evolu\u00e7\u00e3o do projeto de mobilidade sobre trilhos, para ligar a capital paulista a Campinas, no interior.<\/span><\/p>\n<p data-pf_style_display=\"block\" data-pf_style_visibility=\"visible\"><span class=\"text-node\">Segundo o diretor de projetos da Secretaria de Governo, Ivan Malagutti, um dos pontos abordados no encontro foi a quest\u00e3o das obras perto da Avenida Navarro de Andrade.<\/span><\/p>\n<p class=\"\" data-pf_style_display=\"block\" data-pf_style_visibility=\"visible\"><span class=\"text-node\">Neste ponto haver\u00e1 a transposi\u00e7\u00e3o das vias de carga e passageiros, al\u00e9m de terraplanagem e funda\u00e7\u00e3o das estruturas.<\/span><\/p>\n<p class=\"\" data-pf_style_display=\"block\" data-pf_style_visibility=\"visible\"><span class=\"text-node\">O projeto prev\u00ea que o TIC Campinas transporte 860 passageiros por viagem, com todos transportados somente sentados, em um servi\u00e7o expresso com uma \u00fanica parada intermedi\u00e1ria, na esta\u00e7\u00e3o de Jundia\u00ed.<\/span><\/p>\n<p class=\"\" data-pf_style_display=\"block\" data-pf_style_visibility=\"visible\"><span class=\"text-node\">O pacote de investimentos do TIC Eixo Norte soma R$ 14,2 bilh\u00f5es e inclui tr\u00eas frentes principais: a moderniza\u00e7\u00e3o da\u00a0<\/span><strong data-pf_style_display=\"inline\" data-pf_style_visibility=\"visible\"><a href=\"https:\/\/www.metrocptm.com.br\/linha-7\/\" target=\"_blank\" rel=\"noopener\" data-pf_style_display=\"inline\" data-pf_style_visibility=\"visible\"><span class=\"text-node\">Linha 7-Rubi<\/span><\/a><\/strong><span class=\"text-node\">, a implanta\u00e7\u00e3o do TIM entre Jundia\u00ed e Campinas e o Trem Intercidades ligando Campinas \u00e0 capital paulista.<\/span><\/p>\n<p style=\"font-weight: 400\">\n","protected":false},"excerpt":{"rendered":"<p>Fonte: Metr\u00f4 CPTM Data: 31\/08\/2026 Na \u00faltima semana, uma reuni\u00e3o do\u00a0Grupo de Trabalho do Trem Intercidades (GT-TIC), composto por t\u00e9cnicos da Prefeitura de Jundia\u00ed, atualizou o acompanhamento das obras do\u00a0Trem Intercidades. Este grupo avaliou os projetos de infraestrutura e poss\u00edveis impactos na rotina da cidade. Al\u00e9m disso, cabe ao GT-TIC, organizar demandas e verificar a [&hellip;]<\/p>\n","protected":false},"author":18091994,"featured_media":92535,"comment_status":"closed","ping_status":"closed","sticky":false,"template":"","format":"standard","meta":{"footnotes":""},"categories":[875],"tags":[],"class_list":["post-95760","post","type-post","status-publish","format-standard","has-post-thumbnail","hentry","category-noticias-do-mercado"],"acf":[],"yoast_head":"<!-- This site is optimized with the Yoast SEO plugin v18.2 - https:\/\/yoast.com\/wordpress\/plugins\/seo\/ -->\n<title>Grupo de trabalho de Jundia\u00ed acompanha obras do Trem Intercidades<\/title>\n<meta name=\"robots\" content=\"index, follow, max-snippet:-1, max-image-preview:large, max-video-preview:-1\" \/>\n<link rel=\"canonical\" href=\"https:\/\/abifer.org.br\/grupo-de-trabalho-de-jundiai-acompanha-obras-do-trem-intercidades\/\" \/>\n<meta property=\"og:locale\" content=\"pt_BR\" \/>\n<meta property=\"og:type\" content=\"article\" \/>\n<meta property=\"og:title\" content=\"Grupo de trabalho de Jundia\u00ed acompanha obras do Trem Intercidades\" \/>\n<meta property=\"og:description\" content=\"Fonte: Metr\u00f4 CPTM Data: 31\/08\/2026 Na \u00faltima semana, uma reuni\u00e3o do\u00a0Grupo de Trabalho do Trem Intercidades (GT-TIC), composto por t\u00e9cnicos da Prefeitura de Jundia\u00ed, atualizou o acompanhamento das obras do\u00a0Trem Intercidades. Este grupo avaliou os projetos de infraestrutura e poss\u00edveis impactos na rotina da cidade. Al\u00e9m disso, cabe ao GT-TIC, organizar demandas e verificar a [&hellip;]\" \/>\n<meta property=\"og:url\" content=\"https:\/\/abifer.org.br\/grupo-de-trabalho-de-jundiai-acompanha-obras-do-trem-intercidades\/\" \/>\n<meta property=\"og:site_name\" content=\"ABIFER\" \/>\n<meta property=\"article:publisher\" content=\"https:\/\/www.facebook.com\/abiferoficial\/\" \/>\n<meta property=\"article:published_time\" content=\"2026-08-31T16:40:32+00:00\" \/>\n<meta property=\"og:image\" content=\"http:\/\/abifer.org.br\/wp-content\/uploads\/2026\/02\/NOTICIAS-DO-MERCADO.jpg\" \/>\n\t<meta property=\"og:image:width\" content=\"1920\" \/>\n\t<meta property=\"og:image:height\" content=\"1080\" \/>\n\t<meta property=\"og:image:type\" content=\"image\/jpeg\" \/>\n<meta name=\"twitter:card\" content=\"summary_large_image\" \/>\n<meta name=\"twitter:creator\" content=\"@abiferoficial\" \/>\n<meta name=\"twitter:site\" content=\"@abiferoficial\" \/>\n<meta name=\"twitter:label1\" content=\"Escrito por\" \/>\n\t<meta name=\"twitter:data1\" content=\"Assessoria de Imprensa\" \/>\n\t<meta name=\"twitter:label2\" content=\"Est. tempo de leitura\" \/>\n\t<meta name=\"twitter:data2\" content=\"1 minuto\" \/>\n<script type=\"application\/ld+json\" class=\"yoast-schema-graph\">{\"@context\":\"https:\/\/schema.org\",\"@graph\":[{\"@type\":\"Organization\",\"@id\":\"https:\/\/abifer.org.br\/#organization\",\"name\":\"ABIFER\",\"url\":\"https:\/\/abifer.org.br\/\",\"sameAs\":[\"https:\/\/www.facebook.com\/abiferoficial\/\",\"https:\/\/www.linkedin.com\/company\/abiferoficial\/\",\"https:\/\/twitter.com\/abiferoficial\"],\"logo\":{\"@type\":\"ImageObject\",\"@id\":\"https:\/\/abifer.org.br\/#logo\",\"inLanguage\":\"pt-BR\",\"url\":\"https:\/\/abifer.org.br\/wp-content\/uploads\/2018\/05\/ABF_001_LogoSlogan.jpg\",\"contentUrl\":\"https:\/\/abifer.org.br\/wp-content\/uploads\/2018\/05\/ABF_001_LogoSlogan.jpg\",\"width\":1182,\"height\":486,\"caption\":\"ABIFER\"},\"image\":{\"@id\":\"https:\/\/abifer.org.br\/#logo\"}},{\"@type\":\"WebSite\",\"@id\":\"https:\/\/abifer.org.br\/#website\",\"url\":\"https:\/\/abifer.org.br\/\",\"name\":\"ABIFER\",\"description\":\"Associa\u00e7\u00e3o Brasileira da Ind\u00fastria Ferrovi\u00e1ria\",\"publisher\":{\"@id\":\"https:\/\/abifer.org.br\/#organization\"},\"potentialAction\":[{\"@type\":\"SearchAction\",\"target\":{\"@type\":\"EntryPoint\",\"urlTemplate\":\"https:\/\/abifer.org.br\/?s={search_term_string}\"},\"query-input\":\"required name=search_term_string\"}],\"inLanguage\":\"pt-BR\"},{\"@type\":\"ImageObject\",\"@id\":\"https:\/\/abifer.org.br\/grupo-de-trabalho-de-jundiai-acompanha-obras-do-trem-intercidades\/#primaryimage\",\"inLanguage\":\"pt-BR\",\"url\":\"https:\/\/abifer.org.br\/wp-content\/uploads\/2026\/02\/NOTICIAS-DO-MERCADO.jpg\",\"contentUrl\":\"https:\/\/abifer.org.br\/wp-content\/uploads\/2026\/02\/NOTICIAS-DO-MERCADO.jpg\",\"width\":1920,\"height\":1080},{\"@type\":\"WebPage\",\"@id\":\"https:\/\/abifer.org.br\/grupo-de-trabalho-de-jundiai-acompanha-obras-do-trem-intercidades\/#webpage\",\"url\":\"https:\/\/abifer.org.br\/grupo-de-trabalho-de-jundiai-acompanha-obras-do-trem-intercidades\/\",\"name\":\"Grupo de trabalho de Jundia\u00ed acompanha obras do Trem Intercidades\",\"isPartOf\":{\"@id\":\"https:\/\/abifer.org.br\/#website\"},\"primaryImageOfPage\":{\"@id\":\"https:\/\/abifer.org.br\/grupo-de-trabalho-de-jundiai-acompanha-obras-do-trem-intercidades\/#primaryimage\"},\"datePublished\":\"2026-08-31T16:40:32+00:00\",\"dateModified\":\"2026-08-31T16:40:32+00:00\",\"breadcrumb\":{\"@id\":\"https:\/\/abifer.org.br\/grupo-de-trabalho-de-jundiai-acompanha-obras-do-trem-intercidades\/#breadcrumb\"},\"inLanguage\":\"pt-BR\",\"potentialAction\":[{\"@type\":\"ReadAction\",\"target\":[\"https:\/\/abifer.org.br\/grupo-de-trabalho-de-jundiai-acompanha-obras-do-trem-intercidades\/\"]}]},{\"@type\":\"BreadcrumbList\",\"@id\":\"https:\/\/abifer.org.br\/grupo-de-trabalho-de-jundiai-acompanha-obras-do-trem-intercidades\/#breadcrumb\",\"itemListElement\":[{\"@type\":\"ListItem\",\"position\":1,\"name\":\"In\u00edcio\",\"item\":\"https:\/\/abifer.org.br\/\"},{\"@type\":\"ListItem\",\"position\":2,\"name\":\"Grupo de trabalho de Jundia\u00ed acompanha obras do Trem Intercidades\"}]},{\"@type\":\"Article\",\"@id\":\"https:\/\/abifer.org.br\/grupo-de-trabalho-de-jundiai-acompanha-obras-do-trem-intercidades\/#article\",\"isPartOf\":{\"@id\":\"https:\/\/abifer.org.br\/grupo-de-trabalho-de-jundiai-acompanha-obras-do-trem-intercidades\/#webpage\"},\"author\":{\"@id\":\"https:\/\/abifer.org.br\/#\/schema\/person\/7d71286f9a2112b9c77202d80fdf13ef\"},\"headline\":\"Grupo de trabalho de Jundia\u00ed acompanha obras do Trem Intercidades\",\"datePublished\":\"2026-08-31T16:40:32+00:00\",\"dateModified\":\"2026-08-31T16:40:32+00:00\",\"mainEntityOfPage\":{\"@id\":\"https:\/\/abifer.org.br\/grupo-de-trabalho-de-jundiai-acompanha-obras-do-trem-intercidades\/#webpage\"},\"wordCount\":206,\"publisher\":{\"@id\":\"https:\/\/abifer.org.br\/#organization\"},\"image\":{\"@id\":\"https:\/\/abifer.org.br\/grupo-de-trabalho-de-jundiai-acompanha-obras-do-trem-intercidades\/#primaryimage\"},\"thumbnailUrl\":\"https:\/\/abifer.org.br\/wp-content\/uploads\/2026\/02\/NOTICIAS-DO-MERCADO.jpg\",\"articleSection\":[\"Not\u00edcias do Mercado\"],\"inLanguage\":\"pt-BR\"},{\"@type\":\"Person\",\"@id\":\"https:\/\/abifer.org.br\/#\/schema\/person\/7d71286f9a2112b9c77202d80fdf13ef\",\"name\":\"Assessoria de Imprensa\",\"url\":\"https:\/\/abifer.org.br\/author\/assessoria-de-imprensa\/\"}]}<\/script>\n<!-- \/ Yoast SEO plugin. -->","yoast_head_json":{"title":"Grupo de trabalho de Jundia\u00ed acompanha obras do Trem Intercidades","robots":{"index":"index","follow":"follow","max-snippet":"max-snippet:-1","max-image-preview":"max-image-preview:large","max-video-preview":"max-video-preview:-1"},"canonical":"https:\/\/abifer.org.br\/grupo-de-trabalho-de-jundiai-acompanha-obras-do-trem-intercidades\/","og_locale":"pt_BR","og_type":"article","og_title":"Grupo de trabalho de Jundia\u00ed acompanha obras do Trem Intercidades","og_description":"Fonte: Metr\u00f4 CPTM Data: 31\/08\/2026 Na \u00faltima semana, uma reuni\u00e3o do\u00a0Grupo de Trabalho do Trem Intercidades (GT-TIC), composto por t\u00e9cnicos da Prefeitura de Jundia\u00ed, atualizou o acompanhamento das obras do\u00a0Trem Intercidades. Este grupo avaliou os projetos de infraestrutura e poss\u00edveis impactos na rotina da cidade. Al\u00e9m disso, cabe ao GT-TIC, organizar demandas e verificar a [&hellip;]","og_url":"https:\/\/abifer.org.br\/grupo-de-trabalho-de-jundiai-acompanha-obras-do-trem-intercidades\/","og_site_name":"ABIFER","article_publisher":"https:\/\/www.facebook.com\/abiferoficial\/","article_published_time":"2026-08-31T16:40:32+00:00","og_image":[{"width":1920,"height":1080,"url":"http:\/\/abifer.org.br\/wp-content\/uploads\/2026\/02\/NOTICIAS-DO-MERCADO.jpg","type":"image\/jpeg"}],"twitter_card":"summary_large_image","twitter_creator":"@abiferoficial","twitter_site":"@abiferoficial","twitter_misc":{"Escrito por":"Assessoria de Imprensa","Est. tempo de leitura":"1 minuto"},"schema":{"@context":"https:\/\/schema.org","@graph":[{"@type":"Organization","@id":"https:\/\/abifer.org.br\/#organization","name":"ABIFER","url":"https:\/\/abifer.org.br\/","sameAs":["https:\/\/www.facebook.com\/abiferoficial\/","https:\/\/www.linkedin.com\/company\/abiferoficial\/","https:\/\/twitter.com\/abiferoficial"],"logo":{"@type":"ImageObject","@id":"https:\/\/abifer.org.br\/#logo","inLanguage":"pt-BR","url":"https:\/\/abifer.org.br\/wp-content\/uploads\/2018\/05\/ABF_001_LogoSlogan.jpg","contentUrl":"https:\/\/abifer.org.br\/wp-content\/uploads\/2018\/05\/ABF_001_LogoSlogan.jpg","width":1182,"height":486,"caption":"ABIFER"},"image":{"@id":"https:\/\/abifer.org.br\/#logo"}},{"@type":"WebSite","@id":"https:\/\/abifer.org.br\/#website","url":"https:\/\/abifer.org.br\/","name":"ABIFER","description":"Associa\u00e7\u00e3o Brasileira da Ind\u00fastria Ferrovi\u00e1ria","publisher":{"@id":"https:\/\/abifer.org.br\/#organization"},"potentialAction":[{"@type":"SearchAction","target":{"@type":"EntryPoint","urlTemplate":"https:\/\/abifer.org.br\/?s={search_term_string}"},"query-input":"required name=search_term_string"}],"inLanguage":"pt-BR"},{"@type":"ImageObject","@id":"https:\/\/abifer.org.br\/grupo-de-trabalho-de-jundiai-acompanha-obras-do-trem-intercidades\/#primaryimage","inLanguage":"pt-BR","url":"https:\/\/abifer.org.br\/wp-content\/uploads\/2026\/02\/NOTICIAS-DO-MERCADO.jpg","contentUrl":"https:\/\/abifer.org.br\/wp-content\/uploads\/2026\/02\/NOTICIAS-DO-MERCADO.jpg","width":1920,"height":1080},{"@type":"WebPage","@id":"https:\/\/abifer.org.br\/grupo-de-trabalho-de-jundiai-acompanha-obras-do-trem-intercidades\/#webpage","url":"https:\/\/abifer.org.br\/grupo-de-trabalho-de-jundiai-acompanha-obras-do-trem-intercidades\/","name":"Grupo de trabalho de Jundia\u00ed acompanha obras do Trem Intercidades","isPartOf":{"@id":"https:\/\/abifer.org.br\/#website"},"primaryImageOfPage":{"@id":"https:\/\/abifer.org.br\/grupo-de-trabalho-de-jundiai-acompanha-obras-do-trem-intercidades\/#primaryimage"},"datePublished":"2026-08-31T16:40:32+00:00","dateModified":"2026-08-31T16:40:32+00:00","breadcrumb":{"@id":"https:\/\/abifer.org.br\/grupo-de-trabalho-de-jundiai-acompanha-obras-do-trem-intercidades\/#breadcrumb"},"inLanguage":"pt-BR","potentialAction":[{"@type":"ReadAction","target":["https:\/\/abifer.org.br\/grupo-de-trabalho-de-jundiai-acompanha-obras-do-trem-intercidades\/"]}]},{"@type":"BreadcrumbList","@id":"https:\/\/abifer.org.br\/grupo-de-trabalho-de-jundiai-acompanha-obras-do-trem-intercidades\/#breadcrumb","itemListElement":[{"@type":"ListItem","position":1,"name":"In\u00edcio","item":"https:\/\/abifer.org.br\/"},{"@type":"ListItem","position":2,"name":"Grupo de trabalho de Jundia\u00ed acompanha obras do Trem Intercidades"}]},{"@type":"Article","@id":"https:\/\/abifer.org.br\/grupo-de-trabalho-de-jundiai-acompanha-obras-do-trem-intercidades\/#article","isPartOf":{"@id":"https:\/\/abifer.org.br\/grupo-de-trabalho-de-jundiai-acompanha-obras-do-trem-intercidades\/#webpage"},"author":{"@id":"https:\/\/abifer.org.br\/#\/schema\/person\/7d71286f9a2112b9c77202d80fdf13ef"},"headline":"Grupo de trabalho de Jundia\u00ed acompanha obras do Trem Intercidades","datePublished":"2026-08-31T16:40:32+00:00","dateModified":"2026-08-31T16:40:32+00:00","mainEntityOfPage":{"@id":"https:\/\/abifer.org.br\/grupo-de-trabalho-de-jundiai-acompanha-obras-do-trem-intercidades\/#webpage"},"wordCount":206,"publisher":{"@id":"https:\/\/abifer.org.br\/#organization"},"image":{"@id":"https:\/\/abifer.org.br\/grupo-de-trabalho-de-jundiai-acompanha-obras-do-trem-intercidades\/#primaryimage"},"thumbnailUrl":"https:\/\/abifer.org.br\/wp-content\/uploads\/2026\/02\/NOTICIAS-DO-MERCADO.jpg","articleSection":["Not\u00edcias do Mercado"],"inLanguage":"pt-BR"},{"@type":"Person","@id":"https:\/\/abifer.org.br\/#\/schema\/person\/7d71286f9a2112b9c77202d80fdf13ef","name":"Assessoria de Imprensa","url":"https:\/\/abifer.org.br\/author\/assessoria-de-imprensa\/"}]}},"_links":{"self":[{"href":"https:\/\/abifer.org.br\/en\/wp-json\/wp\/v2\/posts\/95760\/"}],"collection":[{"href":"https:\/\/abifer.org.br\/en\/wp-json\/wp\/v2\/posts\/"}],"about":[{"href":"https:\/\/abifer.org.br\/en\/wp-json\/wp\/v2\/types\/post\/"}],"author":[{"embeddable":true,"href":"https:\/\/abifer.org.br\/en\/wp-json\/wp\/v2\/users\/18091994\/"}],"replies":[{"embeddable":true,"href":"https:\/\/abifer.org.br\/en\/wp-json\/wp\/v2\/comments\/?post=95760"}],"version-history":[{"count":1,"href":"https:\/\/abifer.org.br\/en\/wp-json\/wp\/v2\/posts\/95760\/revisions\/"}],"predecessor-version":[{"id":95761,"href":"https:\/\/abifer.org.br\/en\/wp-json\/wp\/v2\/posts\/95760\/revisions\/95761\/"}],"wp:featuredmedia":[{"embeddable":true,"href":"https:\/\/abifer.org.br\/en\/wp-json\/wp\/v2\/media\/92535\/"}],"wp:attachment":[{"href":"https:\/\/abifer.org.br\/en\/wp-json\/wp\/v2\/media\/?parent=95760"}],"wp:term":[{"taxonomy":"category","embeddable":true,"href":"https:\/\/abifer.org.br\/en\/wp-json\/wp\/v2\/categories\/?post=95760"},{"taxonomy":"post_tag","embeddable":true,"href":"https:\/\/abifer.org.br\/en\/wp-json\/wp\/v2\/tags\/?post=95760"}],"curies":[{"name":"wp","href":"https:\/\/api.w.org\/{rel}","templated":true}]}}