{"id":95762,"date":"2026-08-31T13:42:56","date_gmt":"2026-08-31T16:42:56","guid":{"rendered":"https:\/\/abifer.org.br\/?p=95762"},"modified":"2026-08-31T13:46:14","modified_gmt":"2026-08-31T16:46:14","slug":"95762","status":"publish","type":"post","link":"https:\/\/abifer.org.br\/en\/95762\/","title":{"rendered":"Grupo de trabalho de Jundia\u00ed acompanha obras do Trem Intercidades"},"content":{"rendered":"<pre style=\"font-weight: 400;text-align: right\"><a href=\"https:\/\/www.metrocptm.com.br\/anptrilhos-pede-rdollar-20-bilhoes-por-ano-para-expansao-de-metros-e-trens\/\" target=\"_blank\" rel=\"noopener\"><strong><em>Fonte: Metr\u00f4 CPTM\r\nData: 29\/08\/2026<\/em><\/strong><\/a><\/pre>\n<p class=\"\" data-pf_style_display=\"block\" data-pf_style_visibility=\"visible\"><span class=\"text-node\">A\u00a0<\/span><strong data-pf_style_display=\"inline\" data-pf_style_visibility=\"visible\"><span class=\"text-node\">Associa\u00e7\u00e3o Nacional dos Transportadores de Passageiros sobre Trilhos (ANPTrilhos)<\/span><\/strong><span class=\"text-node\">\u00a0quer que o pr\u00f3ximo governo federal destine\u00a0<\/span><strong data-pf_style_display=\"inline\" data-pf_style_visibility=\"visible\"><span class=\"text-node\">R$ 20 bilh\u00f5es<\/span><\/strong><span class=\"text-node\">\u00a0por ano \u00e0 expans\u00e3o das redes de metr\u00f4 e trens urbanos do pa\u00eds. A proposta faz parte de uma carta-compromisso que a entidade pretende apresentar aos candidatos \u00e0 Presid\u00eancia da Rep\u00fablica e aos governos estaduais nas elei\u00e7\u00f5es de 2026.<\/span><\/p>\n<p data-pf_style_display=\"block\" data-pf_style_visibility=\"visible\"><span class=\"text-node\">Representantes de candidaturas presidenciais participaram na quarta-feira (26) de um encontro promovido pela associa\u00e7\u00e3o para conhecer as reivindica\u00e7\u00f5es do setor. A iniciativa integra a campanha \u201cNo Trilho Certo\u201d, criada pela ANPTrilhos para tentar incluir investimentos no transporte metroferrovi\u00e1rio nos programas de governo.<\/span><\/p>\n<p data-pf_style_display=\"block\" data-pf_style_visibility=\"visible\"><span class=\"text-node\">Al\u00e9m dos R$ 20 bilh\u00f5es anuais, a associa\u00e7\u00e3o defende a cria\u00e7\u00e3o de uma pol\u00edtica nacional permanente de modicidade tarif\u00e1ria. A proposta busca estabelecer mecanismos p\u00fablicos que permitam reduzir ou conter o valor pago pelos passageiros sem transferir integralmente o custo para os operadores.<\/span><\/p>\n<p data-pf_style_display=\"block\" data-pf_style_visibility=\"visible\"><span class=\"text-node\">O material divulgado pela ANPTrilhos, no entanto, n\u00e3o detalha de onde deveriam sair os R$ 20 bilh\u00f5es anuais, como os recursos seriam distribu\u00eddos entre estados e projetos ou qual mecanismo seria utilizado para garantir esse n\u00edvel de investimento de forma permanente.<\/span><\/p>\n<h3 id=\"governana-metropolitana\" data-pf_style_display=\"block\" data-pf_style_visibility=\"visible\"><span class=\"text-node\">Governan\u00e7a metropolitana<\/span><\/h3>\n<p data-pf_style_display=\"block\" data-pf_style_visibility=\"visible\"><span class=\"text-node\">Outra reivindica\u00e7\u00e3o \u00e9 a cria\u00e7\u00e3o de estruturas metropolitanas de governan\u00e7a para o transporte p\u00fablico. A ANPTrilhos argumenta que redes de mobilidade frequentemente ultrapassam limites municipais e dependem atualmente de decis\u00f5es tomadas por diferentes prefeituras, governos estaduais e operadores.<\/span><\/p>\n<p data-pf_style_display=\"block\" data-pf_style_visibility=\"visible\"><span class=\"text-node\">A carta-compromisso pretende servir tamb\u00e9m para que a entidade acompanhe, ap\u00f3s as elei\u00e7\u00f5es, eventuais compromissos assumidos pelos candidatos durante a campanha.<\/span><\/p>\n<p data-pf_style_display=\"block\" data-pf_style_visibility=\"visible\"><span class=\"text-node\">Segundo n\u00fameros apresentados pela pr\u00f3pria ANPTrilhos, metr\u00f4s, trens urbanos, VLTs e outros sistemas ferrovi\u00e1rios de passageiros transportam aproximadamente 8,7 milh\u00f5es de pessoas por dia \u00fatil no Brasil.<\/span><\/p>\n<p data-pf_style_display=\"block\" data-pf_style_visibility=\"visible\"><span class=\"text-node\">A associa\u00e7\u00e3o tamb\u00e9m estima em R$ 44,6 bilh\u00f5es os benef\u00edcios econ\u00f4micos, sociais e ambientais proporcionados anualmente pelos sistemas sobre trilhos. Os valores s\u00e3o apresentados pela entidade como argumento para ampliar a participa\u00e7\u00e3o do setor nos investimentos p\u00fablicos em mobilidade.<\/span><\/p>\n<p data-pf_style_display=\"block\" data-pf_style_visibility=\"visible\"><span class=\"text-node\">A ANPTrilhos representa operadores de metr\u00f4s, trens urbanos, VLTs e people movers presentes em 11 estados e no Distrito Federal. A campanha lan\u00e7ada para as elei\u00e7\u00f5es de 2026 busca obter compromissos tanto dos candidatos \u00e0 Presid\u00eancia quanto dos postulantes aos governos estaduais.<\/span><\/p>\n","protected":false},"excerpt":{"rendered":"<p>Fonte: Metr\u00f4 CPTM Data: 29\/08\/2026 A\u00a0Associa\u00e7\u00e3o Nacional dos Transportadores de Passageiros sobre Trilhos (ANPTrilhos)\u00a0quer que o pr\u00f3ximo governo federal destine\u00a0R$ 20 bilh\u00f5es\u00a0por ano \u00e0 expans\u00e3o das redes de metr\u00f4 e trens urbanos do pa\u00eds. A proposta faz parte de uma carta-compromisso que a entidade pretende apresentar aos candidatos \u00e0 Presid\u00eancia da Rep\u00fablica e aos governos [&hellip;]<\/p>\n","protected":false},"author":18091994,"featured_media":92535,"comment_status":"closed","ping_status":"closed","sticky":false,"template":"","format":"standard","meta":{"footnotes":""},"categories":[875],"tags":[],"class_list":["post-95762","post","type-post","status-publish","format-standard","has-post-thumbnail","hentry","category-noticias-do-mercado"],"acf":[],"yoast_head":"<!-- This site is optimized with the Yoast SEO plugin v18.2 - https:\/\/yoast.com\/wordpress\/plugins\/seo\/ -->\n<title>Grupo de trabalho de Jundia\u00ed acompanha obras do Trem Intercidades<\/title>\n<meta name=\"robots\" content=\"index, follow, max-snippet:-1, max-image-preview:large, max-video-preview:-1\" \/>\n<link rel=\"canonical\" href=\"https:\/\/abifer.org.br\/95762\/\" \/>\n<meta property=\"og:locale\" content=\"pt_BR\" \/>\n<meta property=\"og:type\" content=\"article\" \/>\n<meta property=\"og:title\" content=\"Grupo de trabalho de Jundia\u00ed acompanha obras do Trem Intercidades\" \/>\n<meta property=\"og:description\" content=\"Fonte: Metr\u00f4 CPTM Data: 29\/08\/2026 A\u00a0Associa\u00e7\u00e3o Nacional dos Transportadores de Passageiros sobre Trilhos (ANPTrilhos)\u00a0quer que o pr\u00f3ximo governo federal destine\u00a0R$ 20 bilh\u00f5es\u00a0por ano \u00e0 expans\u00e3o das redes de metr\u00f4 e trens urbanos do pa\u00eds. A proposta faz parte de uma carta-compromisso que a entidade pretende apresentar aos candidatos \u00e0 Presid\u00eancia da Rep\u00fablica e aos governos [&hellip;]\" \/>\n<meta property=\"og:url\" content=\"https:\/\/abifer.org.br\/95762\/\" \/>\n<meta property=\"og:site_name\" content=\"ABIFER\" \/>\n<meta property=\"article:publisher\" content=\"https:\/\/www.facebook.com\/abiferoficial\/\" \/>\n<meta property=\"article:published_time\" content=\"2026-08-31T16:42:56+00:00\" \/>\n<meta property=\"article:modified_time\" content=\"2026-08-31T16:46:14+00:00\" \/>\n<meta property=\"og:image\" content=\"http:\/\/abifer.org.br\/wp-content\/uploads\/2026\/02\/NOTICIAS-DO-MERCADO.jpg\" \/>\n\t<meta property=\"og:image:width\" content=\"1920\" \/>\n\t<meta property=\"og:image:height\" content=\"1080\" \/>\n\t<meta property=\"og:image:type\" content=\"image\/jpeg\" \/>\n<meta name=\"twitter:card\" content=\"summary_large_image\" \/>\n<meta name=\"twitter:creator\" content=\"@abiferoficial\" \/>\n<meta name=\"twitter:site\" content=\"@abiferoficial\" \/>\n<meta name=\"twitter:label1\" content=\"Escrito por\" \/>\n\t<meta name=\"twitter:data1\" content=\"Assessoria de Imprensa\" \/>\n\t<meta name=\"twitter:label2\" content=\"Est. tempo de leitura\" \/>\n\t<meta name=\"twitter:data2\" content=\"2 minutos\" \/>\n<script type=\"application\/ld+json\" class=\"yoast-schema-graph\">{\"@context\":\"https:\/\/schema.org\",\"@graph\":[{\"@type\":\"Organization\",\"@id\":\"https:\/\/abifer.org.br\/#organization\",\"name\":\"ABIFER\",\"url\":\"https:\/\/abifer.org.br\/\",\"sameAs\":[\"https:\/\/www.facebook.com\/abiferoficial\/\",\"https:\/\/www.linkedin.com\/company\/abiferoficial\/\",\"https:\/\/twitter.com\/abiferoficial\"],\"logo\":{\"@type\":\"ImageObject\",\"@id\":\"https:\/\/abifer.org.br\/#logo\",\"inLanguage\":\"pt-BR\",\"url\":\"https:\/\/abifer.org.br\/wp-content\/uploads\/2018\/05\/ABF_001_LogoSlogan.jpg\",\"contentUrl\":\"https:\/\/abifer.org.br\/wp-content\/uploads\/2018\/05\/ABF_001_LogoSlogan.jpg\",\"width\":1182,\"height\":486,\"caption\":\"ABIFER\"},\"image\":{\"@id\":\"https:\/\/abifer.org.br\/#logo\"}},{\"@type\":\"WebSite\",\"@id\":\"https:\/\/abifer.org.br\/#website\",\"url\":\"https:\/\/abifer.org.br\/\",\"name\":\"ABIFER\",\"description\":\"Associa\u00e7\u00e3o Brasileira da Ind\u00fastria Ferrovi\u00e1ria\",\"publisher\":{\"@id\":\"https:\/\/abifer.org.br\/#organization\"},\"potentialAction\":[{\"@type\":\"SearchAction\",\"target\":{\"@type\":\"EntryPoint\",\"urlTemplate\":\"https:\/\/abifer.org.br\/?s={search_term_string}\"},\"query-input\":\"required name=search_term_string\"}],\"inLanguage\":\"pt-BR\"},{\"@type\":\"ImageObject\",\"@id\":\"https:\/\/abifer.org.br\/95762\/#primaryimage\",\"inLanguage\":\"pt-BR\",\"url\":\"https:\/\/abifer.org.br\/wp-content\/uploads\/2026\/02\/NOTICIAS-DO-MERCADO.jpg\",\"contentUrl\":\"https:\/\/abifer.org.br\/wp-content\/uploads\/2026\/02\/NOTICIAS-DO-MERCADO.jpg\",\"width\":1920,\"height\":1080},{\"@type\":\"WebPage\",\"@id\":\"https:\/\/abifer.org.br\/95762\/#webpage\",\"url\":\"https:\/\/abifer.org.br\/95762\/\",\"name\":\"Grupo de trabalho de Jundia\u00ed acompanha obras do Trem Intercidades\",\"isPartOf\":{\"@id\":\"https:\/\/abifer.org.br\/#website\"},\"primaryImageOfPage\":{\"@id\":\"https:\/\/abifer.org.br\/95762\/#primaryimage\"},\"datePublished\":\"2026-08-31T16:42:56+00:00\",\"dateModified\":\"2026-08-31T16:46:14+00:00\",\"breadcrumb\":{\"@id\":\"https:\/\/abifer.org.br\/95762\/#breadcrumb\"},\"inLanguage\":\"pt-BR\",\"potentialAction\":[{\"@type\":\"ReadAction\",\"target\":[\"https:\/\/abifer.org.br\/95762\/\"]}]},{\"@type\":\"BreadcrumbList\",\"@id\":\"https:\/\/abifer.org.br\/95762\/#breadcrumb\",\"itemListElement\":[{\"@type\":\"ListItem\",\"position\":1,\"name\":\"In\u00edcio\",\"item\":\"https:\/\/abifer.org.br\/\"},{\"@type\":\"ListItem\",\"position\":2,\"name\":\"Grupo de trabalho de Jundia\u00ed acompanha obras do Trem Intercidades\"}]},{\"@type\":\"Article\",\"@id\":\"https:\/\/abifer.org.br\/95762\/#article\",\"isPartOf\":{\"@id\":\"https:\/\/abifer.org.br\/95762\/#webpage\"},\"author\":{\"@id\":\"https:\/\/abifer.org.br\/#\/schema\/person\/7d71286f9a2112b9c77202d80fdf13ef\"},\"headline\":\"Grupo de trabalho de Jundia\u00ed acompanha obras do Trem Intercidades\",\"datePublished\":\"2026-08-31T16:42:56+00:00\",\"dateModified\":\"2026-08-31T16:46:14+00:00\",\"mainEntityOfPage\":{\"@id\":\"https:\/\/abifer.org.br\/95762\/#webpage\"},\"wordCount\":399,\"publisher\":{\"@id\":\"https:\/\/abifer.org.br\/#organization\"},\"image\":{\"@id\":\"https:\/\/abifer.org.br\/95762\/#primaryimage\"},\"thumbnailUrl\":\"https:\/\/abifer.org.br\/wp-content\/uploads\/2026\/02\/NOTICIAS-DO-MERCADO.jpg\",\"articleSection\":[\"Not\u00edcias do Mercado\"],\"inLanguage\":\"pt-BR\"},{\"@type\":\"Person\",\"@id\":\"https:\/\/abifer.org.br\/#\/schema\/person\/7d71286f9a2112b9c77202d80fdf13ef\",\"name\":\"Assessoria de Imprensa\",\"url\":\"https:\/\/abifer.org.br\/author\/assessoria-de-imprensa\/\"}]}<\/script>\n<!-- \/ Yoast SEO plugin. -->","yoast_head_json":{"title":"Grupo de trabalho de Jundia\u00ed acompanha obras do Trem Intercidades","robots":{"index":"index","follow":"follow","max-snippet":"max-snippet:-1","max-image-preview":"max-image-preview:large","max-video-preview":"max-video-preview:-1"},"canonical":"https:\/\/abifer.org.br\/95762\/","og_locale":"pt_BR","og_type":"article","og_title":"Grupo de trabalho de Jundia\u00ed acompanha obras do Trem Intercidades","og_description":"Fonte: Metr\u00f4 CPTM Data: 29\/08\/2026 A\u00a0Associa\u00e7\u00e3o Nacional dos Transportadores de Passageiros sobre Trilhos (ANPTrilhos)\u00a0quer que o pr\u00f3ximo governo federal destine\u00a0R$ 20 bilh\u00f5es\u00a0por ano \u00e0 expans\u00e3o das redes de metr\u00f4 e trens urbanos do pa\u00eds. A proposta faz parte de uma carta-compromisso que a entidade pretende apresentar aos candidatos \u00e0 Presid\u00eancia da Rep\u00fablica e aos governos [&hellip;]","og_url":"https:\/\/abifer.org.br\/95762\/","og_site_name":"ABIFER","article_publisher":"https:\/\/www.facebook.com\/abiferoficial\/","article_published_time":"2026-08-31T16:42:56+00:00","article_modified_time":"2026-08-31T16:46:14+00:00","og_image":[{"width":1920,"height":1080,"url":"http:\/\/abifer.org.br\/wp-content\/uploads\/2026\/02\/NOTICIAS-DO-MERCADO.jpg","type":"image\/jpeg"}],"twitter_card":"summary_large_image","twitter_creator":"@abiferoficial","twitter_site":"@abiferoficial","twitter_misc":{"Escrito por":"Assessoria de Imprensa","Est. tempo de leitura":"2 minutos"},"schema":{"@context":"https:\/\/schema.org","@graph":[{"@type":"Organization","@id":"https:\/\/abifer.org.br\/#organization","name":"ABIFER","url":"https:\/\/abifer.org.br\/","sameAs":["https:\/\/www.facebook.com\/abiferoficial\/","https:\/\/www.linkedin.com\/company\/abiferoficial\/","https:\/\/twitter.com\/abiferoficial"],"logo":{"@type":"ImageObject","@id":"https:\/\/abifer.org.br\/#logo","inLanguage":"pt-BR","url":"https:\/\/abifer.org.br\/wp-content\/uploads\/2018\/05\/ABF_001_LogoSlogan.jpg","contentUrl":"https:\/\/abifer.org.br\/wp-content\/uploads\/2018\/05\/ABF_001_LogoSlogan.jpg","width":1182,"height":486,"caption":"ABIFER"},"image":{"@id":"https:\/\/abifer.org.br\/#logo"}},{"@type":"WebSite","@id":"https:\/\/abifer.org.br\/#website","url":"https:\/\/abifer.org.br\/","name":"ABIFER","description":"Associa\u00e7\u00e3o Brasileira da Ind\u00fastria Ferrovi\u00e1ria","publisher":{"@id":"https:\/\/abifer.org.br\/#organization"},"potentialAction":[{"@type":"SearchAction","target":{"@type":"EntryPoint","urlTemplate":"https:\/\/abifer.org.br\/?s={search_term_string}"},"query-input":"required name=search_term_string"}],"inLanguage":"pt-BR"},{"@type":"ImageObject","@id":"https:\/\/abifer.org.br\/95762\/#primaryimage","inLanguage":"pt-BR","url":"https:\/\/abifer.org.br\/wp-content\/uploads\/2026\/02\/NOTICIAS-DO-MERCADO.jpg","contentUrl":"https:\/\/abifer.org.br\/wp-content\/uploads\/2026\/02\/NOTICIAS-DO-MERCADO.jpg","width":1920,"height":1080},{"@type":"WebPage","@id":"https:\/\/abifer.org.br\/95762\/#webpage","url":"https:\/\/abifer.org.br\/95762\/","name":"Grupo de trabalho de Jundia\u00ed acompanha obras do Trem Intercidades","isPartOf":{"@id":"https:\/\/abifer.org.br\/#website"},"primaryImageOfPage":{"@id":"https:\/\/abifer.org.br\/95762\/#primaryimage"},"datePublished":"2026-08-31T16:42:56+00:00","dateModified":"2026-08-31T16:46:14+00:00","breadcrumb":{"@id":"https:\/\/abifer.org.br\/95762\/#breadcrumb"},"inLanguage":"pt-BR","potentialAction":[{"@type":"ReadAction","target":["https:\/\/abifer.org.br\/95762\/"]}]},{"@type":"BreadcrumbList","@id":"https:\/\/abifer.org.br\/95762\/#breadcrumb","itemListElement":[{"@type":"ListItem","position":1,"name":"In\u00edcio","item":"https:\/\/abifer.org.br\/"},{"@type":"ListItem","position":2,"name":"Grupo de trabalho de Jundia\u00ed acompanha obras do Trem Intercidades"}]},{"@type":"Article","@id":"https:\/\/abifer.org.br\/95762\/#article","isPartOf":{"@id":"https:\/\/abifer.org.br\/95762\/#webpage"},"author":{"@id":"https:\/\/abifer.org.br\/#\/schema\/person\/7d71286f9a2112b9c77202d80fdf13ef"},"headline":"Grupo de trabalho de Jundia\u00ed acompanha obras do Trem Intercidades","datePublished":"2026-08-31T16:42:56+00:00","dateModified":"2026-08-31T16:46:14+00:00","mainEntityOfPage":{"@id":"https:\/\/abifer.org.br\/95762\/#webpage"},"wordCount":399,"publisher":{"@id":"https:\/\/abifer.org.br\/#organization"},"image":{"@id":"https:\/\/abifer.org.br\/95762\/#primaryimage"},"thumbnailUrl":"https:\/\/abifer.org.br\/wp-content\/uploads\/2026\/02\/NOTICIAS-DO-MERCADO.jpg","articleSection":["Not\u00edcias do Mercado"],"inLanguage":"pt-BR"},{"@type":"Person","@id":"https:\/\/abifer.org.br\/#\/schema\/person\/7d71286f9a2112b9c77202d80fdf13ef","name":"Assessoria de Imprensa","url":"https:\/\/abifer.org.br\/author\/assessoria-de-imprensa\/"}]}},"_links":{"self":[{"href":"https:\/\/abifer.org.br\/en\/wp-json\/wp\/v2\/posts\/95762\/"}],"collection":[{"href":"https:\/\/abifer.org.br\/en\/wp-json\/wp\/v2\/posts\/"}],"about":[{"href":"https:\/\/abifer.org.br\/en\/wp-json\/wp\/v2\/types\/post\/"}],"author":[{"embeddable":true,"href":"https:\/\/abifer.org.br\/en\/wp-json\/wp\/v2\/users\/18091994\/"}],"replies":[{"embeddable":true,"href":"https:\/\/abifer.org.br\/en\/wp-json\/wp\/v2\/comments\/?post=95762"}],"version-history":[{"count":3,"href":"https:\/\/abifer.org.br\/en\/wp-json\/wp\/v2\/posts\/95762\/revisions\/"}],"predecessor-version":[{"id":95765,"href":"https:\/\/abifer.org.br\/en\/wp-json\/wp\/v2\/posts\/95762\/revisions\/95765\/"}],"wp:featuredmedia":[{"embeddable":true,"href":"https:\/\/abifer.org.br\/en\/wp-json\/wp\/v2\/media\/92535\/"}],"wp:attachment":[{"href":"https:\/\/abifer.org.br\/en\/wp-json\/wp\/v2\/media\/?parent=95762"}],"wp:term":[{"taxonomy":"category","embeddable":true,"href":"https:\/\/abifer.org.br\/en\/wp-json\/wp\/v2\/categories\/?post=95762"},{"taxonomy":"post_tag","embeddable":true,"href":"https:\/\/abifer.org.br\/en\/wp-json\/wp\/v2\/tags\/?post=95762"}],"curies":[{"name":"wp","href":"https:\/\/api.w.org\/{rel}","templated":true}]}}