{"id":95768,"date":"2026-08-31T13:51:38","date_gmt":"2026-08-31T16:51:38","guid":{"rendered":"https:\/\/abifer.org.br\/?p=95768"},"modified":"2026-08-31T13:51:38","modified_gmt":"2026-08-31T16:51:38","slug":"ferrovia-que-lula-sonhou-para-o-ne-agora-tem-tracado-eliminando-pernambuco","status":"publish","type":"post","link":"https:\/\/abifer.org.br\/en\/ferrovia-que-lula-sonhou-para-o-ne-agora-tem-tracado-eliminando-pernambuco\/","title":{"rendered":"Ferrovia que Lula sonhou para o NE agora tem tra\u00e7ado eliminando Pernambuco"},"content":{"rendered":"<pre style=\"font-weight: 400;text-align: right\"><a href=\"https:\/\/jc.uol.com.br\/colunas\/jc-negocios\/2026\/08\/30\/ferrovia-que-lula-sonhou-para-o-ne-agora-tem-tracado-eliminando-pernambuco.html\" target=\"_blank\" rel=\"noopener\"><strong><em>Fonte: Jornal do Comm\u00e9rcio\r\nData: 30\/08\/2026<\/em><\/strong><\/a><\/pre>\n<p>&nbsp;<\/p>\n<p class=\"texto\">Foi assim. No dia 5 de junho de 2006, o presidente Lu\u00eds In\u00e1cio Lula da Silva esteve na cidade de Miss\u00e3o Velha, no interior do Cear\u00e1, para dar in\u00edcio \u00e0s obras da Ferrovia Transnordestina, uma estrada de ferro constitu\u00edda de dois grandes eixos que ligariam o interior do Piau\u00ed aos portos de Pec\u00e9m, na Regi\u00e3o Metropolitana do Cear\u00e1, e de Suape, na Zona Sul do Grande Recife. Lula acreditava que no segundo mandato que se encerraria em 2010 ele poderia entregar a ferrovia de 1750 quil\u00f4metros chegando aos dois maiores portos do Nordeste.<\/p>\n<p class=\"texto\">Lula saiu do governo em 2010 e, quando voltou em 2023, deparou-se com um problema que jamais imaginara. Depois que, numa a\u00e7\u00e3o articulada pelos governadores Wellington Dias (PI) e Camilo Santana (CE), o Minist\u00e9rio do Interior, no governo Bolsonaro , simplesmente retirou trecho que ligava a ferrovia ao Porto de Suape, sem que o ent\u00e3o governador de Pernambuco sequer fosse informado do termo aditivo.<\/p>\n<p class=\"texto\">Se Paulo C\u00e2mara sabia da articula\u00e7\u00e3o, a hist\u00f3ria mostra que ele n\u00e3o tomou qualquer atitude. Raquel Lyra, que o sucedeu, tomou conhecimento quando, numa de suas viagens ao Brasil, soube da homologa\u00e7\u00e3o do documento assinado em 22 de dezembro de 2022 pelo Minist\u00e9rio do Interior, pelo Tribunal de Contas e por v\u00e1rios \u00f3rg\u00e3os do governo federal.<\/p>\n<h4 class=\"texto\"><strong>Protestos de Raquel<\/strong><\/h4>\n<p class=\"texto\">Raquel Lyra at\u00e9 protestou. Denunciou a articula\u00e7\u00e3o e foi pedir ajuda ao presidente, que disse n\u00e3o saber da cis\u00e3o e lhe prometeu reativar o trecho, como obra p\u00fablica, com a perspectiva de que, sendo constru\u00eddo, pudesse ser oferecido ao setor privado.<\/p>\n<p class=\"texto\">Decorridos quase quatro anos, nenhum dormente foi assentado no lado pernambucano. Embora a governadora tenha esperan\u00e7as de que ano que vem a Infra S.A., a estatal que sucedeu a Valec, coloque gente no canteiro de obras.<\/p>\n<p class=\"texto\">A ferrovia sonhada por Lula virou um case de atrasos, obras se arrastando e uma competente articula\u00e7\u00e3o da classe pol\u00edtica do Cear\u00e1 que decidiu ir \u00e0 luta quando, em 2016, a obra parou por den\u00fancias de irregularidades que duraram at\u00e9 2022. E quando a assinatura do termo aditivo que excluiu Pernambuco fez a Uni\u00e3o voltar a colocar dinheiro no projeto.<\/p>\n<div id=\"banner-300x250-5-desktop\" class=\"\">\n<div id=\"banner-300x250-5\" class=\"ads ads-retangular text-center\" data-google-query-id=\"CIGGwLWpy5YDFfVXuAQd0e4lTA\"><\/div>\n<\/div>\n<p class=\"texto\"><strong>Dificuldades da CSN<\/strong><\/p>\n<p class=\"texto\">Com a crise e as dificuldades do grupo CSN do empres\u00e1rio Benjamin Steinbruch, a obra deixou de receber recursos p\u00fablicos via Sudene e o BNB. Embora esta seja uma obra de governo, n\u00e3o se pode deixar de reconhecer que a Transnordestina Log\u00edstica S.A. \u00e9 o resultado de uma constru\u00e7\u00e3o bem-sucedida da estrat\u00e9gia do empres\u00e1rio.<\/p>\n<p class=\"texto\">A primeira cautelar, expedida em 2016, proibiu a Valec Engenharia, Constru\u00e7\u00f5es e Ferrovias; o Finor; o FNE; o FDNE; o BNDES; e o BNDESPar a destinarem recursos, a qualquer t\u00edtulo, para as obras de constru\u00e7\u00e3o da ferrovia Nova Transnordestina. A cautelar foi revogada em raz\u00e3o da apresenta\u00e7\u00e3o dos projetos executivo e or\u00e7ament\u00e1rio.<\/p>\n<p class=\"texto\">Em 2017, o TCU voltou a proibir \u00e0s institui\u00e7\u00f5es com o mesmo objetivo devido ao risco de preju\u00edzos ao er\u00e1rio, detectado por nova an\u00e1lise dos auditores. A libera\u00e7\u00e3o de recursos ficou condicionada \u00e0 apresenta\u00e7\u00e3o de todos os elementos dos projetos solicitados pela. A vida seguiu e parte das irregularidades encontradas pelo TCU foi superada em 2020, quando o Minist\u00e9rio da Infraestrutura, a ANTT e a TSLA entraram em acordo.<\/p>\n<p class=\"texto\">Nessa \u00e9poca, estudo t\u00e9cnico elaborado por empresa de consultoria apontou que a opera\u00e7\u00e3o parcial da ferrovia em um menor espa\u00e7o de tempo e com menores investimentos de capital (Capex) traria evidentes benef\u00edcios ao pa\u00eds, dada a import\u00e2ncia do empreendimento para a sociedade brasileira. O relator do processo, ministro Walton Alencar Rodrigues, deu o sinal verde para a obra receber verbas federais.<\/p>\n<p class=\"texto\">Foi com base nesses estudos e no avan\u00e7o da negocia\u00e7\u00e3o entre as partes lideradas pelo Cear\u00e1 que o TCU, em 2022, revogou a medida cautelar vigente desde 2017 Foi quando o TCU fixou prazo de 120 dias para que a ANTT pactuasse com a TLSA um novo cronograma para a realiza\u00e7\u00e3o das obras, prevendo a eventual retomada de aportes p\u00fablicos, com a defini\u00e7\u00e3o de prazos e de san\u00e7\u00f5es no caso de descumprimento dos termos pactuados.<\/p>\n<p class=\"texto\">A novidade foi que ao fim do prazo concedido, as partes apresentaram minuta de termo aditivo contendo novas condi\u00e7\u00f5es para a concess\u00e3o, em especial a reorganiza\u00e7\u00e3o da malha concedida e o cronograma de realiza\u00e7\u00e3o das obras excluindo Pernambuco. O TCU determinou, por meio do Ac\u00f3rd\u00e3o 2769\/2022 &#8211; Plen\u00e1rio, a ado\u00e7\u00e3o de medidas de aperfei\u00e7oamento do contrato.<\/p>\n<p class=\"texto\"><strong>Buscar apoio politico\u00a0<\/strong><\/p>\n<p class=\"texto\">O que chama aten\u00e7\u00e3o nessa articula\u00e7\u00e3o da classe pol\u00edtica do Cear\u00e1 \u00e9 sua capacidade de atuar em todos os \u00f3rg\u00e3os, mesmo no per\u00edodo de Jair Bolsonaro, de modo que os ministros Valdeir Gois e Tarc\u00edsio Freitas tenham ajudado.<\/p>\n<p class=\"texto\">Embora na oposi\u00e7\u00e3o Wellington Dias e Camilo Santana percorreram dezenas de gabinetes de forma discreta enquanto o governador Paulo C\u00e2mara que nos oito anos de seus dois mandatos brigou com os presidentes Dilma Rousseff, Michel Temer e Jair Bolsonaro excluindo o estado de qualquer tratativa. Paulo preferiu tentar buscar um parceiro para operar a ferrovia (a mineradora Bemisa) que n\u00e3o tinha a mesma articula\u00e7\u00e3o que o Piau\u00ed e o Cear\u00e1 sobre o projeto.<\/p>\n<p class=\"texto\">Outra posi\u00e7\u00e3o dos cearense foi sair em busca de recursos p\u00fablicos que pudessem ser repassados \u00e0 obra quando ela foi seccionada. Ficou claro para ele que sem um novo aporte a obra n\u00e3o tinha como ser conclu\u00edda.<\/p>\n<p class=\"texto\">E eles conseguiram aprovar no Congresso a destina\u00e7\u00e3o de toda a dota\u00e7\u00e3o do FNDE para a ferrovia transnordestina que era de R$ 3 bilh\u00f5es. Em apenas 120 dias, as duas casas aprovaram o fundo que mandava a Sudene liberar parcelas de R$ 1 bilh\u00e3o.<\/p>\n<p class=\"texto\">Isso permitiu \u00e0 TLSA ter condi\u00e7\u00f5es de contratar todos os trechos e tocar a obra, inclusive operando os que j\u00e1 poderiam ser comercializados antes que o trem chegasse ao Porto de Pec\u00e9m. Este m\u00eas a empresa Marquise que toca o projeto anunciou o in\u00edcio das obras nos trechos mais cr\u00edticos entre as cidades de 90.<\/p>\n<p class=\"texto\">Isso n\u00e3o quer dizer que a governadora Raquel Lyra tenha ficado sem atuar. Gra\u00e7as ao apoio de Lula e do ministro dos Transportes, Renan Filho, ela conseguiu fazer com que a primeira obra entrasse numa nova rubrica do PAC. Depois, fez com que a Infra S.A. retomasse as contrata\u00e7\u00f5es.<\/p>\n<p class=\"texto\">Tudo parecia ir bem quando, na v\u00e9spera do an\u00fancio da assinatura do primeiro trecho, o TCU publicou um ac\u00f3rd\u00e3o suspendendo novos repasses federais para o trecho pernambucano da Ferrovia Transnordestina, entre Salgueiro e o Porto de Suape, reacendendo o debate sobre o futuro de uma das obras de infraestrutura mais emblem\u00e1ticas para o Nordeste.<\/p>\n<p class=\"texto\">O que Raquel Lyra n\u00e3o contava era que, com uma articula\u00e7\u00e3o contra a obra iniciada no dia 11 de dezembro de 2024, quando a Comiss\u00e3o Mista de Planos, Or\u00e7amentos P\u00fablicos e Fiscaliza\u00e7\u00e3o \u2014 CMO, do Congresso Nacional \u2014 agiu para travar o projeto de retomada.<\/p>\n<p class=\"texto\"><strong>Articula\u00e7\u00e3o na C\u00e2mara<\/strong><\/p>\n<p class=\"texto\">A CMO pediu \u00e0 Presid\u00eancia do TCU levantamentos no empreendimento de constru\u00e7\u00e3o da Ferrovia Transnordestina &#8211; trecho entre Salgueiro\/PE e Porto de Suape\/PE &#8211; EF-232, com um n\u00edvel de especificidade surpreendente para uma obra que em 2024 sequer tinha feito o lan\u00e7amento do edital para o projeto executivo do trecho Cust\u00f3dia-Arcoverde, anunciado dias antes \u00e0 governadora Raquel Lyra pelo ministro dos Transportes, Renan Filho.<\/p>\n<p class=\"texto\">Tudo isso revela que, enquanto a obra em Pernambuco parou e ningu\u00e9m se mexeu para retom\u00e1-la entre os anos de 2026 e 2022 (governo Paulo C\u00e2mara), os cearenses se articularam para primeiro destravar a proibi\u00e7\u00e3o no TCU e depois criar um mecanismo financeiro para irrigar a obra com dinheiro p\u00fablico.<br \/>\nNa verdade, Pernambuco passou anos sem atuar para defender a obra no seu territ\u00f3rio. E s\u00f3 soube da exclus\u00e3o quando da posse da governadora Raquel Lyra em janeiro de 2023. Sem que at\u00e9 agora ela tenha conseguido fazer o projeto ser retomado no Estado.<\/p>\n<p class=\"texto\">Por isso agora que a Transnordestina est\u00e1 no centro dos debates da campanha eleitoral com o candidato Jo\u00e3o Campos prometendo conclu\u00ed-la at\u00e9 2030 apostando que Lula reeleito bancar\u00e1 80% da obra com verba da Uni\u00e3o e Raquel Lyra apostando ela ser\u00e1 reiniciada ainda este ano ap\u00f3s libera\u00e7\u00e3o do TCU \u00e9 importante n\u00e3o esquecer essa ferrovia entre Suape e Eliseu Martins s\u00f3 faz sentido do Piau\u00ed ela se conectar com a ferrovia Norte Sul no Maranh\u00e3o o que lhe daria a condi\u00e7\u00e3o de estrat\u00e9gica nao para Pernambuco Piau\u00ed e Cear\u00e1, mas para todo o Nordeste.<\/p>\n","protected":false},"excerpt":{"rendered":"<p>Fonte: Jornal do Comm\u00e9rcio Data: 30\/08\/2026 &nbsp; Foi assim. No dia 5 de junho de 2006, o presidente Lu\u00eds In\u00e1cio Lula da Silva esteve na cidade de Miss\u00e3o Velha, no interior do Cear\u00e1, para dar in\u00edcio \u00e0s obras da Ferrovia Transnordestina, uma estrada de ferro constitu\u00edda de dois grandes eixos que ligariam o interior do [&hellip;]<\/p>\n","protected":false},"author":18091994,"featured_media":92535,"comment_status":"closed","ping_status":"closed","sticky":false,"template":"","format":"standard","meta":{"footnotes":""},"categories":[875],"tags":[],"class_list":["post-95768","post","type-post","status-publish","format-standard","has-post-thumbnail","hentry","category-noticias-do-mercado"],"acf":[],"yoast_head":"<!-- This site is optimized with the Yoast SEO plugin v18.2 - https:\/\/yoast.com\/wordpress\/plugins\/seo\/ -->\n<title>Ferrovia que Lula sonhou para o NE agora tem tra\u00e7ado eliminando Pernambuco<\/title>\n<meta name=\"robots\" content=\"index, follow, max-snippet:-1, max-image-preview:large, max-video-preview:-1\" \/>\n<link rel=\"canonical\" href=\"https:\/\/abifer.org.br\/ferrovia-que-lula-sonhou-para-o-ne-agora-tem-tracado-eliminando-pernambuco\/\" \/>\n<meta property=\"og:locale\" content=\"pt_BR\" \/>\n<meta property=\"og:type\" content=\"article\" \/>\n<meta property=\"og:title\" content=\"Ferrovia que Lula sonhou para o NE agora tem tra\u00e7ado eliminando Pernambuco\" \/>\n<meta property=\"og:description\" content=\"Fonte: Jornal do Comm\u00e9rcio Data: 30\/08\/2026 &nbsp; Foi assim. No dia 5 de junho de 2006, o presidente Lu\u00eds In\u00e1cio Lula da Silva esteve na cidade de Miss\u00e3o Velha, no interior do Cear\u00e1, para dar in\u00edcio \u00e0s obras da Ferrovia Transnordestina, uma estrada de ferro constitu\u00edda de dois grandes eixos que ligariam o interior do [&hellip;]\" \/>\n<meta property=\"og:url\" content=\"https:\/\/abifer.org.br\/ferrovia-que-lula-sonhou-para-o-ne-agora-tem-tracado-eliminando-pernambuco\/\" \/>\n<meta property=\"og:site_name\" content=\"ABIFER\" \/>\n<meta property=\"article:publisher\" content=\"https:\/\/www.facebook.com\/abiferoficial\/\" \/>\n<meta property=\"article:published_time\" content=\"2026-08-31T16:51:38+00:00\" \/>\n<meta property=\"og:image\" content=\"http:\/\/abifer.org.br\/wp-content\/uploads\/2026\/02\/NOTICIAS-DO-MERCADO.jpg\" \/>\n\t<meta property=\"og:image:width\" content=\"1920\" \/>\n\t<meta property=\"og:image:height\" content=\"1080\" \/>\n\t<meta property=\"og:image:type\" content=\"image\/jpeg\" \/>\n<meta name=\"twitter:card\" content=\"summary_large_image\" \/>\n<meta name=\"twitter:creator\" content=\"@abiferoficial\" \/>\n<meta name=\"twitter:site\" content=\"@abiferoficial\" \/>\n<meta name=\"twitter:label1\" content=\"Escrito por\" \/>\n\t<meta name=\"twitter:data1\" content=\"Assessoria de Imprensa\" \/>\n\t<meta name=\"twitter:label2\" content=\"Est. tempo de leitura\" \/>\n\t<meta name=\"twitter:data2\" content=\"7 minutos\" \/>\n<script type=\"application\/ld+json\" class=\"yoast-schema-graph\">{\"@context\":\"https:\/\/schema.org\",\"@graph\":[{\"@type\":\"Organization\",\"@id\":\"https:\/\/abifer.org.br\/#organization\",\"name\":\"ABIFER\",\"url\":\"https:\/\/abifer.org.br\/\",\"sameAs\":[\"https:\/\/www.facebook.com\/abiferoficial\/\",\"https:\/\/www.linkedin.com\/company\/abiferoficial\/\",\"https:\/\/twitter.com\/abiferoficial\"],\"logo\":{\"@type\":\"ImageObject\",\"@id\":\"https:\/\/abifer.org.br\/#logo\",\"inLanguage\":\"pt-BR\",\"url\":\"https:\/\/abifer.org.br\/wp-content\/uploads\/2018\/05\/ABF_001_LogoSlogan.jpg\",\"contentUrl\":\"https:\/\/abifer.org.br\/wp-content\/uploads\/2018\/05\/ABF_001_LogoSlogan.jpg\",\"width\":1182,\"height\":486,\"caption\":\"ABIFER\"},\"image\":{\"@id\":\"https:\/\/abifer.org.br\/#logo\"}},{\"@type\":\"WebSite\",\"@id\":\"https:\/\/abifer.org.br\/#website\",\"url\":\"https:\/\/abifer.org.br\/\",\"name\":\"ABIFER\",\"description\":\"Associa\u00e7\u00e3o Brasileira da Ind\u00fastria Ferrovi\u00e1ria\",\"publisher\":{\"@id\":\"https:\/\/abifer.org.br\/#organization\"},\"potentialAction\":[{\"@type\":\"SearchAction\",\"target\":{\"@type\":\"EntryPoint\",\"urlTemplate\":\"https:\/\/abifer.org.br\/?s={search_term_string}\"},\"query-input\":\"required name=search_term_string\"}],\"inLanguage\":\"pt-BR\"},{\"@type\":\"ImageObject\",\"@id\":\"https:\/\/abifer.org.br\/ferrovia-que-lula-sonhou-para-o-ne-agora-tem-tracado-eliminando-pernambuco\/#primaryimage\",\"inLanguage\":\"pt-BR\",\"url\":\"https:\/\/abifer.org.br\/wp-content\/uploads\/2026\/02\/NOTICIAS-DO-MERCADO.jpg\",\"contentUrl\":\"https:\/\/abifer.org.br\/wp-content\/uploads\/2026\/02\/NOTICIAS-DO-MERCADO.jpg\",\"width\":1920,\"height\":1080},{\"@type\":\"WebPage\",\"@id\":\"https:\/\/abifer.org.br\/ferrovia-que-lula-sonhou-para-o-ne-agora-tem-tracado-eliminando-pernambuco\/#webpage\",\"url\":\"https:\/\/abifer.org.br\/ferrovia-que-lula-sonhou-para-o-ne-agora-tem-tracado-eliminando-pernambuco\/\",\"name\":\"Ferrovia que Lula sonhou para o NE agora tem tra\u00e7ado eliminando Pernambuco\",\"isPartOf\":{\"@id\":\"https:\/\/abifer.org.br\/#website\"},\"primaryImageOfPage\":{\"@id\":\"https:\/\/abifer.org.br\/ferrovia-que-lula-sonhou-para-o-ne-agora-tem-tracado-eliminando-pernambuco\/#primaryimage\"},\"datePublished\":\"2026-08-31T16:51:38+00:00\",\"dateModified\":\"2026-08-31T16:51:38+00:00\",\"breadcrumb\":{\"@id\":\"https:\/\/abifer.org.br\/ferrovia-que-lula-sonhou-para-o-ne-agora-tem-tracado-eliminando-pernambuco\/#breadcrumb\"},\"inLanguage\":\"pt-BR\",\"potentialAction\":[{\"@type\":\"ReadAction\",\"target\":[\"https:\/\/abifer.org.br\/ferrovia-que-lula-sonhou-para-o-ne-agora-tem-tracado-eliminando-pernambuco\/\"]}]},{\"@type\":\"BreadcrumbList\",\"@id\":\"https:\/\/abifer.org.br\/ferrovia-que-lula-sonhou-para-o-ne-agora-tem-tracado-eliminando-pernambuco\/#breadcrumb\",\"itemListElement\":[{\"@type\":\"ListItem\",\"position\":1,\"name\":\"In\u00edcio\",\"item\":\"https:\/\/abifer.org.br\/\"},{\"@type\":\"ListItem\",\"position\":2,\"name\":\"Ferrovia que Lula sonhou para o NE agora tem tra\u00e7ado eliminando Pernambuco\"}]},{\"@type\":\"Article\",\"@id\":\"https:\/\/abifer.org.br\/ferrovia-que-lula-sonhou-para-o-ne-agora-tem-tracado-eliminando-pernambuco\/#article\",\"isPartOf\":{\"@id\":\"https:\/\/abifer.org.br\/ferrovia-que-lula-sonhou-para-o-ne-agora-tem-tracado-eliminando-pernambuco\/#webpage\"},\"author\":{\"@id\":\"https:\/\/abifer.org.br\/#\/schema\/person\/7d71286f9a2112b9c77202d80fdf13ef\"},\"headline\":\"Ferrovia que Lula sonhou para o NE agora tem tra\u00e7ado eliminando Pernambuco\",\"datePublished\":\"2026-08-31T16:51:38+00:00\",\"dateModified\":\"2026-08-31T16:51:38+00:00\",\"mainEntityOfPage\":{\"@id\":\"https:\/\/abifer.org.br\/ferrovia-que-lula-sonhou-para-o-ne-agora-tem-tracado-eliminando-pernambuco\/#webpage\"},\"wordCount\":1485,\"publisher\":{\"@id\":\"https:\/\/abifer.org.br\/#organization\"},\"image\":{\"@id\":\"https:\/\/abifer.org.br\/ferrovia-que-lula-sonhou-para-o-ne-agora-tem-tracado-eliminando-pernambuco\/#primaryimage\"},\"thumbnailUrl\":\"https:\/\/abifer.org.br\/wp-content\/uploads\/2026\/02\/NOTICIAS-DO-MERCADO.jpg\",\"articleSection\":[\"Not\u00edcias do Mercado\"],\"inLanguage\":\"pt-BR\"},{\"@type\":\"Person\",\"@id\":\"https:\/\/abifer.org.br\/#\/schema\/person\/7d71286f9a2112b9c77202d80fdf13ef\",\"name\":\"Assessoria de Imprensa\",\"url\":\"https:\/\/abifer.org.br\/author\/assessoria-de-imprensa\/\"}]}<\/script>\n<!-- \/ Yoast SEO plugin. -->","yoast_head_json":{"title":"Ferrovia que Lula sonhou para o NE agora tem tra\u00e7ado eliminando Pernambuco","robots":{"index":"index","follow":"follow","max-snippet":"max-snippet:-1","max-image-preview":"max-image-preview:large","max-video-preview":"max-video-preview:-1"},"canonical":"https:\/\/abifer.org.br\/ferrovia-que-lula-sonhou-para-o-ne-agora-tem-tracado-eliminando-pernambuco\/","og_locale":"pt_BR","og_type":"article","og_title":"Ferrovia que Lula sonhou para o NE agora tem tra\u00e7ado eliminando Pernambuco","og_description":"Fonte: Jornal do Comm\u00e9rcio Data: 30\/08\/2026 &nbsp; Foi assim. No dia 5 de junho de 2006, o presidente Lu\u00eds In\u00e1cio Lula da Silva esteve na cidade de Miss\u00e3o Velha, no interior do Cear\u00e1, para dar in\u00edcio \u00e0s obras da Ferrovia Transnordestina, uma estrada de ferro constitu\u00edda de dois grandes eixos que ligariam o interior do [&hellip;]","og_url":"https:\/\/abifer.org.br\/ferrovia-que-lula-sonhou-para-o-ne-agora-tem-tracado-eliminando-pernambuco\/","og_site_name":"ABIFER","article_publisher":"https:\/\/www.facebook.com\/abiferoficial\/","article_published_time":"2026-08-31T16:51:38+00:00","og_image":[{"width":1920,"height":1080,"url":"http:\/\/abifer.org.br\/wp-content\/uploads\/2026\/02\/NOTICIAS-DO-MERCADO.jpg","type":"image\/jpeg"}],"twitter_card":"summary_large_image","twitter_creator":"@abiferoficial","twitter_site":"@abiferoficial","twitter_misc":{"Escrito por":"Assessoria de Imprensa","Est. tempo de leitura":"7 minutos"},"schema":{"@context":"https:\/\/schema.org","@graph":[{"@type":"Organization","@id":"https:\/\/abifer.org.br\/#organization","name":"ABIFER","url":"https:\/\/abifer.org.br\/","sameAs":["https:\/\/www.facebook.com\/abiferoficial\/","https:\/\/www.linkedin.com\/company\/abiferoficial\/","https:\/\/twitter.com\/abiferoficial"],"logo":{"@type":"ImageObject","@id":"https:\/\/abifer.org.br\/#logo","inLanguage":"pt-BR","url":"https:\/\/abifer.org.br\/wp-content\/uploads\/2018\/05\/ABF_001_LogoSlogan.jpg","contentUrl":"https:\/\/abifer.org.br\/wp-content\/uploads\/2018\/05\/ABF_001_LogoSlogan.jpg","width":1182,"height":486,"caption":"ABIFER"},"image":{"@id":"https:\/\/abifer.org.br\/#logo"}},{"@type":"WebSite","@id":"https:\/\/abifer.org.br\/#website","url":"https:\/\/abifer.org.br\/","name":"ABIFER","description":"Associa\u00e7\u00e3o Brasileira da Ind\u00fastria Ferrovi\u00e1ria","publisher":{"@id":"https:\/\/abifer.org.br\/#organization"},"potentialAction":[{"@type":"SearchAction","target":{"@type":"EntryPoint","urlTemplate":"https:\/\/abifer.org.br\/?s={search_term_string}"},"query-input":"required name=search_term_string"}],"inLanguage":"pt-BR"},{"@type":"ImageObject","@id":"https:\/\/abifer.org.br\/ferrovia-que-lula-sonhou-para-o-ne-agora-tem-tracado-eliminando-pernambuco\/#primaryimage","inLanguage":"pt-BR","url":"https:\/\/abifer.org.br\/wp-content\/uploads\/2026\/02\/NOTICIAS-DO-MERCADO.jpg","contentUrl":"https:\/\/abifer.org.br\/wp-content\/uploads\/2026\/02\/NOTICIAS-DO-MERCADO.jpg","width":1920,"height":1080},{"@type":"WebPage","@id":"https:\/\/abifer.org.br\/ferrovia-que-lula-sonhou-para-o-ne-agora-tem-tracado-eliminando-pernambuco\/#webpage","url":"https:\/\/abifer.org.br\/ferrovia-que-lula-sonhou-para-o-ne-agora-tem-tracado-eliminando-pernambuco\/","name":"Ferrovia que Lula sonhou para o NE agora tem tra\u00e7ado eliminando Pernambuco","isPartOf":{"@id":"https:\/\/abifer.org.br\/#website"},"primaryImageOfPage":{"@id":"https:\/\/abifer.org.br\/ferrovia-que-lula-sonhou-para-o-ne-agora-tem-tracado-eliminando-pernambuco\/#primaryimage"},"datePublished":"2026-08-31T16:51:38+00:00","dateModified":"2026-08-31T16:51:38+00:00","breadcrumb":{"@id":"https:\/\/abifer.org.br\/ferrovia-que-lula-sonhou-para-o-ne-agora-tem-tracado-eliminando-pernambuco\/#breadcrumb"},"inLanguage":"pt-BR","potentialAction":[{"@type":"ReadAction","target":["https:\/\/abifer.org.br\/ferrovia-que-lula-sonhou-para-o-ne-agora-tem-tracado-eliminando-pernambuco\/"]}]},{"@type":"BreadcrumbList","@id":"https:\/\/abifer.org.br\/ferrovia-que-lula-sonhou-para-o-ne-agora-tem-tracado-eliminando-pernambuco\/#breadcrumb","itemListElement":[{"@type":"ListItem","position":1,"name":"In\u00edcio","item":"https:\/\/abifer.org.br\/"},{"@type":"ListItem","position":2,"name":"Ferrovia que Lula sonhou para o NE agora tem tra\u00e7ado eliminando Pernambuco"}]},{"@type":"Article","@id":"https:\/\/abifer.org.br\/ferrovia-que-lula-sonhou-para-o-ne-agora-tem-tracado-eliminando-pernambuco\/#article","isPartOf":{"@id":"https:\/\/abifer.org.br\/ferrovia-que-lula-sonhou-para-o-ne-agora-tem-tracado-eliminando-pernambuco\/#webpage"},"author":{"@id":"https:\/\/abifer.org.br\/#\/schema\/person\/7d71286f9a2112b9c77202d80fdf13ef"},"headline":"Ferrovia que Lula sonhou para o NE agora tem tra\u00e7ado eliminando Pernambuco","datePublished":"2026-08-31T16:51:38+00:00","dateModified":"2026-08-31T16:51:38+00:00","mainEntityOfPage":{"@id":"https:\/\/abifer.org.br\/ferrovia-que-lula-sonhou-para-o-ne-agora-tem-tracado-eliminando-pernambuco\/#webpage"},"wordCount":1485,"publisher":{"@id":"https:\/\/abifer.org.br\/#organization"},"image":{"@id":"https:\/\/abifer.org.br\/ferrovia-que-lula-sonhou-para-o-ne-agora-tem-tracado-eliminando-pernambuco\/#primaryimage"},"thumbnailUrl":"https:\/\/abifer.org.br\/wp-content\/uploads\/2026\/02\/NOTICIAS-DO-MERCADO.jpg","articleSection":["Not\u00edcias do Mercado"],"inLanguage":"pt-BR"},{"@type":"Person","@id":"https:\/\/abifer.org.br\/#\/schema\/person\/7d71286f9a2112b9c77202d80fdf13ef","name":"Assessoria de Imprensa","url":"https:\/\/abifer.org.br\/author\/assessoria-de-imprensa\/"}]}},"_links":{"self":[{"href":"https:\/\/abifer.org.br\/en\/wp-json\/wp\/v2\/posts\/95768\/"}],"collection":[{"href":"https:\/\/abifer.org.br\/en\/wp-json\/wp\/v2\/posts\/"}],"about":[{"href":"https:\/\/abifer.org.br\/en\/wp-json\/wp\/v2\/types\/post\/"}],"author":[{"embeddable":true,"href":"https:\/\/abifer.org.br\/en\/wp-json\/wp\/v2\/users\/18091994\/"}],"replies":[{"embeddable":true,"href":"https:\/\/abifer.org.br\/en\/wp-json\/wp\/v2\/comments\/?post=95768"}],"version-history":[{"count":1,"href":"https:\/\/abifer.org.br\/en\/wp-json\/wp\/v2\/posts\/95768\/revisions\/"}],"predecessor-version":[{"id":95769,"href":"https:\/\/abifer.org.br\/en\/wp-json\/wp\/v2\/posts\/95768\/revisions\/95769\/"}],"wp:featuredmedia":[{"embeddable":true,"href":"https:\/\/abifer.org.br\/en\/wp-json\/wp\/v2\/media\/92535\/"}],"wp:attachment":[{"href":"https:\/\/abifer.org.br\/en\/wp-json\/wp\/v2\/media\/?parent=95768"}],"wp:term":[{"taxonomy":"category","embeddable":true,"href":"https:\/\/abifer.org.br\/en\/wp-json\/wp\/v2\/categories\/?post=95768"},{"taxonomy":"post_tag","embeddable":true,"href":"https:\/\/abifer.org.br\/en\/wp-json\/wp\/v2\/tags\/?post=95768"}],"curies":[{"name":"wp","href":"https:\/\/api.w.org\/{rel}","templated":true}]}}