{"id":95772,"date":"2026-08-31T14:10:39","date_gmt":"2026-08-31T17:10:39","guid":{"rendered":"https:\/\/abifer.org.br\/?p=95772"},"modified":"2026-08-31T14:10:39","modified_gmt":"2026-08-31T17:10:39","slug":"concessao-da-fca-para-operar-a-malha-centro-leste-e-estendida-por-2-anos","status":"publish","type":"post","link":"https:\/\/abifer.org.br\/en\/concessao-da-fca-para-operar-a-malha-centro-leste-e-estendida-por-2-anos\/","title":{"rendered":"Concess\u00e3o da FCA para operar a Malha Centro-Leste \u00e9 estendida por 2 anos"},"content":{"rendered":"<pre style=\"font-weight: 400;text-align: right\"><a href=\"https:\/\/valor.globo.com\/empresas\/noticia\/2026\/08\/28\/concessao-da-fca-para-operar-a-malha-centro-leste-e-estendida-por-2-anos.ghtml\" target=\"_blank\" rel=\"noopener\"><strong><em>Fonte: Valor Econ\u00f4mico\r\nData: 28\/08\/2026<\/em><\/strong><\/a><\/pre>\n<p>&nbsp;<\/p>\n<div data-block-type=\"unstyled\" data-block-weight=\"46\" data-pf_style_display=\"block\" data-pf_style_visibility=\"visible\">\n<p class=\"\" data-track-category=\"Link no Texto\" data-track-links=\"\" data-pf_style_display=\"block\" data-pf_style_visibility=\"visible\"><span class=\"text-node\">A\u00a0<\/span><strong data-pf_style_display=\"inline\" data-pf_style_visibility=\"visible\"><span class=\"text-node\">concession\u00e1ria Ferrovia Centro-Atl\u00e2ntica\u00a0<\/span><\/strong><span class=\"text-node\">(<\/span><strong data-pf_style_display=\"inline\" data-pf_style_visibility=\"visible\"><span class=\"text-node\">FCA<\/span><\/strong><span class=\"text-node\">), que opera a\u00a0<\/span><strong data-pf_style_display=\"inline\" data-pf_style_visibility=\"visible\"><span class=\"text-node\">Malha Centro-Leste<\/span><\/strong><span class=\"text-node\">, teve a\u00a0<\/span><strong data-pf_style_display=\"inline\" data-pf_style_visibility=\"visible\"><span class=\"text-node\">concess\u00e3o<\/span><\/strong><span class=\"text-node\">\u00a0estendida por 24 meses a contar de 1\u00ba de setembro. A operadora, pertencente ao grupo\u00a0<\/span><strong data-pf_style_display=\"inline\" data-pf_style_visibility=\"visible\"><span class=\"text-node\">VLI<\/span><\/strong><span class=\"text-node\">, informou, nesta sexta-feira (28), ter celebrado com a Uni\u00e3o o 8\u00ba termo aditivo ao contrato de concess\u00e3o.<\/span><\/p>\n<\/div>\n<div data-block-type=\"unstyled\" data-block-weight=\"30\" data-pf_style_display=\"block\" data-pf_style_visibility=\"visible\">\n<p data-track-category=\"Link no Texto\" data-track-links=\"\" data-pf_style_display=\"block\" data-pf_style_visibility=\"visible\"><span class=\"text-node\">Segundo a FCA, o aditivo garante a continuidade da presta\u00e7\u00e3o do servi\u00e7o de transporte ferrovi\u00e1rio de cargas, bem como a conserva\u00e7\u00e3o, vigil\u00e2ncia e guarda do patrim\u00f4nio ferrovi\u00e1rio da Malha Centro-Leste.<\/span><\/p>\n<\/div>\n<div data-block-type=\"unstyled\" data-block-weight=\"42\" data-pf_style_display=\"block\" data-pf_style_visibility=\"visible\">\n<p data-track-category=\"Link no Texto\" data-track-links=\"\" data-pf_style_display=\"block\" data-pf_style_visibility=\"visible\"><span class=\"text-node\">O instrumento prev\u00ea tamb\u00e9m a realiza\u00e7\u00e3o de encontro de contas entre a concession\u00e1ria e o poder concedente, \u201cabrangendo cr\u00e9ditos regulat\u00f3rios, investimentos n\u00e3o amortizados, pleitos de reequil\u00edbrio econ\u00f4mico-financeiro e demais passivos eventualmente apurados durante o per\u00edodo da extens\u00e3o\u201d, afirma a empresa no comunicado.<\/span><\/p>\n<\/div>\n<div data-block-type=\"unstyled\" data-block-weight=\"28\" data-pf_style_display=\"block\" data-pf_style_visibility=\"visible\">\n<p class=\"\" data-track-category=\"Link no Texto\" data-track-links=\"\" data-pf_style_display=\"block\" data-pf_style_visibility=\"visible\"><span class=\"text-node\">A FCA diz ainda que segue em tratativas com os \u00f3rg\u00e3os competentes para prorrogar o contrato de concess\u00e3o antes do fim do prazo da extens\u00e3o estabelecido pelo aditivo.<\/span><\/p>\n<\/div>\n","protected":false},"excerpt":{"rendered":"<p>Fonte: Valor Econ\u00f4mico Data: 28\/08\/2026 &nbsp; A\u00a0concession\u00e1ria Ferrovia Centro-Atl\u00e2ntica\u00a0(FCA), que opera a\u00a0Malha Centro-Leste, teve a\u00a0concess\u00e3o\u00a0estendida por 24 meses a contar de 1\u00ba de setembro. A operadora, pertencente ao grupo\u00a0VLI, informou, nesta sexta-feira (28), ter celebrado com a Uni\u00e3o o 8\u00ba termo aditivo ao contrato de concess\u00e3o. Segundo a FCA, o aditivo garante a continuidade da [&hellip;]<\/p>\n","protected":false},"author":18091994,"featured_media":92535,"comment_status":"closed","ping_status":"closed","sticky":false,"template":"","format":"standard","meta":{"footnotes":""},"categories":[875],"tags":[],"class_list":["post-95772","post","type-post","status-publish","format-standard","has-post-thumbnail","hentry","category-noticias-do-mercado"],"acf":[],"yoast_head":"<!-- This site is optimized with the Yoast SEO plugin v18.2 - https:\/\/yoast.com\/wordpress\/plugins\/seo\/ -->\n<title>Concess\u00e3o da FCA para operar a Malha Centro-Leste \u00e9 estendida por 2 anos<\/title>\n<meta name=\"robots\" content=\"index, follow, max-snippet:-1, max-image-preview:large, max-video-preview:-1\" \/>\n<link rel=\"canonical\" href=\"https:\/\/abifer.org.br\/concessao-da-fca-para-operar-a-malha-centro-leste-e-estendida-por-2-anos\/\" \/>\n<meta property=\"og:locale\" content=\"pt_BR\" \/>\n<meta property=\"og:type\" content=\"article\" \/>\n<meta property=\"og:title\" content=\"Concess\u00e3o da FCA para operar a Malha Centro-Leste \u00e9 estendida por 2 anos\" \/>\n<meta property=\"og:description\" content=\"Fonte: Valor Econ\u00f4mico Data: 28\/08\/2026 &nbsp; A\u00a0concession\u00e1ria Ferrovia Centro-Atl\u00e2ntica\u00a0(FCA), que opera a\u00a0Malha Centro-Leste, teve a\u00a0concess\u00e3o\u00a0estendida por 24 meses a contar de 1\u00ba de setembro. A operadora, pertencente ao grupo\u00a0VLI, informou, nesta sexta-feira (28), ter celebrado com a Uni\u00e3o o 8\u00ba termo aditivo ao contrato de concess\u00e3o. Segundo a FCA, o aditivo garante a continuidade da [&hellip;]\" \/>\n<meta property=\"og:url\" content=\"https:\/\/abifer.org.br\/concessao-da-fca-para-operar-a-malha-centro-leste-e-estendida-por-2-anos\/\" \/>\n<meta property=\"og:site_name\" content=\"ABIFER\" \/>\n<meta property=\"article:publisher\" content=\"https:\/\/www.facebook.com\/abiferoficial\/\" \/>\n<meta property=\"article:published_time\" content=\"2026-08-31T17:10:39+00:00\" \/>\n<meta property=\"og:image\" content=\"http:\/\/abifer.org.br\/wp-content\/uploads\/2026\/02\/NOTICIAS-DO-MERCADO.jpg\" \/>\n\t<meta property=\"og:image:width\" content=\"1920\" \/>\n\t<meta property=\"og:image:height\" content=\"1080\" \/>\n\t<meta property=\"og:image:type\" content=\"image\/jpeg\" \/>\n<meta name=\"twitter:card\" content=\"summary_large_image\" \/>\n<meta name=\"twitter:creator\" content=\"@abiferoficial\" \/>\n<meta name=\"twitter:site\" content=\"@abiferoficial\" \/>\n<meta name=\"twitter:label1\" content=\"Escrito por\" \/>\n\t<meta name=\"twitter:data1\" content=\"Assessoria de Imprensa\" \/>\n\t<meta name=\"twitter:label2\" content=\"Est. tempo de leitura\" \/>\n\t<meta name=\"twitter:data2\" content=\"1 minuto\" \/>\n<script type=\"application\/ld+json\" class=\"yoast-schema-graph\">{\"@context\":\"https:\/\/schema.org\",\"@graph\":[{\"@type\":\"Organization\",\"@id\":\"https:\/\/abifer.org.br\/#organization\",\"name\":\"ABIFER\",\"url\":\"https:\/\/abifer.org.br\/\",\"sameAs\":[\"https:\/\/www.facebook.com\/abiferoficial\/\",\"https:\/\/www.linkedin.com\/company\/abiferoficial\/\",\"https:\/\/twitter.com\/abiferoficial\"],\"logo\":{\"@type\":\"ImageObject\",\"@id\":\"https:\/\/abifer.org.br\/#logo\",\"inLanguage\":\"pt-BR\",\"url\":\"https:\/\/abifer.org.br\/wp-content\/uploads\/2018\/05\/ABF_001_LogoSlogan.jpg\",\"contentUrl\":\"https:\/\/abifer.org.br\/wp-content\/uploads\/2018\/05\/ABF_001_LogoSlogan.jpg\",\"width\":1182,\"height\":486,\"caption\":\"ABIFER\"},\"image\":{\"@id\":\"https:\/\/abifer.org.br\/#logo\"}},{\"@type\":\"WebSite\",\"@id\":\"https:\/\/abifer.org.br\/#website\",\"url\":\"https:\/\/abifer.org.br\/\",\"name\":\"ABIFER\",\"description\":\"Associa\u00e7\u00e3o Brasileira da Ind\u00fastria Ferrovi\u00e1ria\",\"publisher\":{\"@id\":\"https:\/\/abifer.org.br\/#organization\"},\"potentialAction\":[{\"@type\":\"SearchAction\",\"target\":{\"@type\":\"EntryPoint\",\"urlTemplate\":\"https:\/\/abifer.org.br\/?s={search_term_string}\"},\"query-input\":\"required name=search_term_string\"}],\"inLanguage\":\"pt-BR\"},{\"@type\":\"ImageObject\",\"@id\":\"https:\/\/abifer.org.br\/concessao-da-fca-para-operar-a-malha-centro-leste-e-estendida-por-2-anos\/#primaryimage\",\"inLanguage\":\"pt-BR\",\"url\":\"https:\/\/abifer.org.br\/wp-content\/uploads\/2026\/02\/NOTICIAS-DO-MERCADO.jpg\",\"contentUrl\":\"https:\/\/abifer.org.br\/wp-content\/uploads\/2026\/02\/NOTICIAS-DO-MERCADO.jpg\",\"width\":1920,\"height\":1080},{\"@type\":\"WebPage\",\"@id\":\"https:\/\/abifer.org.br\/concessao-da-fca-para-operar-a-malha-centro-leste-e-estendida-por-2-anos\/#webpage\",\"url\":\"https:\/\/abifer.org.br\/concessao-da-fca-para-operar-a-malha-centro-leste-e-estendida-por-2-anos\/\",\"name\":\"Concess\u00e3o da FCA para operar a Malha Centro-Leste \u00e9 estendida por 2 anos\",\"isPartOf\":{\"@id\":\"https:\/\/abifer.org.br\/#website\"},\"primaryImageOfPage\":{\"@id\":\"https:\/\/abifer.org.br\/concessao-da-fca-para-operar-a-malha-centro-leste-e-estendida-por-2-anos\/#primaryimage\"},\"datePublished\":\"2026-08-31T17:10:39+00:00\",\"dateModified\":\"2026-08-31T17:10:39+00:00\",\"breadcrumb\":{\"@id\":\"https:\/\/abifer.org.br\/concessao-da-fca-para-operar-a-malha-centro-leste-e-estendida-por-2-anos\/#breadcrumb\"},\"inLanguage\":\"pt-BR\",\"potentialAction\":[{\"@type\":\"ReadAction\",\"target\":[\"https:\/\/abifer.org.br\/concessao-da-fca-para-operar-a-malha-centro-leste-e-estendida-por-2-anos\/\"]}]},{\"@type\":\"BreadcrumbList\",\"@id\":\"https:\/\/abifer.org.br\/concessao-da-fca-para-operar-a-malha-centro-leste-e-estendida-por-2-anos\/#breadcrumb\",\"itemListElement\":[{\"@type\":\"ListItem\",\"position\":1,\"name\":\"In\u00edcio\",\"item\":\"https:\/\/abifer.org.br\/\"},{\"@type\":\"ListItem\",\"position\":2,\"name\":\"Concess\u00e3o da FCA para operar a Malha Centro-Leste \u00e9 estendida por 2 anos\"}]},{\"@type\":\"Article\",\"@id\":\"https:\/\/abifer.org.br\/concessao-da-fca-para-operar-a-malha-centro-leste-e-estendida-por-2-anos\/#article\",\"isPartOf\":{\"@id\":\"https:\/\/abifer.org.br\/concessao-da-fca-para-operar-a-malha-centro-leste-e-estendida-por-2-anos\/#webpage\"},\"author\":{\"@id\":\"https:\/\/abifer.org.br\/#\/schema\/person\/7d71286f9a2112b9c77202d80fdf13ef\"},\"headline\":\"Concess\u00e3o da FCA para operar a Malha Centro-Leste \u00e9 estendida por 2 anos\",\"datePublished\":\"2026-08-31T17:10:39+00:00\",\"dateModified\":\"2026-08-31T17:10:39+00:00\",\"mainEntityOfPage\":{\"@id\":\"https:\/\/abifer.org.br\/concessao-da-fca-para-operar-a-malha-centro-leste-e-estendida-por-2-anos\/#webpage\"},\"wordCount\":180,\"publisher\":{\"@id\":\"https:\/\/abifer.org.br\/#organization\"},\"image\":{\"@id\":\"https:\/\/abifer.org.br\/concessao-da-fca-para-operar-a-malha-centro-leste-e-estendida-por-2-anos\/#primaryimage\"},\"thumbnailUrl\":\"https:\/\/abifer.org.br\/wp-content\/uploads\/2026\/02\/NOTICIAS-DO-MERCADO.jpg\",\"articleSection\":[\"Not\u00edcias do Mercado\"],\"inLanguage\":\"pt-BR\"},{\"@type\":\"Person\",\"@id\":\"https:\/\/abifer.org.br\/#\/schema\/person\/7d71286f9a2112b9c77202d80fdf13ef\",\"name\":\"Assessoria de Imprensa\",\"url\":\"https:\/\/abifer.org.br\/author\/assessoria-de-imprensa\/\"}]}<\/script>\n<!-- \/ Yoast SEO plugin. -->","yoast_head_json":{"title":"Concess\u00e3o da FCA para operar a Malha Centro-Leste \u00e9 estendida por 2 anos","robots":{"index":"index","follow":"follow","max-snippet":"max-snippet:-1","max-image-preview":"max-image-preview:large","max-video-preview":"max-video-preview:-1"},"canonical":"https:\/\/abifer.org.br\/concessao-da-fca-para-operar-a-malha-centro-leste-e-estendida-por-2-anos\/","og_locale":"pt_BR","og_type":"article","og_title":"Concess\u00e3o da FCA para operar a Malha Centro-Leste \u00e9 estendida por 2 anos","og_description":"Fonte: Valor Econ\u00f4mico Data: 28\/08\/2026 &nbsp; A\u00a0concession\u00e1ria Ferrovia Centro-Atl\u00e2ntica\u00a0(FCA), que opera a\u00a0Malha Centro-Leste, teve a\u00a0concess\u00e3o\u00a0estendida por 24 meses a contar de 1\u00ba de setembro. A operadora, pertencente ao grupo\u00a0VLI, informou, nesta sexta-feira (28), ter celebrado com a Uni\u00e3o o 8\u00ba termo aditivo ao contrato de concess\u00e3o. Segundo a FCA, o aditivo garante a continuidade da [&hellip;]","og_url":"https:\/\/abifer.org.br\/concessao-da-fca-para-operar-a-malha-centro-leste-e-estendida-por-2-anos\/","og_site_name":"ABIFER","article_publisher":"https:\/\/www.facebook.com\/abiferoficial\/","article_published_time":"2026-08-31T17:10:39+00:00","og_image":[{"width":1920,"height":1080,"url":"http:\/\/abifer.org.br\/wp-content\/uploads\/2026\/02\/NOTICIAS-DO-MERCADO.jpg","type":"image\/jpeg"}],"twitter_card":"summary_large_image","twitter_creator":"@abiferoficial","twitter_site":"@abiferoficial","twitter_misc":{"Escrito por":"Assessoria de Imprensa","Est. tempo de leitura":"1 minuto"},"schema":{"@context":"https:\/\/schema.org","@graph":[{"@type":"Organization","@id":"https:\/\/abifer.org.br\/#organization","name":"ABIFER","url":"https:\/\/abifer.org.br\/","sameAs":["https:\/\/www.facebook.com\/abiferoficial\/","https:\/\/www.linkedin.com\/company\/abiferoficial\/","https:\/\/twitter.com\/abiferoficial"],"logo":{"@type":"ImageObject","@id":"https:\/\/abifer.org.br\/#logo","inLanguage":"pt-BR","url":"https:\/\/abifer.org.br\/wp-content\/uploads\/2018\/05\/ABF_001_LogoSlogan.jpg","contentUrl":"https:\/\/abifer.org.br\/wp-content\/uploads\/2018\/05\/ABF_001_LogoSlogan.jpg","width":1182,"height":486,"caption":"ABIFER"},"image":{"@id":"https:\/\/abifer.org.br\/#logo"}},{"@type":"WebSite","@id":"https:\/\/abifer.org.br\/#website","url":"https:\/\/abifer.org.br\/","name":"ABIFER","description":"Associa\u00e7\u00e3o Brasileira da Ind\u00fastria Ferrovi\u00e1ria","publisher":{"@id":"https:\/\/abifer.org.br\/#organization"},"potentialAction":[{"@type":"SearchAction","target":{"@type":"EntryPoint","urlTemplate":"https:\/\/abifer.org.br\/?s={search_term_string}"},"query-input":"required name=search_term_string"}],"inLanguage":"pt-BR"},{"@type":"ImageObject","@id":"https:\/\/abifer.org.br\/concessao-da-fca-para-operar-a-malha-centro-leste-e-estendida-por-2-anos\/#primaryimage","inLanguage":"pt-BR","url":"https:\/\/abifer.org.br\/wp-content\/uploads\/2026\/02\/NOTICIAS-DO-MERCADO.jpg","contentUrl":"https:\/\/abifer.org.br\/wp-content\/uploads\/2026\/02\/NOTICIAS-DO-MERCADO.jpg","width":1920,"height":1080},{"@type":"WebPage","@id":"https:\/\/abifer.org.br\/concessao-da-fca-para-operar-a-malha-centro-leste-e-estendida-por-2-anos\/#webpage","url":"https:\/\/abifer.org.br\/concessao-da-fca-para-operar-a-malha-centro-leste-e-estendida-por-2-anos\/","name":"Concess\u00e3o da FCA para operar a Malha Centro-Leste \u00e9 estendida por 2 anos","isPartOf":{"@id":"https:\/\/abifer.org.br\/#website"},"primaryImageOfPage":{"@id":"https:\/\/abifer.org.br\/concessao-da-fca-para-operar-a-malha-centro-leste-e-estendida-por-2-anos\/#primaryimage"},"datePublished":"2026-08-31T17:10:39+00:00","dateModified":"2026-08-31T17:10:39+00:00","breadcrumb":{"@id":"https:\/\/abifer.org.br\/concessao-da-fca-para-operar-a-malha-centro-leste-e-estendida-por-2-anos\/#breadcrumb"},"inLanguage":"pt-BR","potentialAction":[{"@type":"ReadAction","target":["https:\/\/abifer.org.br\/concessao-da-fca-para-operar-a-malha-centro-leste-e-estendida-por-2-anos\/"]}]},{"@type":"BreadcrumbList","@id":"https:\/\/abifer.org.br\/concessao-da-fca-para-operar-a-malha-centro-leste-e-estendida-por-2-anos\/#breadcrumb","itemListElement":[{"@type":"ListItem","position":1,"name":"In\u00edcio","item":"https:\/\/abifer.org.br\/"},{"@type":"ListItem","position":2,"name":"Concess\u00e3o da FCA para operar a Malha Centro-Leste \u00e9 estendida por 2 anos"}]},{"@type":"Article","@id":"https:\/\/abifer.org.br\/concessao-da-fca-para-operar-a-malha-centro-leste-e-estendida-por-2-anos\/#article","isPartOf":{"@id":"https:\/\/abifer.org.br\/concessao-da-fca-para-operar-a-malha-centro-leste-e-estendida-por-2-anos\/#webpage"},"author":{"@id":"https:\/\/abifer.org.br\/#\/schema\/person\/7d71286f9a2112b9c77202d80fdf13ef"},"headline":"Concess\u00e3o da FCA para operar a Malha Centro-Leste \u00e9 estendida por 2 anos","datePublished":"2026-08-31T17:10:39+00:00","dateModified":"2026-08-31T17:10:39+00:00","mainEntityOfPage":{"@id":"https:\/\/abifer.org.br\/concessao-da-fca-para-operar-a-malha-centro-leste-e-estendida-por-2-anos\/#webpage"},"wordCount":180,"publisher":{"@id":"https:\/\/abifer.org.br\/#organization"},"image":{"@id":"https:\/\/abifer.org.br\/concessao-da-fca-para-operar-a-malha-centro-leste-e-estendida-por-2-anos\/#primaryimage"},"thumbnailUrl":"https:\/\/abifer.org.br\/wp-content\/uploads\/2026\/02\/NOTICIAS-DO-MERCADO.jpg","articleSection":["Not\u00edcias do Mercado"],"inLanguage":"pt-BR"},{"@type":"Person","@id":"https:\/\/abifer.org.br\/#\/schema\/person\/7d71286f9a2112b9c77202d80fdf13ef","name":"Assessoria de Imprensa","url":"https:\/\/abifer.org.br\/author\/assessoria-de-imprensa\/"}]}},"_links":{"self":[{"href":"https:\/\/abifer.org.br\/en\/wp-json\/wp\/v2\/posts\/95772\/"}],"collection":[{"href":"https:\/\/abifer.org.br\/en\/wp-json\/wp\/v2\/posts\/"}],"about":[{"href":"https:\/\/abifer.org.br\/en\/wp-json\/wp\/v2\/types\/post\/"}],"author":[{"embeddable":true,"href":"https:\/\/abifer.org.br\/en\/wp-json\/wp\/v2\/users\/18091994\/"}],"replies":[{"embeddable":true,"href":"https:\/\/abifer.org.br\/en\/wp-json\/wp\/v2\/comments\/?post=95772"}],"version-history":[{"count":1,"href":"https:\/\/abifer.org.br\/en\/wp-json\/wp\/v2\/posts\/95772\/revisions\/"}],"predecessor-version":[{"id":95776,"href":"https:\/\/abifer.org.br\/en\/wp-json\/wp\/v2\/posts\/95772\/revisions\/95776\/"}],"wp:featuredmedia":[{"embeddable":true,"href":"https:\/\/abifer.org.br\/en\/wp-json\/wp\/v2\/media\/92535\/"}],"wp:attachment":[{"href":"https:\/\/abifer.org.br\/en\/wp-json\/wp\/v2\/media\/?parent=95772"}],"wp:term":[{"taxonomy":"category","embeddable":true,"href":"https:\/\/abifer.org.br\/en\/wp-json\/wp\/v2\/categories\/?post=95772"},{"taxonomy":"post_tag","embeddable":true,"href":"https:\/\/abifer.org.br\/en\/wp-json\/wp\/v2\/tags\/?post=95772"}],"curies":[{"name":"wp","href":"https:\/\/api.w.org\/{rel}","templated":true}]}}