{"id":95779,"date":"2026-08-31T14:15:25","date_gmt":"2026-08-31T17:15:25","guid":{"rendered":"https:\/\/abifer.org.br\/?p=95779"},"modified":"2026-08-31T15:00:35","modified_gmt":"2026-08-31T18:00:35","slug":"antt-aprova-edital-e-libera-leilao-do-corredor-ferroviario-minas-rio","status":"publish","type":"post","link":"https:\/\/abifer.org.br\/en\/antt-aprova-edital-e-libera-leilao-do-corredor-ferroviario-minas-rio\/","title":{"rendered":"ANTT aprova edital e libera leil\u00e3o do corredor ferrovi\u00e1rio Minas-Rio"},"content":{"rendered":"<pre style=\"font-weight: 400;text-align: right\"><a href=\"https:\/\/www.cnnbrasil.com.br\/infra\/antt-aprova-edital-e-libera-leilao-do-corredor-ferroviario-minas-rio\/\" target=\"_blank\" rel=\"noopener\"><strong><em>Fonte: CNN Brasil\r\nData: 27\/08\/2026<\/em><\/strong><\/a><\/pre>\n<p class=\"my-5 break-words group-[.isActiveSource]:text-xl paragraph_blur_0\">A diretoria colegiada da\u00a0<strong class=\"group-[.isActiveSource]:text-xl group-[.isActiveSource]:font-bold\">ANTT (Ag\u00eancia Nacional de Transportes Terrestres)<\/strong>\u00a0aprovou nesta quinta-feira (27) a vers\u00e3o definitiva do\u00a0<strong class=\"group-[.isActiveSource]:text-xl group-[.isActiveSource]:font-bold\">edital de concess\u00e3o do corredor ferrovi\u00e1rio Minas-Rio.<\/strong><\/p>\n<div id=\"content_1\" class=\"custom__ad__element flex min-h-64 bg-gray-200 justify-center items-center my-4 py-4 bg-[url('\/images\/ad-bg.png')] bg-repeat\" role=\"complementary\" aria-label=\"Publicidade\" data-google-query-id=\"CNfDsNeuy5YDFbM_uQYdHEQlZA\">\n<div id=\"google_ads_iframe_\/21920083859\/artigos_infra_2023_2__container__\">A modelagem prev\u00ea a transfer\u00eancia da opera\u00e7\u00e3o atualmente realizada pela <strong class=\"group-[.isActiveSource]:text-xl group-[.isActiveSource]:font-bold\">FCA (Ferrovia Centro-Atl\u00e2ntica)<\/strong>\u00a0para um futuro operador, que assumir\u00e1 obriga\u00e7\u00f5es de manuten\u00e7\u00e3o, recupera\u00e7\u00e3o e moderniza\u00e7\u00e3o da infraestrutura. O vencedor dever\u00e1 apresentar, em at\u00e9 dois anos ap\u00f3s a assun\u00e7\u00e3o da malha, um plano de recapacita\u00e7\u00e3o, recupera\u00e7\u00e3o e moderniza\u00e7\u00e3o da ferrovia.<\/div>\n<\/div>\n<p class=\"my-5 break-words group-[.isActiveSource]:text-xl\">O projeto abrange cerca de 733 quil\u00f4metros de extens\u00e3o e ser\u00e1 ofertado em dois lotes. O primeiro compreende os trechos entre Iguatama (MG) e Barra Mansa (RJ), al\u00e9m do ramal entre Varginha (MG) e Lavras (MG), enquanto o segundo liga Barra Mansa a Angra dos Reis (RJ).<\/p>\n<p class=\"my-5 break-words group-[.isActiveSource]:text-xl\">A diretoria tamb\u00e9m aprovou ajustes procedimentais no edital. Entre eles, mudan\u00e7as nas regras da etapa de viva-voz do leil\u00e3o. Ap\u00f3s debate entre os diretores, ficou definido que, havendo at\u00e9 tr\u00eas participantes, todos poder\u00e3o seguir para a fase de lances verbais independentemente da diferen\u00e7a entre as propostas apresentadas. Acima desse n\u00famero, ser\u00e1 aplicado um crit\u00e9rio de corte baseado em percentual de diferen\u00e7a em rela\u00e7\u00e3o \u00e0 melhor oferta.<\/p>\n<p class=\"my-5 break-words group-[.isActiveSource]:text-xl\">Segundo a ag\u00eancia, as altera\u00e7\u00f5es t\u00eam car\u00e1ter procedimental e n\u00e3o modificam elementos estruturais da modelagem econ\u00f4mica, jur\u00eddica ou t\u00e9cnica previamente analisada pelo\u00a0<a class=\"text-red-600 underline hover:text-red-500 font-medium break-words group-[.isActiveSource]:text-xl\" href=\"https:\/\/www.cnnbrasil.com.br\/infra\/tcu-deve-analisar-primeiro-chamamento-publico-de-ferrovias-nesta-quinta-6\/\" target=\"_self\" rel=\"noopener\" data-google-interstitial=\"false\">TCU (Tribunal de Contas da Uni\u00e3o)<\/a>. Durante a reuni\u00e3o da diretoria colegiada, a ag\u00eancia tamb\u00e9m reconheceu o cumprimento integral das determina\u00e7\u00f5es e recomenda\u00e7\u00f5es feitas pelo tribunal para a modelagem do projeto.<\/p>\n<p class=\"my-5 break-words group-[.isActiveSource]:text-xl\">O relator do processo, diretor Marcelo Fonseca, afirmou que o\u00a0<a class=\"text-red-600 underline hover:text-red-500 font-medium break-words group-[.isActiveSource]:text-xl\" href=\"https:\/\/www.cnnbrasil.com.br\/infra\/corredor-minas-rio-sera-aprovado-no-tcu-ate-o-final-do-mes-diz-ministro\/\" target=\"_self\" rel=\"noopener\" data-google-interstitial=\"false\">corredor Minas-Rio<\/a>\u00a0servir\u00e1 como<a class=\"text-red-600 underline hover:text-red-500 font-medium break-words group-[.isActiveSource]:text-xl\" href=\"https:\/\/www.cnnbrasil.com.br\/infra\/antt-aprova-primeira-norma-para-consolidar-regras-de-outorgas-ferroviarias\/\" target=\"_self\" rel=\"noopener\" data-google-interstitial=\"false\">\u00a0refer\u00eancia para futuros chamamentos p\u00fablicos de autoriza\u00e7\u00e3o ferrovi\u00e1ria<\/a>. &#8220;Esse primeiro caso que se transforma num lead case, numa refer\u00eancia para todos os futuros que vir\u00e3o de chamamentos p\u00fablicos para autoriza\u00e7\u00e3o.&#8221;<\/p>\n<p class=\"my-5 break-words group-[.isActiveSource]:text-xl\">Segundo ele, o projeto representa uma inova\u00e7\u00e3o por tratar da explora\u00e7\u00e3o de trechos j\u00e1 existentes e anteriormente operados sob regime de concess\u00e3o, diferentemente das autoriza\u00e7\u00f5es ferrovi\u00e1rias j\u00e1 emitidas ap\u00f3s a aprova\u00e7\u00e3o do novo marco regulat\u00f3rio, voltadas majoritariamente a projetos greenfield.<\/p>\n","protected":false},"excerpt":{"rendered":"<p>Fonte: CNN Brasil Data: 27\/08\/2026 A diretoria colegiada da\u00a0ANTT (Ag\u00eancia Nacional de Transportes Terrestres)\u00a0aprovou nesta quinta-feira (27) a vers\u00e3o definitiva do\u00a0edital de concess\u00e3o do corredor ferrovi\u00e1rio Minas-Rio. A modelagem prev\u00ea a transfer\u00eancia da opera\u00e7\u00e3o atualmente realizada pela FCA (Ferrovia Centro-Atl\u00e2ntica)\u00a0para um futuro operador, que assumir\u00e1 obriga\u00e7\u00f5es de manuten\u00e7\u00e3o, recupera\u00e7\u00e3o e moderniza\u00e7\u00e3o da infraestrutura. O vencedor [&hellip;]<\/p>\n","protected":false},"author":18091994,"featured_media":92535,"comment_status":"closed","ping_status":"closed","sticky":false,"template":"","format":"standard","meta":{"footnotes":""},"categories":[875],"tags":[],"class_list":["post-95779","post","type-post","status-publish","format-standard","has-post-thumbnail","hentry","category-noticias-do-mercado"],"acf":[],"yoast_head":"<!-- This site is optimized with the Yoast SEO plugin v18.2 - https:\/\/yoast.com\/wordpress\/plugins\/seo\/ -->\n<title>ANTT aprova edital e libera leil\u00e3o do corredor ferrovi\u00e1rio Minas-Rio<\/title>\n<meta name=\"robots\" content=\"index, follow, max-snippet:-1, max-image-preview:large, max-video-preview:-1\" \/>\n<link rel=\"canonical\" href=\"https:\/\/abifer.org.br\/antt-aprova-edital-e-libera-leilao-do-corredor-ferroviario-minas-rio\/\" \/>\n<meta property=\"og:locale\" content=\"pt_BR\" \/>\n<meta property=\"og:type\" content=\"article\" \/>\n<meta property=\"og:title\" content=\"ANTT aprova edital e libera leil\u00e3o do corredor ferrovi\u00e1rio Minas-Rio\" \/>\n<meta property=\"og:description\" content=\"Fonte: CNN Brasil Data: 27\/08\/2026 A diretoria colegiada da\u00a0ANTT (Ag\u00eancia Nacional de Transportes Terrestres)\u00a0aprovou nesta quinta-feira (27) a vers\u00e3o definitiva do\u00a0edital de concess\u00e3o do corredor ferrovi\u00e1rio Minas-Rio. A modelagem prev\u00ea a transfer\u00eancia da opera\u00e7\u00e3o atualmente realizada pela FCA (Ferrovia Centro-Atl\u00e2ntica)\u00a0para um futuro operador, que assumir\u00e1 obriga\u00e7\u00f5es de manuten\u00e7\u00e3o, recupera\u00e7\u00e3o e moderniza\u00e7\u00e3o da infraestrutura. O vencedor [&hellip;]\" \/>\n<meta property=\"og:url\" content=\"https:\/\/abifer.org.br\/antt-aprova-edital-e-libera-leilao-do-corredor-ferroviario-minas-rio\/\" \/>\n<meta property=\"og:site_name\" content=\"ABIFER\" \/>\n<meta property=\"article:publisher\" content=\"https:\/\/www.facebook.com\/abiferoficial\/\" \/>\n<meta property=\"article:published_time\" content=\"2026-08-31T17:15:25+00:00\" \/>\n<meta property=\"article:modified_time\" content=\"2026-08-31T18:00:35+00:00\" \/>\n<meta property=\"og:image\" content=\"http:\/\/abifer.org.br\/wp-content\/uploads\/2026\/02\/NOTICIAS-DO-MERCADO.jpg\" \/>\n\t<meta property=\"og:image:width\" content=\"1920\" \/>\n\t<meta property=\"og:image:height\" content=\"1080\" \/>\n\t<meta property=\"og:image:type\" content=\"image\/jpeg\" \/>\n<meta name=\"twitter:card\" content=\"summary_large_image\" \/>\n<meta name=\"twitter:creator\" content=\"@abiferoficial\" \/>\n<meta name=\"twitter:site\" content=\"@abiferoficial\" \/>\n<meta name=\"twitter:label1\" content=\"Escrito por\" \/>\n\t<meta name=\"twitter:data1\" content=\"Assessoria de Imprensa\" \/>\n\t<meta name=\"twitter:label2\" content=\"Est. tempo de leitura\" \/>\n\t<meta name=\"twitter:data2\" content=\"2 minutos\" \/>\n<script type=\"application\/ld+json\" class=\"yoast-schema-graph\">{\"@context\":\"https:\/\/schema.org\",\"@graph\":[{\"@type\":\"Organization\",\"@id\":\"https:\/\/abifer.org.br\/#organization\",\"name\":\"ABIFER\",\"url\":\"https:\/\/abifer.org.br\/\",\"sameAs\":[\"https:\/\/www.facebook.com\/abiferoficial\/\",\"https:\/\/www.linkedin.com\/company\/abiferoficial\/\",\"https:\/\/twitter.com\/abiferoficial\"],\"logo\":{\"@type\":\"ImageObject\",\"@id\":\"https:\/\/abifer.org.br\/#logo\",\"inLanguage\":\"pt-BR\",\"url\":\"https:\/\/abifer.org.br\/wp-content\/uploads\/2018\/05\/ABF_001_LogoSlogan.jpg\",\"contentUrl\":\"https:\/\/abifer.org.br\/wp-content\/uploads\/2018\/05\/ABF_001_LogoSlogan.jpg\",\"width\":1182,\"height\":486,\"caption\":\"ABIFER\"},\"image\":{\"@id\":\"https:\/\/abifer.org.br\/#logo\"}},{\"@type\":\"WebSite\",\"@id\":\"https:\/\/abifer.org.br\/#website\",\"url\":\"https:\/\/abifer.org.br\/\",\"name\":\"ABIFER\",\"description\":\"Associa\u00e7\u00e3o Brasileira da Ind\u00fastria Ferrovi\u00e1ria\",\"publisher\":{\"@id\":\"https:\/\/abifer.org.br\/#organization\"},\"potentialAction\":[{\"@type\":\"SearchAction\",\"target\":{\"@type\":\"EntryPoint\",\"urlTemplate\":\"https:\/\/abifer.org.br\/?s={search_term_string}\"},\"query-input\":\"required name=search_term_string\"}],\"inLanguage\":\"pt-BR\"},{\"@type\":\"ImageObject\",\"@id\":\"https:\/\/abifer.org.br\/antt-aprova-edital-e-libera-leilao-do-corredor-ferroviario-minas-rio\/#primaryimage\",\"inLanguage\":\"pt-BR\",\"url\":\"https:\/\/abifer.org.br\/wp-content\/uploads\/2026\/02\/NOTICIAS-DO-MERCADO.jpg\",\"contentUrl\":\"https:\/\/abifer.org.br\/wp-content\/uploads\/2026\/02\/NOTICIAS-DO-MERCADO.jpg\",\"width\":1920,\"height\":1080},{\"@type\":\"WebPage\",\"@id\":\"https:\/\/abifer.org.br\/antt-aprova-edital-e-libera-leilao-do-corredor-ferroviario-minas-rio\/#webpage\",\"url\":\"https:\/\/abifer.org.br\/antt-aprova-edital-e-libera-leilao-do-corredor-ferroviario-minas-rio\/\",\"name\":\"ANTT aprova edital e libera leil\u00e3o do corredor ferrovi\u00e1rio Minas-Rio\",\"isPartOf\":{\"@id\":\"https:\/\/abifer.org.br\/#website\"},\"primaryImageOfPage\":{\"@id\":\"https:\/\/abifer.org.br\/antt-aprova-edital-e-libera-leilao-do-corredor-ferroviario-minas-rio\/#primaryimage\"},\"datePublished\":\"2026-08-31T17:15:25+00:00\",\"dateModified\":\"2026-08-31T18:00:35+00:00\",\"breadcrumb\":{\"@id\":\"https:\/\/abifer.org.br\/antt-aprova-edital-e-libera-leilao-do-corredor-ferroviario-minas-rio\/#breadcrumb\"},\"inLanguage\":\"pt-BR\",\"potentialAction\":[{\"@type\":\"ReadAction\",\"target\":[\"https:\/\/abifer.org.br\/antt-aprova-edital-e-libera-leilao-do-corredor-ferroviario-minas-rio\/\"]}]},{\"@type\":\"BreadcrumbList\",\"@id\":\"https:\/\/abifer.org.br\/antt-aprova-edital-e-libera-leilao-do-corredor-ferroviario-minas-rio\/#breadcrumb\",\"itemListElement\":[{\"@type\":\"ListItem\",\"position\":1,\"name\":\"In\u00edcio\",\"item\":\"https:\/\/abifer.org.br\/\"},{\"@type\":\"ListItem\",\"position\":2,\"name\":\"ANTT aprova edital e libera leil\u00e3o do corredor ferrovi\u00e1rio Minas-Rio\"}]},{\"@type\":\"Article\",\"@id\":\"https:\/\/abifer.org.br\/antt-aprova-edital-e-libera-leilao-do-corredor-ferroviario-minas-rio\/#article\",\"isPartOf\":{\"@id\":\"https:\/\/abifer.org.br\/antt-aprova-edital-e-libera-leilao-do-corredor-ferroviario-minas-rio\/#webpage\"},\"author\":{\"@id\":\"https:\/\/abifer.org.br\/#\/schema\/person\/7d71286f9a2112b9c77202d80fdf13ef\"},\"headline\":\"ANTT aprova edital e libera leil\u00e3o do corredor ferrovi\u00e1rio Minas-Rio\",\"datePublished\":\"2026-08-31T17:15:25+00:00\",\"dateModified\":\"2026-08-31T18:00:35+00:00\",\"mainEntityOfPage\":{\"@id\":\"https:\/\/abifer.org.br\/antt-aprova-edital-e-libera-leilao-do-corredor-ferroviario-minas-rio\/#webpage\"},\"wordCount\":393,\"publisher\":{\"@id\":\"https:\/\/abifer.org.br\/#organization\"},\"image\":{\"@id\":\"https:\/\/abifer.org.br\/antt-aprova-edital-e-libera-leilao-do-corredor-ferroviario-minas-rio\/#primaryimage\"},\"thumbnailUrl\":\"https:\/\/abifer.org.br\/wp-content\/uploads\/2026\/02\/NOTICIAS-DO-MERCADO.jpg\",\"articleSection\":[\"Not\u00edcias do Mercado\"],\"inLanguage\":\"pt-BR\"},{\"@type\":\"Person\",\"@id\":\"https:\/\/abifer.org.br\/#\/schema\/person\/7d71286f9a2112b9c77202d80fdf13ef\",\"name\":\"Assessoria de Imprensa\",\"url\":\"https:\/\/abifer.org.br\/author\/assessoria-de-imprensa\/\"}]}<\/script>\n<!-- \/ Yoast SEO plugin. -->","yoast_head_json":{"title":"ANTT aprova edital e libera leil\u00e3o do corredor ferrovi\u00e1rio Minas-Rio","robots":{"index":"index","follow":"follow","max-snippet":"max-snippet:-1","max-image-preview":"max-image-preview:large","max-video-preview":"max-video-preview:-1"},"canonical":"https:\/\/abifer.org.br\/antt-aprova-edital-e-libera-leilao-do-corredor-ferroviario-minas-rio\/","og_locale":"pt_BR","og_type":"article","og_title":"ANTT aprova edital e libera leil\u00e3o do corredor ferrovi\u00e1rio Minas-Rio","og_description":"Fonte: CNN Brasil Data: 27\/08\/2026 A diretoria colegiada da\u00a0ANTT (Ag\u00eancia Nacional de Transportes Terrestres)\u00a0aprovou nesta quinta-feira (27) a vers\u00e3o definitiva do\u00a0edital de concess\u00e3o do corredor ferrovi\u00e1rio Minas-Rio. A modelagem prev\u00ea a transfer\u00eancia da opera\u00e7\u00e3o atualmente realizada pela FCA (Ferrovia Centro-Atl\u00e2ntica)\u00a0para um futuro operador, que assumir\u00e1 obriga\u00e7\u00f5es de manuten\u00e7\u00e3o, recupera\u00e7\u00e3o e moderniza\u00e7\u00e3o da infraestrutura. O vencedor [&hellip;]","og_url":"https:\/\/abifer.org.br\/antt-aprova-edital-e-libera-leilao-do-corredor-ferroviario-minas-rio\/","og_site_name":"ABIFER","article_publisher":"https:\/\/www.facebook.com\/abiferoficial\/","article_published_time":"2026-08-31T17:15:25+00:00","article_modified_time":"2026-08-31T18:00:35+00:00","og_image":[{"width":1920,"height":1080,"url":"http:\/\/abifer.org.br\/wp-content\/uploads\/2026\/02\/NOTICIAS-DO-MERCADO.jpg","type":"image\/jpeg"}],"twitter_card":"summary_large_image","twitter_creator":"@abiferoficial","twitter_site":"@abiferoficial","twitter_misc":{"Escrito por":"Assessoria de Imprensa","Est. tempo de leitura":"2 minutos"},"schema":{"@context":"https:\/\/schema.org","@graph":[{"@type":"Organization","@id":"https:\/\/abifer.org.br\/#organization","name":"ABIFER","url":"https:\/\/abifer.org.br\/","sameAs":["https:\/\/www.facebook.com\/abiferoficial\/","https:\/\/www.linkedin.com\/company\/abiferoficial\/","https:\/\/twitter.com\/abiferoficial"],"logo":{"@type":"ImageObject","@id":"https:\/\/abifer.org.br\/#logo","inLanguage":"pt-BR","url":"https:\/\/abifer.org.br\/wp-content\/uploads\/2018\/05\/ABF_001_LogoSlogan.jpg","contentUrl":"https:\/\/abifer.org.br\/wp-content\/uploads\/2018\/05\/ABF_001_LogoSlogan.jpg","width":1182,"height":486,"caption":"ABIFER"},"image":{"@id":"https:\/\/abifer.org.br\/#logo"}},{"@type":"WebSite","@id":"https:\/\/abifer.org.br\/#website","url":"https:\/\/abifer.org.br\/","name":"ABIFER","description":"Associa\u00e7\u00e3o Brasileira da Ind\u00fastria Ferrovi\u00e1ria","publisher":{"@id":"https:\/\/abifer.org.br\/#organization"},"potentialAction":[{"@type":"SearchAction","target":{"@type":"EntryPoint","urlTemplate":"https:\/\/abifer.org.br\/?s={search_term_string}"},"query-input":"required name=search_term_string"}],"inLanguage":"pt-BR"},{"@type":"ImageObject","@id":"https:\/\/abifer.org.br\/antt-aprova-edital-e-libera-leilao-do-corredor-ferroviario-minas-rio\/#primaryimage","inLanguage":"pt-BR","url":"https:\/\/abifer.org.br\/wp-content\/uploads\/2026\/02\/NOTICIAS-DO-MERCADO.jpg","contentUrl":"https:\/\/abifer.org.br\/wp-content\/uploads\/2026\/02\/NOTICIAS-DO-MERCADO.jpg","width":1920,"height":1080},{"@type":"WebPage","@id":"https:\/\/abifer.org.br\/antt-aprova-edital-e-libera-leilao-do-corredor-ferroviario-minas-rio\/#webpage","url":"https:\/\/abifer.org.br\/antt-aprova-edital-e-libera-leilao-do-corredor-ferroviario-minas-rio\/","name":"ANTT aprova edital e libera leil\u00e3o do corredor ferrovi\u00e1rio Minas-Rio","isPartOf":{"@id":"https:\/\/abifer.org.br\/#website"},"primaryImageOfPage":{"@id":"https:\/\/abifer.org.br\/antt-aprova-edital-e-libera-leilao-do-corredor-ferroviario-minas-rio\/#primaryimage"},"datePublished":"2026-08-31T17:15:25+00:00","dateModified":"2026-08-31T18:00:35+00:00","breadcrumb":{"@id":"https:\/\/abifer.org.br\/antt-aprova-edital-e-libera-leilao-do-corredor-ferroviario-minas-rio\/#breadcrumb"},"inLanguage":"pt-BR","potentialAction":[{"@type":"ReadAction","target":["https:\/\/abifer.org.br\/antt-aprova-edital-e-libera-leilao-do-corredor-ferroviario-minas-rio\/"]}]},{"@type":"BreadcrumbList","@id":"https:\/\/abifer.org.br\/antt-aprova-edital-e-libera-leilao-do-corredor-ferroviario-minas-rio\/#breadcrumb","itemListElement":[{"@type":"ListItem","position":1,"name":"In\u00edcio","item":"https:\/\/abifer.org.br\/"},{"@type":"ListItem","position":2,"name":"ANTT aprova edital e libera leil\u00e3o do corredor ferrovi\u00e1rio Minas-Rio"}]},{"@type":"Article","@id":"https:\/\/abifer.org.br\/antt-aprova-edital-e-libera-leilao-do-corredor-ferroviario-minas-rio\/#article","isPartOf":{"@id":"https:\/\/abifer.org.br\/antt-aprova-edital-e-libera-leilao-do-corredor-ferroviario-minas-rio\/#webpage"},"author":{"@id":"https:\/\/abifer.org.br\/#\/schema\/person\/7d71286f9a2112b9c77202d80fdf13ef"},"headline":"ANTT aprova edital e libera leil\u00e3o do corredor ferrovi\u00e1rio Minas-Rio","datePublished":"2026-08-31T17:15:25+00:00","dateModified":"2026-08-31T18:00:35+00:00","mainEntityOfPage":{"@id":"https:\/\/abifer.org.br\/antt-aprova-edital-e-libera-leilao-do-corredor-ferroviario-minas-rio\/#webpage"},"wordCount":393,"publisher":{"@id":"https:\/\/abifer.org.br\/#organization"},"image":{"@id":"https:\/\/abifer.org.br\/antt-aprova-edital-e-libera-leilao-do-corredor-ferroviario-minas-rio\/#primaryimage"},"thumbnailUrl":"https:\/\/abifer.org.br\/wp-content\/uploads\/2026\/02\/NOTICIAS-DO-MERCADO.jpg","articleSection":["Not\u00edcias do Mercado"],"inLanguage":"pt-BR"},{"@type":"Person","@id":"https:\/\/abifer.org.br\/#\/schema\/person\/7d71286f9a2112b9c77202d80fdf13ef","name":"Assessoria de Imprensa","url":"https:\/\/abifer.org.br\/author\/assessoria-de-imprensa\/"}]}},"_links":{"self":[{"href":"https:\/\/abifer.org.br\/en\/wp-json\/wp\/v2\/posts\/95779\/"}],"collection":[{"href":"https:\/\/abifer.org.br\/en\/wp-json\/wp\/v2\/posts\/"}],"about":[{"href":"https:\/\/abifer.org.br\/en\/wp-json\/wp\/v2\/types\/post\/"}],"author":[{"embeddable":true,"href":"https:\/\/abifer.org.br\/en\/wp-json\/wp\/v2\/users\/18091994\/"}],"replies":[{"embeddable":true,"href":"https:\/\/abifer.org.br\/en\/wp-json\/wp\/v2\/comments\/?post=95779"}],"version-history":[{"count":1,"href":"https:\/\/abifer.org.br\/en\/wp-json\/wp\/v2\/posts\/95779\/revisions\/"}],"predecessor-version":[{"id":95780,"href":"https:\/\/abifer.org.br\/en\/wp-json\/wp\/v2\/posts\/95779\/revisions\/95780\/"}],"wp:featuredmedia":[{"embeddable":true,"href":"https:\/\/abifer.org.br\/en\/wp-json\/wp\/v2\/media\/92535\/"}],"wp:attachment":[{"href":"https:\/\/abifer.org.br\/en\/wp-json\/wp\/v2\/media\/?parent=95779"}],"wp:term":[{"taxonomy":"category","embeddable":true,"href":"https:\/\/abifer.org.br\/en\/wp-json\/wp\/v2\/categories\/?post=95779"},{"taxonomy":"post_tag","embeddable":true,"href":"https:\/\/abifer.org.br\/en\/wp-json\/wp\/v2\/tags\/?post=95779"}],"curies":[{"name":"wp","href":"https:\/\/api.w.org\/{rel}","templated":true}]}}