{"id":95781,"date":"2026-08-31T14:21:49","date_gmt":"2026-08-31T17:21:49","guid":{"rendered":"https:\/\/abifer.org.br\/?p=95781"},"modified":"2026-08-31T15:00:00","modified_gmt":"2026-08-31T18:00:00","slug":"entre-projetos-estrategicos-e-concessoes","status":"publish","type":"post","link":"https:\/\/abifer.org.br\/en\/entre-projetos-estrategicos-e-concessoes\/","title":{"rendered":"Entre projetos estrat\u00e9gicos e concess\u00f5es"},"content":{"rendered":"<pre style=\"text-align: right\"><a href=\"https:\/\/portalbenews.com.br\/entre-projetos-estrategicos-e-concessoes\/\" target=\"_blank\" rel=\"noopener\"><strong><em>Fonte: BE News\r\nData: 28\/08\/2026<\/em><\/strong><\/a><\/pre>\n<p>&nbsp;<\/p>\n<p>Atualmente \u00e0 frente da Diretoria de Planejamento na Infra S\/A, respons\u00e1vel pela estrutura\u00e7\u00e3o de projetos de concess\u00e3o de infraestruturas de transportes, Cristiano Della Giustina est\u00e1 desde 2007 atuando em v\u00e1rias fun\u00e7\u00f5es no Governo Federal. Nasceu em Caxias do Sul e foi cursar Engenharia Civil na Universidade Federal do Rio Grande do Sul.<\/p>\n<p>Ainda na faculdade, trabalhou no Laborat\u00f3rio de Sistemas de Transportes da UFRGS, com simula\u00e7\u00e3o de tr\u00e1fego, planejamento de transportes, dentre outros estudos diversos. Depois do mestrado, resolveu prestar concurso e entrou como Especialista em Regula\u00e7\u00e3o na Ag\u00eancia Nacional de Transportes Terrestres.<\/p>\n<p>Na ANTT, na \u00e1rea rodovi\u00e1ria, foi Coordenador de Projetos de Engenharia Rodovi\u00e1ria e Gerente de Engenharia e Investimentos de Rodovias. Posteriormente, foi Gerente de Articula\u00e7\u00e3o e Planejamento Institucionais, Superintendente interino de Governan\u00e7a, Planejamento e Articula\u00e7\u00e3o Institucional, Superintendente de Servi\u00e7os de Transporte Rodovi\u00e1rio e Multimodal de Cargas, e atuou como diretor substituto da Ag\u00eancia. Nesse meio tempo, trabalhou no Minist\u00e9rio dos Transportes, Portos e Avia\u00e7\u00e3o Civil, atuando na Secretaria de Fomento e Parceiras como Chefe de Gabinete e Gerente de Projetos.<\/p>\n<p>Mesmo com tanto tempo na ANTT, Cristiano comenta que n\u00e3o h\u00e1 rotina. A Diretoria de Planejamento, onde est\u00e1 desde abril de 2023, envolve amplos projetos de concess\u00e3o de v\u00e1rios modais que exigem muitos estudos e avalia\u00e7\u00f5es. \u201cEu vim para me dedicar \u00e0 estrutura\u00e7\u00e3o de projetos de novas concess\u00f5es. Como a Infra S\/A \u00e9 um bra\u00e7o t\u00e9cnico do Minist\u00e9rio dos Transportes e do Minist\u00e9rio de Portos e Aeroportos, a minha diretoria cuida da elabora\u00e7\u00e3o de estudos de viabilidade para defini\u00e7\u00f5es de futuras concess\u00f5es.\u201d<\/p>\n<p>Na estrutura, a Diretoria de Planejamento possui quatro superintend\u00eancias: transporte rodovi\u00e1rio, transporte ferrovi\u00e1rio (carga e passageiro), transporte aquavi\u00e1rio (infraestrutura portu\u00e1ria e hidrovias) e de aeroportos. \u201cAinda est\u00e1 em nosso escopo os projetos especiais mais estrat\u00e9gicos, como \u00e9 o caso dos corredores bioce\u00e2nicos, tanto rodovi\u00e1rio como ferrovi\u00e1rio\u201d, explica.<\/p>\n<p>Cristiano define como \u00e9 a rotina na Infra S\/A em seu setor: \u201cN\u00f3s fazemos estudos mais direcionados, inclusive de viabilidade financeira e de mercado. A Infra S\/A \u00e9 uma estatal vinculada ao Minist\u00e9rio dos Transportes. Preparamos os estudos de viabilidade t\u00e9cnica, econ\u00f4mica e ambiental como suporte para qualquer tipo de projeto de concess\u00e3o, sempre seguindo a pol\u00edtica p\u00fablica dos minist\u00e9rios e das ag\u00eancias reguladoras, \u00e9 um trabalho mais estrat\u00e9gico e de log\u00edstica multimodal.\u201d<\/p>\n<p>Entre os grandes projetos de sua gest\u00e3o, ele cita a participa\u00e7\u00e3o de sua diretoria como estruturadora da maior parte da carteira de concess\u00f5es rodovi\u00e1rias e ferrovi\u00e1rias do Minist\u00e9rio dos Transportes, e, tamb\u00e9m, de importantes projetos do Minist\u00e9rio de Portos e Aeroportos, com destaque \u00e0 Concess\u00e3o do Canal de Acesso de Paranagu\u00e1, um novo modelo que est\u00e1 sendo replicado em novos empreendimentos. \u201cAgora, estamos na vanguarda com cinco projetos de hidrovias em execu\u00e7\u00e3o. No caso do Tecon Santos 10, que tem sido t\u00e3o falado, n\u00f3s fizemos a estrutura\u00e7\u00e3o t\u00e9cnica, inclusive identificando a demanda de cont\u00eaineres projetada para o futuro, a infraestrutura necess\u00e1ria e os investimentos e custos operacionais envolvidos.\u201d<\/p>\n<p>Para o futuro, ele avalia que muita coisa pode ser ajustada, mas que o trabalho vai seguindo normalmente pelo que j\u00e1 est\u00e1 definido pelos Minist\u00e9rios formuladores da pol\u00edtica p\u00fablica. \u201cOs projetos v\u00e3o continuar de acordo com a pauta j\u00e1 estabelecida, mas as prioridades acabam sendo ajustadas de acordo com o pr\u00f3ximo ciclo de governo.\u201d<\/p>\n<p>Quando veio a chance de se mudar para Bras\u00edlia, Cristiano estava terminando o mestrado e a decis\u00e3o foi tomada com um olhar voltado para o futuro, como faz at\u00e9 hoje: \u201cAbra\u00e7ar as oportunidades \u00e9 o que eu levo para todas as \u00e1reas da minha vida e tudo vai se encaixando.\u201d<\/p>\n<p>Mesmo com tantos afazeres e viagens, ele faz quest\u00e3o de reservar tempo para acompanhar a rotina da esposa Mylena e dos filhos Carolina e Leonardo, de 13 e 10 anos. Gosta de jogar t\u00eanis, de corrida e receber os amigos para um churrasco ga\u00facho nos finais de semana, que faz com prazer. Seu restaurante preferido \u00e9 o A\u00e7ougue do Berg. Na hora das viagens \u00e9 Mylena quem providencia tudo: \u201cEu vou de caroneiro e n\u00e3o reclamo de nada.<\/p>\n<p>Sonho \u00e9 ver os filhos bem encaminhados na vida e continuar atuando em posi\u00e7\u00f5es estrat\u00e9gicas para poder contribuir com seu conhecimento e experi\u00eancia para o pa\u00eds. Como gosta muito de ler, \u00e0s vezes at\u00e9 dois livros ao mesmo tempo, d\u00e1 tr\u00eas dicas: TED: Falar, convencer, emocionar, de Carmine Gallo; Responsabilidade Extrema: Como os Navy SEALs Lideram e Vencem, de Jocko Willink e Leif Babin; A incr\u00edvel viagem de Shackleton, de Alfred Lansing.<\/p>\n","protected":false},"excerpt":{"rendered":"<p>Fonte: BE News Data: 28\/08\/2026 &nbsp; Atualmente \u00e0 frente da Diretoria de Planejamento na Infra S\/A, respons\u00e1vel pela estrutura\u00e7\u00e3o de projetos de concess\u00e3o de infraestruturas de transportes, Cristiano Della Giustina est\u00e1 desde 2007 atuando em v\u00e1rias fun\u00e7\u00f5es no Governo Federal. Nasceu em Caxias do Sul e foi cursar Engenharia Civil na Universidade Federal do Rio [&hellip;]<\/p>\n","protected":false},"author":18091994,"featured_media":92535,"comment_status":"closed","ping_status":"closed","sticky":false,"template":"","format":"standard","meta":{"footnotes":""},"categories":[875],"tags":[],"class_list":["post-95781","post","type-post","status-publish","format-standard","has-post-thumbnail","hentry","category-noticias-do-mercado"],"acf":[],"yoast_head":"<!-- This site is optimized with the Yoast SEO plugin v18.2 - https:\/\/yoast.com\/wordpress\/plugins\/seo\/ -->\n<title>Entre projetos estrat\u00e9gicos e concess\u00f5es<\/title>\n<meta name=\"robots\" content=\"index, follow, max-snippet:-1, max-image-preview:large, max-video-preview:-1\" \/>\n<link rel=\"canonical\" href=\"https:\/\/abifer.org.br\/entre-projetos-estrategicos-e-concessoes\/\" \/>\n<meta property=\"og:locale\" content=\"pt_BR\" \/>\n<meta property=\"og:type\" content=\"article\" \/>\n<meta property=\"og:title\" content=\"Entre projetos estrat\u00e9gicos e concess\u00f5es\" \/>\n<meta property=\"og:description\" content=\"Fonte: BE News Data: 28\/08\/2026 &nbsp; Atualmente \u00e0 frente da Diretoria de Planejamento na Infra S\/A, respons\u00e1vel pela estrutura\u00e7\u00e3o de projetos de concess\u00e3o de infraestruturas de transportes, Cristiano Della Giustina est\u00e1 desde 2007 atuando em v\u00e1rias fun\u00e7\u00f5es no Governo Federal. Nasceu em Caxias do Sul e foi cursar Engenharia Civil na Universidade Federal do Rio [&hellip;]\" \/>\n<meta property=\"og:url\" content=\"https:\/\/abifer.org.br\/entre-projetos-estrategicos-e-concessoes\/\" \/>\n<meta property=\"og:site_name\" content=\"ABIFER\" \/>\n<meta property=\"article:publisher\" content=\"https:\/\/www.facebook.com\/abiferoficial\/\" \/>\n<meta property=\"article:published_time\" content=\"2026-08-31T17:21:49+00:00\" \/>\n<meta property=\"article:modified_time\" content=\"2026-08-31T18:00:00+00:00\" \/>\n<meta property=\"og:image\" content=\"http:\/\/abifer.org.br\/wp-content\/uploads\/2026\/02\/NOTICIAS-DO-MERCADO.jpg\" \/>\n\t<meta property=\"og:image:width\" content=\"1920\" \/>\n\t<meta property=\"og:image:height\" content=\"1080\" \/>\n\t<meta property=\"og:image:type\" content=\"image\/jpeg\" \/>\n<meta name=\"twitter:card\" content=\"summary_large_image\" \/>\n<meta name=\"twitter:creator\" content=\"@abiferoficial\" \/>\n<meta name=\"twitter:site\" content=\"@abiferoficial\" \/>\n<meta name=\"twitter:label1\" content=\"Escrito por\" \/>\n\t<meta name=\"twitter:data1\" content=\"Assessoria de Imprensa\" \/>\n\t<meta name=\"twitter:label2\" content=\"Est. tempo de leitura\" \/>\n\t<meta name=\"twitter:data2\" content=\"4 minutos\" \/>\n<script type=\"application\/ld+json\" class=\"yoast-schema-graph\">{\"@context\":\"https:\/\/schema.org\",\"@graph\":[{\"@type\":\"Organization\",\"@id\":\"https:\/\/abifer.org.br\/#organization\",\"name\":\"ABIFER\",\"url\":\"https:\/\/abifer.org.br\/\",\"sameAs\":[\"https:\/\/www.facebook.com\/abiferoficial\/\",\"https:\/\/www.linkedin.com\/company\/abiferoficial\/\",\"https:\/\/twitter.com\/abiferoficial\"],\"logo\":{\"@type\":\"ImageObject\",\"@id\":\"https:\/\/abifer.org.br\/#logo\",\"inLanguage\":\"pt-BR\",\"url\":\"https:\/\/abifer.org.br\/wp-content\/uploads\/2018\/05\/ABF_001_LogoSlogan.jpg\",\"contentUrl\":\"https:\/\/abifer.org.br\/wp-content\/uploads\/2018\/05\/ABF_001_LogoSlogan.jpg\",\"width\":1182,\"height\":486,\"caption\":\"ABIFER\"},\"image\":{\"@id\":\"https:\/\/abifer.org.br\/#logo\"}},{\"@type\":\"WebSite\",\"@id\":\"https:\/\/abifer.org.br\/#website\",\"url\":\"https:\/\/abifer.org.br\/\",\"name\":\"ABIFER\",\"description\":\"Associa\u00e7\u00e3o Brasileira da Ind\u00fastria Ferrovi\u00e1ria\",\"publisher\":{\"@id\":\"https:\/\/abifer.org.br\/#organization\"},\"potentialAction\":[{\"@type\":\"SearchAction\",\"target\":{\"@type\":\"EntryPoint\",\"urlTemplate\":\"https:\/\/abifer.org.br\/?s={search_term_string}\"},\"query-input\":\"required name=search_term_string\"}],\"inLanguage\":\"pt-BR\"},{\"@type\":\"ImageObject\",\"@id\":\"https:\/\/abifer.org.br\/entre-projetos-estrategicos-e-concessoes\/#primaryimage\",\"inLanguage\":\"pt-BR\",\"url\":\"https:\/\/abifer.org.br\/wp-content\/uploads\/2026\/02\/NOTICIAS-DO-MERCADO.jpg\",\"contentUrl\":\"https:\/\/abifer.org.br\/wp-content\/uploads\/2026\/02\/NOTICIAS-DO-MERCADO.jpg\",\"width\":1920,\"height\":1080},{\"@type\":\"WebPage\",\"@id\":\"https:\/\/abifer.org.br\/entre-projetos-estrategicos-e-concessoes\/#webpage\",\"url\":\"https:\/\/abifer.org.br\/entre-projetos-estrategicos-e-concessoes\/\",\"name\":\"Entre projetos estrat\u00e9gicos e concess\u00f5es\",\"isPartOf\":{\"@id\":\"https:\/\/abifer.org.br\/#website\"},\"primaryImageOfPage\":{\"@id\":\"https:\/\/abifer.org.br\/entre-projetos-estrategicos-e-concessoes\/#primaryimage\"},\"datePublished\":\"2026-08-31T17:21:49+00:00\",\"dateModified\":\"2026-08-31T18:00:00+00:00\",\"breadcrumb\":{\"@id\":\"https:\/\/abifer.org.br\/entre-projetos-estrategicos-e-concessoes\/#breadcrumb\"},\"inLanguage\":\"pt-BR\",\"potentialAction\":[{\"@type\":\"ReadAction\",\"target\":[\"https:\/\/abifer.org.br\/entre-projetos-estrategicos-e-concessoes\/\"]}]},{\"@type\":\"BreadcrumbList\",\"@id\":\"https:\/\/abifer.org.br\/entre-projetos-estrategicos-e-concessoes\/#breadcrumb\",\"itemListElement\":[{\"@type\":\"ListItem\",\"position\":1,\"name\":\"In\u00edcio\",\"item\":\"https:\/\/abifer.org.br\/\"},{\"@type\":\"ListItem\",\"position\":2,\"name\":\"Entre projetos estrat\u00e9gicos e concess\u00f5es\"}]},{\"@type\":\"Article\",\"@id\":\"https:\/\/abifer.org.br\/entre-projetos-estrategicos-e-concessoes\/#article\",\"isPartOf\":{\"@id\":\"https:\/\/abifer.org.br\/entre-projetos-estrategicos-e-concessoes\/#webpage\"},\"author\":{\"@id\":\"https:\/\/abifer.org.br\/#\/schema\/person\/7d71286f9a2112b9c77202d80fdf13ef\"},\"headline\":\"Entre projetos estrat\u00e9gicos e concess\u00f5es\",\"datePublished\":\"2026-08-31T17:21:49+00:00\",\"dateModified\":\"2026-08-31T18:00:00+00:00\",\"mainEntityOfPage\":{\"@id\":\"https:\/\/abifer.org.br\/entre-projetos-estrategicos-e-concessoes\/#webpage\"},\"wordCount\":820,\"publisher\":{\"@id\":\"https:\/\/abifer.org.br\/#organization\"},\"image\":{\"@id\":\"https:\/\/abifer.org.br\/entre-projetos-estrategicos-e-concessoes\/#primaryimage\"},\"thumbnailUrl\":\"https:\/\/abifer.org.br\/wp-content\/uploads\/2026\/02\/NOTICIAS-DO-MERCADO.jpg\",\"articleSection\":[\"Not\u00edcias do Mercado\"],\"inLanguage\":\"pt-BR\"},{\"@type\":\"Person\",\"@id\":\"https:\/\/abifer.org.br\/#\/schema\/person\/7d71286f9a2112b9c77202d80fdf13ef\",\"name\":\"Assessoria de Imprensa\",\"url\":\"https:\/\/abifer.org.br\/author\/assessoria-de-imprensa\/\"}]}<\/script>\n<!-- \/ Yoast SEO plugin. -->","yoast_head_json":{"title":"Entre projetos estrat\u00e9gicos e concess\u00f5es","robots":{"index":"index","follow":"follow","max-snippet":"max-snippet:-1","max-image-preview":"max-image-preview:large","max-video-preview":"max-video-preview:-1"},"canonical":"https:\/\/abifer.org.br\/entre-projetos-estrategicos-e-concessoes\/","og_locale":"pt_BR","og_type":"article","og_title":"Entre projetos estrat\u00e9gicos e concess\u00f5es","og_description":"Fonte: BE News Data: 28\/08\/2026 &nbsp; Atualmente \u00e0 frente da Diretoria de Planejamento na Infra S\/A, respons\u00e1vel pela estrutura\u00e7\u00e3o de projetos de concess\u00e3o de infraestruturas de transportes, Cristiano Della Giustina est\u00e1 desde 2007 atuando em v\u00e1rias fun\u00e7\u00f5es no Governo Federal. Nasceu em Caxias do Sul e foi cursar Engenharia Civil na Universidade Federal do Rio [&hellip;]","og_url":"https:\/\/abifer.org.br\/entre-projetos-estrategicos-e-concessoes\/","og_site_name":"ABIFER","article_publisher":"https:\/\/www.facebook.com\/abiferoficial\/","article_published_time":"2026-08-31T17:21:49+00:00","article_modified_time":"2026-08-31T18:00:00+00:00","og_image":[{"width":1920,"height":1080,"url":"http:\/\/abifer.org.br\/wp-content\/uploads\/2026\/02\/NOTICIAS-DO-MERCADO.jpg","type":"image\/jpeg"}],"twitter_card":"summary_large_image","twitter_creator":"@abiferoficial","twitter_site":"@abiferoficial","twitter_misc":{"Escrito por":"Assessoria de Imprensa","Est. tempo de leitura":"4 minutos"},"schema":{"@context":"https:\/\/schema.org","@graph":[{"@type":"Organization","@id":"https:\/\/abifer.org.br\/#organization","name":"ABIFER","url":"https:\/\/abifer.org.br\/","sameAs":["https:\/\/www.facebook.com\/abiferoficial\/","https:\/\/www.linkedin.com\/company\/abiferoficial\/","https:\/\/twitter.com\/abiferoficial"],"logo":{"@type":"ImageObject","@id":"https:\/\/abifer.org.br\/#logo","inLanguage":"pt-BR","url":"https:\/\/abifer.org.br\/wp-content\/uploads\/2018\/05\/ABF_001_LogoSlogan.jpg","contentUrl":"https:\/\/abifer.org.br\/wp-content\/uploads\/2018\/05\/ABF_001_LogoSlogan.jpg","width":1182,"height":486,"caption":"ABIFER"},"image":{"@id":"https:\/\/abifer.org.br\/#logo"}},{"@type":"WebSite","@id":"https:\/\/abifer.org.br\/#website","url":"https:\/\/abifer.org.br\/","name":"ABIFER","description":"Associa\u00e7\u00e3o Brasileira da Ind\u00fastria Ferrovi\u00e1ria","publisher":{"@id":"https:\/\/abifer.org.br\/#organization"},"potentialAction":[{"@type":"SearchAction","target":{"@type":"EntryPoint","urlTemplate":"https:\/\/abifer.org.br\/?s={search_term_string}"},"query-input":"required name=search_term_string"}],"inLanguage":"pt-BR"},{"@type":"ImageObject","@id":"https:\/\/abifer.org.br\/entre-projetos-estrategicos-e-concessoes\/#primaryimage","inLanguage":"pt-BR","url":"https:\/\/abifer.org.br\/wp-content\/uploads\/2026\/02\/NOTICIAS-DO-MERCADO.jpg","contentUrl":"https:\/\/abifer.org.br\/wp-content\/uploads\/2026\/02\/NOTICIAS-DO-MERCADO.jpg","width":1920,"height":1080},{"@type":"WebPage","@id":"https:\/\/abifer.org.br\/entre-projetos-estrategicos-e-concessoes\/#webpage","url":"https:\/\/abifer.org.br\/entre-projetos-estrategicos-e-concessoes\/","name":"Entre projetos estrat\u00e9gicos e concess\u00f5es","isPartOf":{"@id":"https:\/\/abifer.org.br\/#website"},"primaryImageOfPage":{"@id":"https:\/\/abifer.org.br\/entre-projetos-estrategicos-e-concessoes\/#primaryimage"},"datePublished":"2026-08-31T17:21:49+00:00","dateModified":"2026-08-31T18:00:00+00:00","breadcrumb":{"@id":"https:\/\/abifer.org.br\/entre-projetos-estrategicos-e-concessoes\/#breadcrumb"},"inLanguage":"pt-BR","potentialAction":[{"@type":"ReadAction","target":["https:\/\/abifer.org.br\/entre-projetos-estrategicos-e-concessoes\/"]}]},{"@type":"BreadcrumbList","@id":"https:\/\/abifer.org.br\/entre-projetos-estrategicos-e-concessoes\/#breadcrumb","itemListElement":[{"@type":"ListItem","position":1,"name":"In\u00edcio","item":"https:\/\/abifer.org.br\/"},{"@type":"ListItem","position":2,"name":"Entre projetos estrat\u00e9gicos e concess\u00f5es"}]},{"@type":"Article","@id":"https:\/\/abifer.org.br\/entre-projetos-estrategicos-e-concessoes\/#article","isPartOf":{"@id":"https:\/\/abifer.org.br\/entre-projetos-estrategicos-e-concessoes\/#webpage"},"author":{"@id":"https:\/\/abifer.org.br\/#\/schema\/person\/7d71286f9a2112b9c77202d80fdf13ef"},"headline":"Entre projetos estrat\u00e9gicos e concess\u00f5es","datePublished":"2026-08-31T17:21:49+00:00","dateModified":"2026-08-31T18:00:00+00:00","mainEntityOfPage":{"@id":"https:\/\/abifer.org.br\/entre-projetos-estrategicos-e-concessoes\/#webpage"},"wordCount":820,"publisher":{"@id":"https:\/\/abifer.org.br\/#organization"},"image":{"@id":"https:\/\/abifer.org.br\/entre-projetos-estrategicos-e-concessoes\/#primaryimage"},"thumbnailUrl":"https:\/\/abifer.org.br\/wp-content\/uploads\/2026\/02\/NOTICIAS-DO-MERCADO.jpg","articleSection":["Not\u00edcias do Mercado"],"inLanguage":"pt-BR"},{"@type":"Person","@id":"https:\/\/abifer.org.br\/#\/schema\/person\/7d71286f9a2112b9c77202d80fdf13ef","name":"Assessoria de Imprensa","url":"https:\/\/abifer.org.br\/author\/assessoria-de-imprensa\/"}]}},"_links":{"self":[{"href":"https:\/\/abifer.org.br\/en\/wp-json\/wp\/v2\/posts\/95781\/"}],"collection":[{"href":"https:\/\/abifer.org.br\/en\/wp-json\/wp\/v2\/posts\/"}],"about":[{"href":"https:\/\/abifer.org.br\/en\/wp-json\/wp\/v2\/types\/post\/"}],"author":[{"embeddable":true,"href":"https:\/\/abifer.org.br\/en\/wp-json\/wp\/v2\/users\/18091994\/"}],"replies":[{"embeddable":true,"href":"https:\/\/abifer.org.br\/en\/wp-json\/wp\/v2\/comments\/?post=95781"}],"version-history":[{"count":1,"href":"https:\/\/abifer.org.br\/en\/wp-json\/wp\/v2\/posts\/95781\/revisions\/"}],"predecessor-version":[{"id":95787,"href":"https:\/\/abifer.org.br\/en\/wp-json\/wp\/v2\/posts\/95781\/revisions\/95787\/"}],"wp:featuredmedia":[{"embeddable":true,"href":"https:\/\/abifer.org.br\/en\/wp-json\/wp\/v2\/media\/92535\/"}],"wp:attachment":[{"href":"https:\/\/abifer.org.br\/en\/wp-json\/wp\/v2\/media\/?parent=95781"}],"wp:term":[{"taxonomy":"category","embeddable":true,"href":"https:\/\/abifer.org.br\/en\/wp-json\/wp\/v2\/categories\/?post=95781"},{"taxonomy":"post_tag","embeddable":true,"href":"https:\/\/abifer.org.br\/en\/wp-json\/wp\/v2\/tags\/?post=95781"}],"curies":[{"name":"wp","href":"https:\/\/api.w.org\/{rel}","templated":true}]}}