{"id":95792,"date":"2026-08-31T14:29:45","date_gmt":"2026-08-31T17:29:45","guid":{"rendered":"https:\/\/abifer.org.br\/?p=95792"},"modified":"2026-08-31T14:55:16","modified_gmt":"2026-08-31T17:55:16","slug":"32a-semana-de-tecnologia-metroferroviaria-debate-eficiencia-e-sustentabilidade-energetica","status":"publish","type":"post","link":"https:\/\/abifer.org.br\/en\/32a-semana-de-tecnologia-metroferroviaria-debate-eficiencia-e-sustentabilidade-energetica\/","title":{"rendered":"32\u00aa Semana de Tecnologia Metroferrovi\u00e1ria debate efici\u00eancia e sustentabilidade energ\u00e9tica"},"content":{"rendered":"<p><strong>Evento promovido pela AEAMESP re\u00fane autoridades, gestores, executivos e especialistas do setor sobre trilhos; presidente da ABIFER, Vicente Abate, participa da mesa de abertura<\/strong><\/p>\n<p>A Associa\u00e7\u00e3o dos Engenheiros e Arquitetos de Metr\u00f4 (AEAMESP) realiza, de 1\u00ba a 4 de setembro, a 32\u00aa Semana de Tecnologia Metroferrovi\u00e1ria, em S\u00e3o Paulo. Considerado um dos principais f\u00f3runs multidisciplinares do setor metroferrovi\u00e1rio da Am\u00e9rica Latina, o evento re\u00fane autoridades, gestores p\u00fablicos e privados, executivos, especialistas, acad\u00eamicos e representantes da cadeia produtiva para discutir os desafios e as oportunidades da mobilidade sobre trilhos.<\/p>\n<p><strong>O presidente da Associa\u00e7\u00e3o Brasileira da Ind\u00fastria Ferrovi\u00e1ria (ABIFER),\u00a0Vicente Abate, participa da\u00a0mesa de abertura\u00a0da 32\u00aa Semana de Tecnologia Metroferrovi\u00e1ria, representando a ind\u00fastria ferrovi\u00e1ria brasileira no encontro que re\u00fane diferentes segmentos do ecossistema metroferrovi\u00e1rio.<\/strong><\/p>\n<p>Neste ano, a programa\u00e7\u00e3o tem como temas centrais a\u00a0efici\u00eancia e a sustentabilidade energ\u00e9tica, al\u00e9m da aplica\u00e7\u00e3o de\u00a0intelig\u00eancia artificial nas opera\u00e7\u00f5es de mobilidade urbana. As discuss\u00f5es tamb\u00e9m abordar\u00e3o planejamento metropolitano, governan\u00e7a integrada, expans\u00e3o de linhas, financiamento, carga tribut\u00e1ria e competitividade da ind\u00fastria nacional, entre outros assuntos relacionados ao desenvolvimento do transporte sobre trilhos.<\/p>\n<p>Segundo a organiza\u00e7\u00e3o, a proposta \u00e9 ampliar o debate sobre o papel do transporte metroferrovi\u00e1rio na transforma\u00e7\u00e3o das cidades, considerando aspectos como efici\u00eancia energ\u00e9tica, descarboniza\u00e7\u00e3o, seguran\u00e7a, qualidade da mobilidade e racionaliza\u00e7\u00e3o dos gastos p\u00fablicos.<\/p>\n<p>Para acessar a programa\u00e7\u00e3o, <a href=\"https:\/\/semanadetecnologia.com.br\/32semana\/GRADE_32STMF_2026-08-27.pdf\" target=\"_blank\" rel=\"noopener\">clique aqui<\/a>.<\/p>\n<h4><strong>Reconhecimento \u00e0 inova\u00e7\u00e3o e \u00e0 excel\u00eancia t\u00e9cnica<\/strong><\/h4>\n<p>A programa\u00e7\u00e3o tamb\u00e9m inclui a entrega do\u00a013\u00ba Pr\u00eamio Tecnologia &amp; Desenvolvimento Metroferrovi\u00e1rios ANPTrilhos \u2013 TIC Trens, que reconhece iniciativas desenvolvidas pelo setor. Uma comiss\u00e3o de especialistas avaliou 55 cases e selecionou cinco finalistas em cada uma das tr\u00eas categorias da premia\u00e7\u00e3o.<\/p>\n<p>Outro destaque do primeiro dia ser\u00e1 a palestra do diplomata e ex-embaixador do Brasil na Inglaterra e nos Estados Unidos,\u00a0Rubens Barbosa, que far\u00e1 uma an\u00e1lise sobre geopol\u00edtica, economia e os desafios estrat\u00e9gicos do Brasil no cen\u00e1rio mundial.<\/p>\n<p>Para o presidente da AEAMESP, Ayrton Camargo, a programa\u00e7\u00e3o busca refor\u00e7ar a import\u00e2ncia do transporte sobre trilhos para a mobilidade urbana, a efici\u00eancia energ\u00e9tica e a preserva\u00e7\u00e3o ambiental.<\/p>\n<h4><strong>Efici\u00eancia energ\u00e9tica e descarboniza\u00e7\u00e3o<\/strong><\/h4>\n<p>A expans\u00e3o do transporte metroferrovi\u00e1rio est\u00e1 entre os temas de destaque do evento, especialmente diante dos desafios relacionados \u00e0s mudan\u00e7as clim\u00e1ticas e \u00e0 necessidade de sistemas de mobilidade mais eficientes e sustent\u00e1veis.<\/p>\n<p>Com predomin\u00e2ncia de sistemas el\u00e9tricos e utiliza\u00e7\u00e3o de matrizes energ\u00e9ticas de baixa emiss\u00e3o no Brasil, o transporte sobre trilhos apresenta vantagens importantes em efici\u00eancia energ\u00e9tica e redu\u00e7\u00e3o de emiss\u00f5es quando comparado a outros modos de transporte individual e coletivo.<\/p>\n<p>Entre as tecnologias discutidas est\u00e3o sistemas de\u00a0frenagem regenerativa, armazenamento de energia e solu\u00e7\u00f5es voltadas \u00e0 otimiza\u00e7\u00e3o do consumo energ\u00e9tico. Na frenagem regenerativa, a energia cin\u00e9tica do trem \u00e9 convertida em energia el\u00e9trica, que pode ser reaproveitada pelo sistema.<\/p>\n<h4><strong>Intelig\u00eancia artificial aplicada \u00e0 opera\u00e7\u00e3o<\/strong><\/h4>\n<p>A intelig\u00eancia artificial tamb\u00e9m ocupa espa\u00e7o relevante na programa\u00e7\u00e3o, com aplica\u00e7\u00f5es voltadas \u00e0 seguran\u00e7a operacional, manuten\u00e7\u00e3o preditiva, an\u00e1lise de dados e otimiza\u00e7\u00e3o dos sistemas metroferrovi\u00e1rios.<\/p>\n<p>Na manuten\u00e7\u00e3o, por exemplo, o uso de hist\u00f3ricos operacionais e dados obtidos por sensores permite identificar padr\u00f5es e antecipar poss\u00edveis falhas, contribuindo para a redu\u00e7\u00e3o de paradas n\u00e3o planejadas e para maior efici\u00eancia dos ativos.<\/p>\n<p>A tecnologia tamb\u00e9m vem sendo empregada em sistemas de monitoramento e seguran\u00e7a, com solu\u00e7\u00f5es de vis\u00e3o computacional e an\u00e1lise de dados para apoiar a\u00e7\u00f5es preventivas e aprimorar a resposta das equipes diante de ocorr\u00eancias.<\/p>\n<p>A programa\u00e7\u00e3o da 32\u00aa Semana de Tecnologia Metroferrovi\u00e1ria refor\u00e7a, assim, a import\u00e2ncia da inova\u00e7\u00e3o tecnol\u00f3gica associada \u00e0 capacita\u00e7\u00e3o dos profissionais e \u00e0 integra\u00e7\u00e3o entre empresas, operadores, especialistas, academia e poder p\u00fablico para o avan\u00e7o da mobilidade sobre trilhos no Brasil.<\/p>\n<p><strong>Servi\u00e7o<\/strong><\/p>\n<p>Evento:\u00a032\u00aa Semana de Tecnologia Metroferrovi\u00e1ria<\/p>\n<p>Data:\u00a01\u00ba a 4 de setembro de 2026<\/p>\n<p>Hor\u00e1rio:\u00a0das 8h \u00e0s 18h<\/p>\n<p>Local:\u00a0Nikkei Palace Hotel<\/p>\n<p>Endere\u00e7o:\u00a0Rua Galv\u00e3o Bueno, 425 \u2013 Liberdade \u2013 S\u00e3o Paulo (SP)<\/p>\n","protected":false},"excerpt":{"rendered":"<p>Evento promovido pela AEAMESP re\u00fane autoridades, gestores, executivos e especialistas do setor sobre trilhos; presidente da ABIFER, Vicente Abate, participa da mesa de abertura A Associa\u00e7\u00e3o dos Engenheiros e Arquitetos de Metr\u00f4 (AEAMESP) realiza, de 1\u00ba a 4 de setembro, a 32\u00aa Semana de Tecnologia Metroferrovi\u00e1ria, em S\u00e3o Paulo. Considerado um dos principais f\u00f3runs multidisciplinares [&hellip;]<\/p>\n","protected":false},"author":18091994,"featured_media":95804,"comment_status":"closed","ping_status":"closed","sticky":false,"template":"","format":"standard","meta":{"footnotes":""},"categories":[875],"tags":[],"class_list":["post-95792","post","type-post","status-publish","format-standard","has-post-thumbnail","hentry","category-noticias-do-mercado"],"acf":[],"yoast_head":"<!-- This site is optimized with the Yoast SEO plugin v18.2 - https:\/\/yoast.com\/wordpress\/plugins\/seo\/ -->\n<title>32\u00aa Semana de Tecnologia Metroferrovi\u00e1ria debate efici\u00eancia e sustentabilidade energ\u00e9tica<\/title>\n<meta name=\"robots\" content=\"index, follow, max-snippet:-1, max-image-preview:large, max-video-preview:-1\" \/>\n<link rel=\"canonical\" href=\"https:\/\/abifer.org.br\/32a-semana-de-tecnologia-metroferroviaria-debate-eficiencia-e-sustentabilidade-energetica\/\" \/>\n<meta property=\"og:locale\" content=\"pt_BR\" \/>\n<meta property=\"og:type\" content=\"article\" \/>\n<meta property=\"og:title\" content=\"32\u00aa Semana de Tecnologia Metroferrovi\u00e1ria debate efici\u00eancia e sustentabilidade energ\u00e9tica\" \/>\n<meta property=\"og:description\" content=\"Evento promovido pela AEAMESP re\u00fane autoridades, gestores, executivos e especialistas do setor sobre trilhos; presidente da ABIFER, Vicente Abate, participa da mesa de abertura A Associa\u00e7\u00e3o dos Engenheiros e Arquitetos de Metr\u00f4 (AEAMESP) realiza, de 1\u00ba a 4 de setembro, a 32\u00aa Semana de Tecnologia Metroferrovi\u00e1ria, em S\u00e3o Paulo. Considerado um dos principais f\u00f3runs multidisciplinares [&hellip;]\" \/>\n<meta property=\"og:url\" content=\"https:\/\/abifer.org.br\/32a-semana-de-tecnologia-metroferroviaria-debate-eficiencia-e-sustentabilidade-energetica\/\" \/>\n<meta property=\"og:site_name\" content=\"ABIFER\" \/>\n<meta property=\"article:publisher\" content=\"https:\/\/www.facebook.com\/abiferoficial\/\" \/>\n<meta property=\"article:published_time\" content=\"2026-08-31T17:29:45+00:00\" \/>\n<meta property=\"article:modified_time\" content=\"2026-08-31T17:55:16+00:00\" \/>\n<meta property=\"og:image\" content=\"http:\/\/abifer.org.br\/wp-content\/uploads\/2026\/08\/post1_stmf_nm31082026.jpeg\" \/>\n\t<meta property=\"og:image:width\" content=\"1600\" \/>\n\t<meta property=\"og:image:height\" content=\"385\" \/>\n\t<meta property=\"og:image:type\" content=\"image\/jpeg\" \/>\n<meta name=\"twitter:card\" content=\"summary_large_image\" \/>\n<meta name=\"twitter:creator\" content=\"@abiferoficial\" \/>\n<meta name=\"twitter:site\" content=\"@abiferoficial\" \/>\n<meta name=\"twitter:label1\" content=\"Escrito por\" \/>\n\t<meta name=\"twitter:data1\" content=\"Assessoria de Imprensa\" \/>\n\t<meta name=\"twitter:label2\" content=\"Est. tempo de leitura\" \/>\n\t<meta name=\"twitter:data2\" content=\"4 minutos\" \/>\n<script type=\"application\/ld+json\" class=\"yoast-schema-graph\">{\"@context\":\"https:\/\/schema.org\",\"@graph\":[{\"@type\":\"Organization\",\"@id\":\"https:\/\/abifer.org.br\/#organization\",\"name\":\"ABIFER\",\"url\":\"https:\/\/abifer.org.br\/\",\"sameAs\":[\"https:\/\/www.facebook.com\/abiferoficial\/\",\"https:\/\/www.linkedin.com\/company\/abiferoficial\/\",\"https:\/\/twitter.com\/abiferoficial\"],\"logo\":{\"@type\":\"ImageObject\",\"@id\":\"https:\/\/abifer.org.br\/#logo\",\"inLanguage\":\"pt-BR\",\"url\":\"https:\/\/abifer.org.br\/wp-content\/uploads\/2018\/05\/ABF_001_LogoSlogan.jpg\",\"contentUrl\":\"https:\/\/abifer.org.br\/wp-content\/uploads\/2018\/05\/ABF_001_LogoSlogan.jpg\",\"width\":1182,\"height\":486,\"caption\":\"ABIFER\"},\"image\":{\"@id\":\"https:\/\/abifer.org.br\/#logo\"}},{\"@type\":\"WebSite\",\"@id\":\"https:\/\/abifer.org.br\/#website\",\"url\":\"https:\/\/abifer.org.br\/\",\"name\":\"ABIFER\",\"description\":\"Associa\u00e7\u00e3o Brasileira da Ind\u00fastria Ferrovi\u00e1ria\",\"publisher\":{\"@id\":\"https:\/\/abifer.org.br\/#organization\"},\"potentialAction\":[{\"@type\":\"SearchAction\",\"target\":{\"@type\":\"EntryPoint\",\"urlTemplate\":\"https:\/\/abifer.org.br\/?s={search_term_string}\"},\"query-input\":\"required name=search_term_string\"}],\"inLanguage\":\"pt-BR\"},{\"@type\":\"ImageObject\",\"@id\":\"https:\/\/abifer.org.br\/32a-semana-de-tecnologia-metroferroviaria-debate-eficiencia-e-sustentabilidade-energetica\/#primaryimage\",\"inLanguage\":\"pt-BR\",\"url\":\"https:\/\/abifer.org.br\/wp-content\/uploads\/2026\/08\/post1_stmf_nm31082026.jpeg\",\"contentUrl\":\"https:\/\/abifer.org.br\/wp-content\/uploads\/2026\/08\/post1_stmf_nm31082026.jpeg\",\"width\":1600,\"height\":385},{\"@type\":\"WebPage\",\"@id\":\"https:\/\/abifer.org.br\/32a-semana-de-tecnologia-metroferroviaria-debate-eficiencia-e-sustentabilidade-energetica\/#webpage\",\"url\":\"https:\/\/abifer.org.br\/32a-semana-de-tecnologia-metroferroviaria-debate-eficiencia-e-sustentabilidade-energetica\/\",\"name\":\"32\u00aa Semana de Tecnologia Metroferrovi\u00e1ria debate efici\u00eancia e sustentabilidade energ\u00e9tica\",\"isPartOf\":{\"@id\":\"https:\/\/abifer.org.br\/#website\"},\"primaryImageOfPage\":{\"@id\":\"https:\/\/abifer.org.br\/32a-semana-de-tecnologia-metroferroviaria-debate-eficiencia-e-sustentabilidade-energetica\/#primaryimage\"},\"datePublished\":\"2026-08-31T17:29:45+00:00\",\"dateModified\":\"2026-08-31T17:55:16+00:00\",\"breadcrumb\":{\"@id\":\"https:\/\/abifer.org.br\/32a-semana-de-tecnologia-metroferroviaria-debate-eficiencia-e-sustentabilidade-energetica\/#breadcrumb\"},\"inLanguage\":\"pt-BR\",\"potentialAction\":[{\"@type\":\"ReadAction\",\"target\":[\"https:\/\/abifer.org.br\/32a-semana-de-tecnologia-metroferroviaria-debate-eficiencia-e-sustentabilidade-energetica\/\"]}]},{\"@type\":\"BreadcrumbList\",\"@id\":\"https:\/\/abifer.org.br\/32a-semana-de-tecnologia-metroferroviaria-debate-eficiencia-e-sustentabilidade-energetica\/#breadcrumb\",\"itemListElement\":[{\"@type\":\"ListItem\",\"position\":1,\"name\":\"In\u00edcio\",\"item\":\"https:\/\/abifer.org.br\/\"},{\"@type\":\"ListItem\",\"position\":2,\"name\":\"32\u00aa Semana de Tecnologia Metroferrovi\u00e1ria debate efici\u00eancia e sustentabilidade energ\u00e9tica\"}]},{\"@type\":\"Article\",\"@id\":\"https:\/\/abifer.org.br\/32a-semana-de-tecnologia-metroferroviaria-debate-eficiencia-e-sustentabilidade-energetica\/#article\",\"isPartOf\":{\"@id\":\"https:\/\/abifer.org.br\/32a-semana-de-tecnologia-metroferroviaria-debate-eficiencia-e-sustentabilidade-energetica\/#webpage\"},\"author\":{\"@id\":\"https:\/\/abifer.org.br\/#\/schema\/person\/7d71286f9a2112b9c77202d80fdf13ef\"},\"headline\":\"32\u00aa Semana de Tecnologia Metroferrovi\u00e1ria debate efici\u00eancia e sustentabilidade energ\u00e9tica\",\"datePublished\":\"2026-08-31T17:29:45+00:00\",\"dateModified\":\"2026-08-31T17:55:16+00:00\",\"mainEntityOfPage\":{\"@id\":\"https:\/\/abifer.org.br\/32a-semana-de-tecnologia-metroferroviaria-debate-eficiencia-e-sustentabilidade-energetica\/#webpage\"},\"wordCount\":735,\"publisher\":{\"@id\":\"https:\/\/abifer.org.br\/#organization\"},\"image\":{\"@id\":\"https:\/\/abifer.org.br\/32a-semana-de-tecnologia-metroferroviaria-debate-eficiencia-e-sustentabilidade-energetica\/#primaryimage\"},\"thumbnailUrl\":\"https:\/\/abifer.org.br\/wp-content\/uploads\/2026\/08\/post1_stmf_nm31082026.jpeg\",\"articleSection\":[\"Not\u00edcias do Mercado\"],\"inLanguage\":\"pt-BR\"},{\"@type\":\"Person\",\"@id\":\"https:\/\/abifer.org.br\/#\/schema\/person\/7d71286f9a2112b9c77202d80fdf13ef\",\"name\":\"Assessoria de Imprensa\",\"url\":\"https:\/\/abifer.org.br\/author\/assessoria-de-imprensa\/\"}]}<\/script>\n<!-- \/ Yoast SEO plugin. -->","yoast_head_json":{"title":"32\u00aa Semana de Tecnologia Metroferrovi\u00e1ria debate efici\u00eancia e sustentabilidade energ\u00e9tica","robots":{"index":"index","follow":"follow","max-snippet":"max-snippet:-1","max-image-preview":"max-image-preview:large","max-video-preview":"max-video-preview:-1"},"canonical":"https:\/\/abifer.org.br\/32a-semana-de-tecnologia-metroferroviaria-debate-eficiencia-e-sustentabilidade-energetica\/","og_locale":"pt_BR","og_type":"article","og_title":"32\u00aa Semana de Tecnologia Metroferrovi\u00e1ria debate efici\u00eancia e sustentabilidade energ\u00e9tica","og_description":"Evento promovido pela AEAMESP re\u00fane autoridades, gestores, executivos e especialistas do setor sobre trilhos; presidente da ABIFER, Vicente Abate, participa da mesa de abertura A Associa\u00e7\u00e3o dos Engenheiros e Arquitetos de Metr\u00f4 (AEAMESP) realiza, de 1\u00ba a 4 de setembro, a 32\u00aa Semana de Tecnologia Metroferrovi\u00e1ria, em S\u00e3o Paulo. Considerado um dos principais f\u00f3runs multidisciplinares [&hellip;]","og_url":"https:\/\/abifer.org.br\/32a-semana-de-tecnologia-metroferroviaria-debate-eficiencia-e-sustentabilidade-energetica\/","og_site_name":"ABIFER","article_publisher":"https:\/\/www.facebook.com\/abiferoficial\/","article_published_time":"2026-08-31T17:29:45+00:00","article_modified_time":"2026-08-31T17:55:16+00:00","og_image":[{"width":1600,"height":385,"url":"http:\/\/abifer.org.br\/wp-content\/uploads\/2026\/08\/post1_stmf_nm31082026.jpeg","type":"image\/jpeg"}],"twitter_card":"summary_large_image","twitter_creator":"@abiferoficial","twitter_site":"@abiferoficial","twitter_misc":{"Escrito por":"Assessoria de Imprensa","Est. tempo de leitura":"4 minutos"},"schema":{"@context":"https:\/\/schema.org","@graph":[{"@type":"Organization","@id":"https:\/\/abifer.org.br\/#organization","name":"ABIFER","url":"https:\/\/abifer.org.br\/","sameAs":["https:\/\/www.facebook.com\/abiferoficial\/","https:\/\/www.linkedin.com\/company\/abiferoficial\/","https:\/\/twitter.com\/abiferoficial"],"logo":{"@type":"ImageObject","@id":"https:\/\/abifer.org.br\/#logo","inLanguage":"pt-BR","url":"https:\/\/abifer.org.br\/wp-content\/uploads\/2018\/05\/ABF_001_LogoSlogan.jpg","contentUrl":"https:\/\/abifer.org.br\/wp-content\/uploads\/2018\/05\/ABF_001_LogoSlogan.jpg","width":1182,"height":486,"caption":"ABIFER"},"image":{"@id":"https:\/\/abifer.org.br\/#logo"}},{"@type":"WebSite","@id":"https:\/\/abifer.org.br\/#website","url":"https:\/\/abifer.org.br\/","name":"ABIFER","description":"Associa\u00e7\u00e3o Brasileira da Ind\u00fastria Ferrovi\u00e1ria","publisher":{"@id":"https:\/\/abifer.org.br\/#organization"},"potentialAction":[{"@type":"SearchAction","target":{"@type":"EntryPoint","urlTemplate":"https:\/\/abifer.org.br\/?s={search_term_string}"},"query-input":"required name=search_term_string"}],"inLanguage":"pt-BR"},{"@type":"ImageObject","@id":"https:\/\/abifer.org.br\/32a-semana-de-tecnologia-metroferroviaria-debate-eficiencia-e-sustentabilidade-energetica\/#primaryimage","inLanguage":"pt-BR","url":"https:\/\/abifer.org.br\/wp-content\/uploads\/2026\/08\/post1_stmf_nm31082026.jpeg","contentUrl":"https:\/\/abifer.org.br\/wp-content\/uploads\/2026\/08\/post1_stmf_nm31082026.jpeg","width":1600,"height":385},{"@type":"WebPage","@id":"https:\/\/abifer.org.br\/32a-semana-de-tecnologia-metroferroviaria-debate-eficiencia-e-sustentabilidade-energetica\/#webpage","url":"https:\/\/abifer.org.br\/32a-semana-de-tecnologia-metroferroviaria-debate-eficiencia-e-sustentabilidade-energetica\/","name":"32\u00aa Semana de Tecnologia Metroferrovi\u00e1ria debate efici\u00eancia e sustentabilidade energ\u00e9tica","isPartOf":{"@id":"https:\/\/abifer.org.br\/#website"},"primaryImageOfPage":{"@id":"https:\/\/abifer.org.br\/32a-semana-de-tecnologia-metroferroviaria-debate-eficiencia-e-sustentabilidade-energetica\/#primaryimage"},"datePublished":"2026-08-31T17:29:45+00:00","dateModified":"2026-08-31T17:55:16+00:00","breadcrumb":{"@id":"https:\/\/abifer.org.br\/32a-semana-de-tecnologia-metroferroviaria-debate-eficiencia-e-sustentabilidade-energetica\/#breadcrumb"},"inLanguage":"pt-BR","potentialAction":[{"@type":"ReadAction","target":["https:\/\/abifer.org.br\/32a-semana-de-tecnologia-metroferroviaria-debate-eficiencia-e-sustentabilidade-energetica\/"]}]},{"@type":"BreadcrumbList","@id":"https:\/\/abifer.org.br\/32a-semana-de-tecnologia-metroferroviaria-debate-eficiencia-e-sustentabilidade-energetica\/#breadcrumb","itemListElement":[{"@type":"ListItem","position":1,"name":"In\u00edcio","item":"https:\/\/abifer.org.br\/"},{"@type":"ListItem","position":2,"name":"32\u00aa Semana de Tecnologia Metroferrovi\u00e1ria debate efici\u00eancia e sustentabilidade energ\u00e9tica"}]},{"@type":"Article","@id":"https:\/\/abifer.org.br\/32a-semana-de-tecnologia-metroferroviaria-debate-eficiencia-e-sustentabilidade-energetica\/#article","isPartOf":{"@id":"https:\/\/abifer.org.br\/32a-semana-de-tecnologia-metroferroviaria-debate-eficiencia-e-sustentabilidade-energetica\/#webpage"},"author":{"@id":"https:\/\/abifer.org.br\/#\/schema\/person\/7d71286f9a2112b9c77202d80fdf13ef"},"headline":"32\u00aa Semana de Tecnologia Metroferrovi\u00e1ria debate efici\u00eancia e sustentabilidade energ\u00e9tica","datePublished":"2026-08-31T17:29:45+00:00","dateModified":"2026-08-31T17:55:16+00:00","mainEntityOfPage":{"@id":"https:\/\/abifer.org.br\/32a-semana-de-tecnologia-metroferroviaria-debate-eficiencia-e-sustentabilidade-energetica\/#webpage"},"wordCount":735,"publisher":{"@id":"https:\/\/abifer.org.br\/#organization"},"image":{"@id":"https:\/\/abifer.org.br\/32a-semana-de-tecnologia-metroferroviaria-debate-eficiencia-e-sustentabilidade-energetica\/#primaryimage"},"thumbnailUrl":"https:\/\/abifer.org.br\/wp-content\/uploads\/2026\/08\/post1_stmf_nm31082026.jpeg","articleSection":["Not\u00edcias do Mercado"],"inLanguage":"pt-BR"},{"@type":"Person","@id":"https:\/\/abifer.org.br\/#\/schema\/person\/7d71286f9a2112b9c77202d80fdf13ef","name":"Assessoria de Imprensa","url":"https:\/\/abifer.org.br\/author\/assessoria-de-imprensa\/"}]}},"_links":{"self":[{"href":"https:\/\/abifer.org.br\/en\/wp-json\/wp\/v2\/posts\/95792\/"}],"collection":[{"href":"https:\/\/abifer.org.br\/en\/wp-json\/wp\/v2\/posts\/"}],"about":[{"href":"https:\/\/abifer.org.br\/en\/wp-json\/wp\/v2\/types\/post\/"}],"author":[{"embeddable":true,"href":"https:\/\/abifer.org.br\/en\/wp-json\/wp\/v2\/users\/18091994\/"}],"replies":[{"embeddable":true,"href":"https:\/\/abifer.org.br\/en\/wp-json\/wp\/v2\/comments\/?post=95792"}],"version-history":[{"count":1,"href":"https:\/\/abifer.org.br\/en\/wp-json\/wp\/v2\/posts\/95792\/revisions\/"}],"predecessor-version":[{"id":95798,"href":"https:\/\/abifer.org.br\/en\/wp-json\/wp\/v2\/posts\/95792\/revisions\/95798\/"}],"wp:featuredmedia":[{"embeddable":true,"href":"https:\/\/abifer.org.br\/en\/wp-json\/wp\/v2\/media\/95804\/"}],"wp:attachment":[{"href":"https:\/\/abifer.org.br\/en\/wp-json\/wp\/v2\/media\/?parent=95792"}],"wp:term":[{"taxonomy":"category","embeddable":true,"href":"https:\/\/abifer.org.br\/en\/wp-json\/wp\/v2\/categories\/?post=95792"},{"taxonomy":"post_tag","embeddable":true,"href":"https:\/\/abifer.org.br\/en\/wp-json\/wp\/v2\/tags\/?post=95792"}],"curies":[{"name":"wp","href":"https:\/\/api.w.org\/{rel}","templated":true}]}}